{"id":6933,"date":"2022-12-06T12:45:36","date_gmt":"2022-12-06T17:45:36","guid":{"rendered":"https:\/\/www.elamazonico.com\/portal\/?p=6933"},"modified":"2022-12-06T12:45:41","modified_gmt":"2022-12-06T17:45:41","slug":"procesan-a-miembro-de-la-armada-por-trasladar-droga-en-vehiculo-del-estado-fue-descubierto-en-un-operativo","status":"publish","type":"post","link":"https:\/\/www.elamazonico.com\/portal\/procesan-a-miembro-de-la-armada-por-trasladar-droga-en-vehiculo-del-estado-fue-descubierto-en-un-operativo\/","title":{"rendered":"Procesan a miembro de la Armada por trasladar droga en veh\u00edculo del Estado: fue descubierto en un operativo"},"content":{"rendered":"\n<p>Esmeraldas.<\/p>\n\n\n\n<p>Sobre el operativo, el comandante subrogante de la Zona 8,&nbsp;<strong>Fabary Montalvo Calder\u00f3n<\/strong>, agreg\u00f3 que el procesado Jonathan Javier G. C. hac\u00eda mal uso del veh\u00edculo de estado y del uniforme de dotaci\u00f3n, el cual lo llevaba puesto para<strong>&nbsp;evadir los controles policiales&nbsp;<\/strong>durante los desplazamientos que realizaba entre diversas ciudades del pa\u00eds.<\/p>\n\n\n\n<p>Los detenidos fueron trasladados a la Unidad de Flagrancia Cuartel Modelo y puestos a \u00f3rdenes de las autoridades judiciales para la audiencia respectiva.<\/p>\n\n\n\n<p>Mientras que, la droga se encuentra ingresada en el centro de acopio de la Jefatura Antinarc\u00f3ticos y los automotores y m\u00e1s indicios ingresados en los patios de retenci\u00f3n vehicular de la Polic\u00eda Judicial.<\/p>\n\n\n\n<p><strong>Procesados por tr\u00e1fico de drogas<\/strong><\/p>\n\n\n\n<p>En la audiencia de flagrancia, desarrollada la tarde del domingo 4 de diciembre en la Unidad Judicial de Flagrancia Cuartel Modelo, la fiscal Fresia Guzm\u00e1n present\u00f3 como&nbsp;<strong>elementos de convicci\u00f3n<\/strong>: partes informativos y de detenci\u00f3n, la prueba de identificaci\u00f3n preliminar homologada y el acta de verificaci\u00f3n y pesaje de la droga incautada (dieciocho kilos de clorhidrato de coca\u00edna).<\/p>\n\n\n\n<p>A esto se sumaron otros indicios y evidencias, que fueron ingresados en cadena de custodia, en la Polic\u00eda Antinarc\u00f3ticos del Guayas.<\/p>\n\n\n\n<p>El juez de Garant\u00edas Penales, Ricardo Barrera, acogi\u00f3 en parte el pedido de Fiscal\u00eda y resolvi\u00f3 prisi\u00f3n preventiva para Steven Alexander V. B. y Jonathan Javier G. C., mientras que a Meibi Ta\u00edz D. C., le dict\u00f3 medidas como prohibici\u00f3n de ausentarse del pa\u00eds y presentaci\u00f3n dos veces al mes ante el Fiscal que llevar\u00e1 la causa.<\/p>\n\n\n\n<p>La instrucci\u00f3n fiscal durar\u00e1 treinta d\u00edas.<\/p>\n\n\n\n<p>Fiscal\u00eda proces\u00f3 a los detenidos, de acuerdo a lo que dispone el art\u00edculo 220, numeral 1, literal d (gran escala) \u2013por el delito de tr\u00e1fico il\u00edcito de sustancias catalogadas sujetas a fiscalizaci\u00f3n\u2013, del C\u00f3digo Org\u00e1nico Integral Penal (COIP), que se sanciona con pena privativa de libertad de diez a trece a\u00f1os. <strong>Fuente: Vistazo<\/strong><\/p>\n","protected":false},"excerpt":{"rendered":"<p>Esmeraldas. Sobre el operativo, el comandante subrogante de la Zona 8,&nbsp;Fabary Montalvo Calder\u00f3n, agreg\u00f3 que el procesado Jonathan Javier G. C. hac\u00eda mal uso del veh\u00edculo de estado y del uniforme de dotaci\u00f3n, el cual lo llevaba puesto para&nbsp;evadir los controles policiales&nbsp;durante los desplazamientos que realizaba entre diversas ciudades del pa\u00eds. Los detenidos fueron trasladados a la Unidad de Flagrancia Cuartel Modelo y puestos a \u00f3rdenes de las autoridades judiciales para la audiencia respectiva. Mientras que, la droga se encuentra ingresada en el centro de acopio de la Jefatura Antinarc\u00f3ticos y los automotores y m\u00e1s indicios ingresados en los patios de retenci\u00f3n vehicular de la Polic\u00eda Judicial. Procesados por tr\u00e1fico de drogas En la audiencia de flagrancia, desarrollada la tarde del domingo 4 de diciembre en la Unidad Judicial de Flagrancia Cuartel Modelo, la fiscal Fresia Guzm\u00e1n present\u00f3 como&nbsp;elementos de convicci\u00f3n: partes informativos y de detenci\u00f3n, la prueba de identificaci\u00f3n preliminar homologada y el acta de verificaci\u00f3n y pesaje de la droga incautada (dieciocho kilos de clorhidrato de coca\u00edna). A esto se sumaron otros indicios y evidencias, que fueron ingresados en cadena de custodia, en la Polic\u00eda Antinarc\u00f3ticos del Guayas. El juez de Garant\u00edas Penales, Ricardo Barrera, acogi\u00f3 en parte el pedido de Fiscal\u00eda y resolvi\u00f3 prisi\u00f3n preventiva para Steven Alexander V. B. y Jonathan Javier G. C., mientras que a Meibi Ta\u00edz D. C., le dict\u00f3 medidas como prohibici\u00f3n de ausentarse del pa\u00eds y presentaci\u00f3n dos veces al mes ante el Fiscal que llevar\u00e1 la causa. La instrucci\u00f3n fiscal durar\u00e1 treinta d\u00edas. Fiscal\u00eda proces\u00f3 a los detenidos, de acuerdo a lo que dispone el art\u00edculo 220, numeral 1, literal d (gran escala) \u2013por el delito de tr\u00e1fico il\u00edcito de sustancias catalogadas sujetas a fiscalizaci\u00f3n\u2013, del C\u00f3digo Org\u00e1nico Integral Penal (COIP), que se sanciona con pena privativa de libertad de diez a trece a\u00f1os. Fuente: Vistazo<\/p>\n","protected":false},"author":1,"featured_media":6934,"comment_status":"open","ping_status":"open","sticky":false,"template":"","format":"standard","meta":{"footnotes":""},"categories":[268],"tags":[],"class_list":["post-6933","post","type-post","status-publish","format-standard","has-post-thumbnail","hentry","category-nacionales"],"_links":{"self":[{"href":"https:\/\/www.elamazonico.com\/portal\/wp-json\/wp\/v2\/posts\/6933","targetHints":{"allow":["GET"]}}],"collection":[{"href":"https:\/\/www.elamazonico.com\/portal\/wp-json\/wp\/v2\/posts"}],"about":[{"href":"https:\/\/www.elamazonico.com\/portal\/wp-json\/wp\/v2\/types\/post"}],"author":[{"embeddable":true,"href":"https:\/\/www.elamazonico.com\/portal\/wp-json\/wp\/v2\/users\/1"}],"replies":[{"embeddable":true,"href":"https:\/\/www.elamazonico.com\/portal\/wp-json\/wp\/v2\/comments?post=6933"}],"version-history":[{"count":1,"href":"https:\/\/www.elamazonico.com\/portal\/wp-json\/wp\/v2\/posts\/6933\/revisions"}],"predecessor-version":[{"id":6935,"href":"https:\/\/www.elamazonico.com\/portal\/wp-json\/wp\/v2\/posts\/6933\/revisions\/6935"}],"wp:featuredmedia":[{"embeddable":true,"href":"https:\/\/www.elamazonico.com\/portal\/wp-json\/wp\/v2\/media\/6934"}],"wp:attachment":[{"href":"https:\/\/www.elamazonico.com\/portal\/wp-json\/wp\/v2\/media?parent=6933"}],"wp:term":[{"taxonomy":"category","embeddable":true,"href":"https:\/\/www.elamazonico.com\/portal\/wp-json\/wp\/v2\/categories?post=6933"},{"taxonomy":"post_tag","embeddable":true,"href":"https:\/\/www.elamazonico.com\/portal\/wp-json\/wp\/v2\/tags?post=6933"}],"curies":[{"name":"wp","href":"https:\/\/api.w.org\/{rel}","templated":true}]}}