{"id":6930,"date":"2022-12-06T12:42:15","date_gmt":"2022-12-06T17:42:15","guid":{"rendered":"https:\/\/www.elamazonico.com\/portal\/?p=6930"},"modified":"2022-12-06T12:42:17","modified_gmt":"2022-12-06T17:42:17","slug":"guayaquil-mantiene-incremento-de-casos-de-covid-en-la-semana-48","status":"publish","type":"post","link":"https:\/\/www.elamazonico.com\/portal\/guayaquil-mantiene-incremento-de-casos-de-covid-en-la-semana-48\/","title":{"rendered":"Guayaquil mantiene incremento de casos de covid en la semana 48"},"content":{"rendered":"\n<p>En la semana epidemiol\u00f3gica #48 del a\u00f1o 2022 mantiene el incremento sustancial en el n\u00famero de contagios de COVID-19 en Guayaquil, que se han venido dando desde la semana 46. Estos informes surgen de la Mesa T\u00e9cnica de Salud del Comit\u00e9 de Operaciones de Emergencia (COE) Cantonal de Guayaquil, la cual recibe semanalmente los datos de los hospitales del Ministerio de Salud P\u00fablica (MSP), Instituto Ecuatoriano de Seguridad Social (IESS) y las cl\u00ednicas privadas.<\/p>\n\n\n\n<p>Adem\u00e1s, se incorpora el trabajo en territorio de la Direcci\u00f3n de Salud del Municipio de Guayaquil que se encarga del rastreo de casos de COVID-19 en 18 sectores de la ciudad, labor personalizada que permite obtener datos reales del comportamiento del virus en la urbe.<\/p>\n\n\n\n<p>En la semana #45 se registraron 320 casos confirmados, mientras que en la semana #48 se cuentan 1.810 casos, es decir 1.490 casos m\u00e1s lo que representa un incremento de 465%, siendo los m\u00e1s afectados las personas adultas mayores, personas con enfermedades catastr\u00f3ficas y ni\u00f1os. Y en esta semana se mantiene el registro de una muerte por esta causa en una paciente adulta mayor con dos dosis de vacunas, pero sin los refuerzos.<\/p>\n\n\n\n<p>Por ello, Municipio de Guayaquil, mantiene su postura de solicita a la poblaci\u00f3n a mantener las normas de bioseguridad especialmente el uso de las mascarillas en espacios cerrados, as\u00ed como en lugares de gran aglomeraci\u00f3n de persona eso incluye transporte p\u00fablico, puestos de trabajo, reuniones sociales, conciertos y espect\u00e1culos, adem\u00e1s de completar el esquema de vacunaci\u00f3n.<\/p>\n\n\n\n<p><\/p>\n","protected":false},"excerpt":{"rendered":"<p>En la semana epidemiol\u00f3gica #48 del a\u00f1o 2022 mantiene el incremento sustancial en el n\u00famero de contagios de COVID-19 en Guayaquil, que se han venido dando desde la semana 46. Estos informes surgen de la Mesa T\u00e9cnica de Salud del Comit\u00e9 de Operaciones de Emergencia (COE) Cantonal de Guayaquil, la cual recibe semanalmente los datos de los hospitales del Ministerio de Salud P\u00fablica (MSP), Instituto Ecuatoriano de Seguridad Social (IESS) y las cl\u00ednicas privadas. Adem\u00e1s, se incorpora el trabajo en territorio de la Direcci\u00f3n de Salud del Municipio de Guayaquil que se encarga del rastreo de casos de COVID-19 en 18 sectores de la ciudad, labor personalizada que permite obtener datos reales del comportamiento del virus en la urbe. En la semana #45 se registraron 320 casos confirmados, mientras que en la semana #48 se cuentan 1.810 casos, es decir 1.490 casos m\u00e1s lo que representa un incremento de 465%, siendo los m\u00e1s afectados las personas adultas mayores, personas con enfermedades catastr\u00f3ficas y ni\u00f1os. Y en esta semana se mantiene el registro de una muerte por esta causa en una paciente adulta mayor con dos dosis de vacunas, pero sin los refuerzos. Por ello, Municipio de Guayaquil, mantiene su postura de solicita a la poblaci\u00f3n a mantener las normas de bioseguridad especialmente el uso de las mascarillas en espacios cerrados, as\u00ed como en lugares de gran aglomeraci\u00f3n de persona eso incluye transporte p\u00fablico, puestos de trabajo, reuniones sociales, conciertos y espect\u00e1culos, adem\u00e1s de completar el esquema de vacunaci\u00f3n.<\/p>\n","protected":false},"author":1,"featured_media":6931,"comment_status":"open","ping_status":"open","sticky":false,"template":"","format":"standard","meta":{"footnotes":""},"categories":[268],"tags":[],"class_list":["post-6930","post","type-post","status-publish","format-standard","has-post-thumbnail","hentry","category-nacionales"],"_links":{"self":[{"href":"https:\/\/www.elamazonico.com\/portal\/wp-json\/wp\/v2\/posts\/6930","targetHints":{"allow":["GET"]}}],"collection":[{"href":"https:\/\/www.elamazonico.com\/portal\/wp-json\/wp\/v2\/posts"}],"about":[{"href":"https:\/\/www.elamazonico.com\/portal\/wp-json\/wp\/v2\/types\/post"}],"author":[{"embeddable":true,"href":"https:\/\/www.elamazonico.com\/portal\/wp-json\/wp\/v2\/users\/1"}],"replies":[{"embeddable":true,"href":"https:\/\/www.elamazonico.com\/portal\/wp-json\/wp\/v2\/comments?post=6930"}],"version-history":[{"count":1,"href":"https:\/\/www.elamazonico.com\/portal\/wp-json\/wp\/v2\/posts\/6930\/revisions"}],"predecessor-version":[{"id":6932,"href":"https:\/\/www.elamazonico.com\/portal\/wp-json\/wp\/v2\/posts\/6930\/revisions\/6932"}],"wp:featuredmedia":[{"embeddable":true,"href":"https:\/\/www.elamazonico.com\/portal\/wp-json\/wp\/v2\/media\/6931"}],"wp:attachment":[{"href":"https:\/\/www.elamazonico.com\/portal\/wp-json\/wp\/v2\/media?parent=6930"}],"wp:term":[{"taxonomy":"category","embeddable":true,"href":"https:\/\/www.elamazonico.com\/portal\/wp-json\/wp\/v2\/categories?post=6930"},{"taxonomy":"post_tag","embeddable":true,"href":"https:\/\/www.elamazonico.com\/portal\/wp-json\/wp\/v2\/tags?post=6930"}],"curies":[{"name":"wp","href":"https:\/\/api.w.org\/{rel}","templated":true}]}}