{"id":6902,"date":"2022-12-01T16:13:24","date_gmt":"2022-12-01T21:13:24","guid":{"rendered":"https:\/\/www.elamazonico.com\/portal\/?p=6902"},"modified":"2022-12-01T16:13:32","modified_gmt":"2022-12-01T21:13:32","slug":"director-de-la-carcel-de-el-inca-fue-asesinado-en-quito","status":"publish","type":"post","link":"https:\/\/www.elamazonico.com\/portal\/director-de-la-carcel-de-el-inca-fue-asesinado-en-quito\/","title":{"rendered":"Director de la c\u00e1rcel de El Inca fue asesinado en Quito"},"content":{"rendered":"\n<p>Un nuevo hecho de violencia se registr\u00f3 en el norte de Quito, este 1 de diciembre del 2022. Seg\u00fan los primeros reportes de la Polic\u00eda, un hombre fue asesinado, bajo el estilo de sicariato.<\/p>\n\n\n\n<p>Todo ocurri\u00f3 a las 08:30, mientras la v\u00edctima conduc\u00eda un veh\u00edculo por la avenida Sim\u00f3n Bol\u00edvar, a la altura del sector de Gualo, 200 metros antes del ingreso a Llano Chico.<\/p>\n\n\n\n<p>La Direcci\u00f3n Nacional de Investigaci\u00f3n de Muertes Violentas de la Polic\u00eda (<strong>Dinased<\/strong>) confirm\u00f3 que la v\u00edctima de este ataque violento es&nbsp;<strong>Santiago Loza<\/strong>, director de la c\u00e1rcel de El Inca.<\/p>\n\n\n\n<p>El funcionario fue interceptado por&nbsp;<strong>sospechosos con casco<\/strong>, que se movilizaban en una motocicleta. La v\u00edctima recibi\u00f3 disparos de un arma de fuego y muri\u00f3 dentro del veh\u00edculo.<\/p>\n\n\n\n<p>Seg\u00fan las primeras investigaciones, el director de ese centro carcelario fue&nbsp;<strong>atacado mientras se dirig\u00eda a su trabajo<\/strong>.<\/p>\n\n\n\n<h2 class=\"wp-block-heading\" id=\"h-la-investigacion-policial\">La investigaci\u00f3n policial<\/h2>\n\n\n\n<p>Un\u00a0<strong>conductor<\/strong>\u00a0que estaba en ese sector\u00a0<strong>llam\u00f3 al ECU-911<\/strong>\u00a0y alert\u00f3 sobre lo ocurrido y la Polic\u00eda lleg\u00f3 al lugar del hecho.<\/p>\n\n\n\n<p>Seg\u00fan esa entidad, se&nbsp;<strong>desplegaron unidades investigativas<\/strong>&nbsp;y de Inteligencia, para determinar la causa de esta muerte violenta y dar con los responsables.<\/p>\n\n\n\n<p>Agentes de\u00a0<strong>investigaci\u00f3n<\/strong>\u00a0y personal de\u00a0<strong>Criminal\u00edstica<\/strong>\u00a0realizan el\u00a0<strong>levantamiento del cuerpo<\/strong>\u00a0y recaban evidencias para abrir una investigaci\u00f3n.<\/p>\n\n\n\n<p>\u201cAl llegar se aisl\u00f3 el lugar de los hechos y se realiz\u00f3 un barrido del sector a fin de verificar indicios en el lugar de los hechos\u201d, indic\u00f3 la Polic\u00eda. Adem\u00e1s, a\u00f1adi\u00f3 que \u201cse activaron todas las unidades policiales a fin de ubicar al posible causante del hecho violento\u201d.<\/p>\n\n\n\n<h2 class=\"wp-block-heading\">Reacci\u00f3n del SNAI<\/h2>\n\n\n\n<p>El Servicio Nacional de Atenci\u00f3n Integral a Privados de la Libertad (<strong>Snai<\/strong>) se pronunci\u00f3 sobre el asesinato del Director de la c\u00e1rcel de\u00a0<strong>El Inca<\/strong>, quien se desempe\u00f1aba en ese cargo desde el 9 de noviembre del 2022.<\/p>\n\n\n\n<p>\u201cSantiago Loza Moscoso, quien desempe\u00f1aba funciones como director del Centro de Privaci\u00f3n Provisional de Libertad (CPPL) Masculino Pichincha N\u00b01, \u00abEl Inca\u00bb, ha sido v\u00edctima de un mortal atentado\u201d, confirm\u00f3 la entidad.<\/p>\n\n\n\n<p>El SNAI tambi\u00e9n dijo que \u201crepudia ese cobarde hecho\u201d e hizo un \u201cllamado a las entidades encargadas de las investigaciones para determinar las causas y para encontrar a los responsables de este atentado que enluta al sistema penitenciario del Ecuador\u201d.<\/p>\n\n\n\n<h2 class=\"wp-block-heading\">Antecedentes<\/h2>\n\n\n\n<p>El asesinato del Director de la c\u00e1rcel de El Inca sucedi\u00f3 13 d\u00edas despu\u00e9s la \u00faltima&nbsp;<strong><a href=\"https:\/\/www.elcomercio.com\/actualidad\/seguridad\/inca-detenidos-muertes-carcel-traslado-cabecillas.html\">masacre carcelaria<\/a><\/strong>&nbsp;que ocurri\u00f3 precisamente en ese centro de privaci\u00f3n de la libertad. El pasado 18 de noviembre del 2022, 10 presos fueron asesinados.<\/p>\n\n\n\n<p>Esta matanza se dio a despu\u00e9s del\u00a0<a href=\"https:\/\/www.elcomercio.com\/actualidad\/seguridad\/traslado-cabecillas-la-roca.html\">traslado a La Roca<\/a>\u00a0de dos cabecillas de organizaciones narcodelictivas. Ellos fueron movidos desde la c\u00e1rcel de El Inca y desde el centro de rehabilitaci\u00f3n de Santo Domingo de los Ts\u00e1chilas a la c\u00e1rcel de La Roca, en Guayaquil. Esos traslados habr\u00edan provocado los incidentes de violencia. Fuente: <strong>El Comercio<\/strong><\/p>\n","protected":false},"excerpt":{"rendered":"<p>Un nuevo hecho de violencia se registr\u00f3 en el norte de Quito, este 1 de diciembre del 2022. Seg\u00fan los primeros reportes de la Polic\u00eda, un hombre fue asesinado, bajo el estilo de sicariato. Todo ocurri\u00f3 a las 08:30, mientras la v\u00edctima conduc\u00eda un veh\u00edculo por la avenida Sim\u00f3n Bol\u00edvar, a la altura del sector de Gualo, 200 metros antes del ingreso a Llano Chico. La Direcci\u00f3n Nacional de Investigaci\u00f3n de Muertes Violentas de la Polic\u00eda (Dinased) confirm\u00f3 que la v\u00edctima de este ataque violento es&nbsp;Santiago Loza, director de la c\u00e1rcel de El Inca. El funcionario fue interceptado por&nbsp;sospechosos con casco, que se movilizaban en una motocicleta. La v\u00edctima recibi\u00f3 disparos de un arma de fuego y muri\u00f3 dentro del veh\u00edculo. Seg\u00fan las primeras investigaciones, el director de ese centro carcelario fue&nbsp;atacado mientras se dirig\u00eda a su trabajo. La investigaci\u00f3n policial Un\u00a0conductor\u00a0que estaba en ese sector\u00a0llam\u00f3 al ECU-911\u00a0y alert\u00f3 sobre lo ocurrido y la Polic\u00eda lleg\u00f3 al lugar del hecho. Seg\u00fan esa entidad, se&nbsp;desplegaron unidades investigativas&nbsp;y de Inteligencia, para determinar la causa de esta muerte violenta y dar con los responsables. Agentes de\u00a0investigaci\u00f3n\u00a0y personal de\u00a0Criminal\u00edstica\u00a0realizan el\u00a0levantamiento del cuerpo\u00a0y recaban evidencias para abrir una investigaci\u00f3n. \u201cAl llegar se aisl\u00f3 el lugar de los hechos y se realiz\u00f3 un barrido del sector a fin de verificar indicios en el lugar de los hechos\u201d, indic\u00f3 la Polic\u00eda. Adem\u00e1s, a\u00f1adi\u00f3 que \u201cse activaron todas las unidades policiales a fin de ubicar al posible causante del hecho violento\u201d. Reacci\u00f3n del SNAI El Servicio Nacional de Atenci\u00f3n Integral a Privados de la Libertad (Snai) se pronunci\u00f3 sobre el asesinato del Director de la c\u00e1rcel de\u00a0El Inca, quien se desempe\u00f1aba en ese cargo desde el 9 de noviembre del 2022. \u201cSantiago Loza Moscoso, quien desempe\u00f1aba funciones como director del Centro de Privaci\u00f3n Provisional de Libertad (CPPL) Masculino Pichincha N\u00b01, \u00abEl Inca\u00bb, ha sido v\u00edctima de un mortal atentado\u201d, confirm\u00f3 la entidad. El SNAI tambi\u00e9n dijo que \u201crepudia ese cobarde hecho\u201d e hizo un \u201cllamado a las entidades encargadas de las investigaciones para determinar las causas y para encontrar a los responsables de este atentado que enluta al sistema penitenciario del Ecuador\u201d. Antecedentes El asesinato del Director de la c\u00e1rcel de El Inca sucedi\u00f3 13 d\u00edas despu\u00e9s la \u00faltima&nbsp;masacre carcelaria&nbsp;que ocurri\u00f3 precisamente en ese centro de privaci\u00f3n de la libertad. El pasado 18 de noviembre del 2022, 10 presos fueron asesinados. Esta matanza se dio a despu\u00e9s del\u00a0traslado a La Roca\u00a0de dos cabecillas de organizaciones narcodelictivas. Ellos fueron movidos desde la c\u00e1rcel de El Inca y desde el centro de rehabilitaci\u00f3n de Santo Domingo de los Ts\u00e1chilas a la c\u00e1rcel de La Roca, en Guayaquil. Esos traslados habr\u00edan provocado los incidentes de violencia. Fuente: El Comercio<\/p>\n","protected":false},"author":1,"featured_media":6903,"comment_status":"open","ping_status":"open","sticky":false,"template":"","format":"standard","meta":{"footnotes":""},"categories":[268],"tags":[],"class_list":["post-6902","post","type-post","status-publish","format-standard","has-post-thumbnail","hentry","category-nacionales"],"_links":{"self":[{"href":"https:\/\/www.elamazonico.com\/portal\/wp-json\/wp\/v2\/posts\/6902","targetHints":{"allow":["GET"]}}],"collection":[{"href":"https:\/\/www.elamazonico.com\/portal\/wp-json\/wp\/v2\/posts"}],"about":[{"href":"https:\/\/www.elamazonico.com\/portal\/wp-json\/wp\/v2\/types\/post"}],"author":[{"embeddable":true,"href":"https:\/\/www.elamazonico.com\/portal\/wp-json\/wp\/v2\/users\/1"}],"replies":[{"embeddable":true,"href":"https:\/\/www.elamazonico.com\/portal\/wp-json\/wp\/v2\/comments?post=6902"}],"version-history":[{"count":1,"href":"https:\/\/www.elamazonico.com\/portal\/wp-json\/wp\/v2\/posts\/6902\/revisions"}],"predecessor-version":[{"id":6904,"href":"https:\/\/www.elamazonico.com\/portal\/wp-json\/wp\/v2\/posts\/6902\/revisions\/6904"}],"wp:featuredmedia":[{"embeddable":true,"href":"https:\/\/www.elamazonico.com\/portal\/wp-json\/wp\/v2\/media\/6903"}],"wp:attachment":[{"href":"https:\/\/www.elamazonico.com\/portal\/wp-json\/wp\/v2\/media?parent=6902"}],"wp:term":[{"taxonomy":"category","embeddable":true,"href":"https:\/\/www.elamazonico.com\/portal\/wp-json\/wp\/v2\/categories?post=6902"},{"taxonomy":"post_tag","embeddable":true,"href":"https:\/\/www.elamazonico.com\/portal\/wp-json\/wp\/v2\/tags?post=6902"}],"curies":[{"name":"wp","href":"https:\/\/api.w.org\/{rel}","templated":true}]}}