{"id":6839,"date":"2022-11-25T10:30:03","date_gmt":"2022-11-25T15:30:03","guid":{"rendered":"https:\/\/www.elamazonico.com\/portal\/?p=6839"},"modified":"2022-11-25T10:30:30","modified_gmt":"2022-11-25T15:30:30","slug":"partido-entre-la-tri-y-paises-bajos-podra-disfrutarse-en-pantalla-gigante-de-la-utpl","status":"publish","type":"post","link":"https:\/\/www.elamazonico.com\/portal\/partido-entre-la-tri-y-paises-bajos-podra-disfrutarse-en-pantalla-gigante-de-la-utpl\/","title":{"rendered":"<strong>Partido entre \u2018La Tri\u2019 y Pa\u00edses Bajos podr\u00e1 disfrutarse en pantalla gigante de la UTPL<\/strong>"},"content":{"rendered":"\n<p><em>A trav\u00e9s de esta iniciativa, la universidad impulsa espacios de integraci\u00f3n y sano esparcimiento.<\/em><\/p>\n\n\n\n<p>Este viernes 25 de noviembre de 2022, la selecci\u00f3n ecuatoriana de f\u00fatbol se medir\u00e1 ante la plantilla de Pa\u00edses Bajos, por la segunda fecha del grupo A del Mundial Qatar 2022. El cotejo tendr\u00e1 como sede el estadio Internacional Jalifa\u200b de Doha, a partir de las 11:00 (hora de Ecuador).<\/p>\n\n\n\n<p>La inauguraci\u00f3n de la Copa Mundial de F\u00fatbol de la FIFA Catar 2022 se llev\u00f3 a cabo el pasado 20 de noviembre, donde la tricolor tuvo la oportunidad de <strong>jugar el partido inaugural y derrotar, por primera vez en la historia, al cuadro anfitri\u00f3n, con un marcador 2 &#8211; 0.<\/strong><\/p>\n\n\n\n<p>No cabe duda de que el f\u00fatbol genera diferentes emociones tanto en los propios jugadores como en los aficionados, quienes esperan ansiosos gritar un gol y ver a sus equipos ganar. La euforia que se origina es intensa, profunda y siente por igual en gran parte del planeta, por lo que, cada vez que disputa un encuentro, es inevitable no sentir alegr\u00eda.<\/p>\n\n\n\n<p>Disfrutar de un Mundial es un placer que llega cada cuatro a\u00f1os y que produce grandes expectativas; por ello, es importante alentar a la selecci\u00f3n desde diferentes espacios, bajo normas de respeto e igualdad. Es as\u00ed que, con la finalidad de que la <strong>ciudadan\u00eda lojana viva la pasi\u00f3n del f\u00fatbol,<\/strong> la Universidad T\u00e9cnica Particular de Loja (UTPL) coloc\u00f3 una <strong>pantalla gigante en su circuito cultural, ubicado en la calle Rocafuerte, entre 24 de Mayo y Juan Jos\u00e9 Pe\u00f1a.<\/strong><\/p>\n\n\n\n<p>A trav\u00e9s de esta pantalla se proyectan, desde el pasado 20 de noviembre, varios de los <strong>partidos del Mundial Qatar 2022, y algunos documentales trabajados en la academia<\/strong>. Para este 25 de noviembre, la hinchada lojana est\u00e1 invitada a disfrutar<strong> del encuentro entre \u2018La Tri\u00b4\u2019 y la selecci\u00f3n de Pa\u00edses Bajos, a partir de las 11:00.<\/strong><\/p>\n\n\n\n<p>La pantalla gigante estar\u00e1 habilitada hasta el domingo 27 de noviembre, d\u00eda en el que concluye la s\u00e9ptima edici\u00f3n del Festival Internacional de Artes Vivas Loja (FIAVL).<\/p>\n\n\n\n<p><strong>Pron\u00f3stico<\/strong><\/p>\n\n\n\n<p>El cuadro de Gustavo Alfaro llega a este partido tras vencer por 2 &#8211; 0 a Qatar, con goles del esmeralde\u00f1o Enner Valencia. Por su parte, Pa\u00edses Bajos, entrenado por el neerland\u00e9s Louis van Gaal, se midi\u00f3 el lunes 21 de noviembre ante Senegal, y logr\u00f3 la victoria con un 2 \u2013 0, con goles de Cody Gakpo y Davy Klaassen.<\/p>\n\n\n\n<p>Para el lojano Marlon Granda, aficionado de la selecci\u00f3n, este ser\u00e1 un partido \u201ccomplicado\u201d, sin embargo, conf\u00eda en el potencial y t\u00e9cnica de la plantilla ecuatoriana. Su pron\u00f3stico es (1) para Pa\u00edses Bajos y (2) a favor de Ecuador. Con este mismo optimismo, Mar\u00eda Alejandra Ben\u00edtez y Maribel C\u00f3rdova le dan el triunfo a la tricolor con un marcador 1 \u2013 0; mientras que, Juan Pablo Cueva, cree que el juego terminar\u00e1 con un empate, por lo que considera que el encuentro con Senegal, el pr\u00f3ximo martes 29 de noviembre, ser\u00e1 decisivo.<\/p>\n\n\n\n<p><strong>Dato<\/strong><\/p>\n\n\n\n<p>A nivel interno, la universidad transmitir\u00e1 los partidos de la selecci\u00f3n en otra pantalla gigante ubicada en las canchas cubiertas del Campus UTPL. De esta manera, tanto estudiantes como colaboradores podr\u00e1n disfrutar del Mundial.<\/p>\n","protected":false},"excerpt":{"rendered":"<p>A trav\u00e9s de esta iniciativa, la universidad impulsa espacios de integraci\u00f3n y sano esparcimiento. Este viernes 25 de noviembre de 2022, la selecci\u00f3n ecuatoriana de f\u00fatbol se medir\u00e1 ante la plantilla de Pa\u00edses Bajos, por la segunda fecha del grupo A del Mundial Qatar 2022. El cotejo tendr\u00e1 como sede el estadio Internacional Jalifa\u200b de Doha, a partir de las 11:00 (hora de Ecuador). La inauguraci\u00f3n de la Copa Mundial de F\u00fatbol de la FIFA Catar 2022 se llev\u00f3 a cabo el pasado 20 de noviembre, donde la tricolor tuvo la oportunidad de jugar el partido inaugural y derrotar, por primera vez en la historia, al cuadro anfitri\u00f3n, con un marcador 2 &#8211; 0. No cabe duda de que el f\u00fatbol genera diferentes emociones tanto en los propios jugadores como en los aficionados, quienes esperan ansiosos gritar un gol y ver a sus equipos ganar. La euforia que se origina es intensa, profunda y siente por igual en gran parte del planeta, por lo que, cada vez que disputa un encuentro, es inevitable no sentir alegr\u00eda. Disfrutar de un Mundial es un placer que llega cada cuatro a\u00f1os y que produce grandes expectativas; por ello, es importante alentar a la selecci\u00f3n desde diferentes espacios, bajo normas de respeto e igualdad. Es as\u00ed que, con la finalidad de que la ciudadan\u00eda lojana viva la pasi\u00f3n del f\u00fatbol, la Universidad T\u00e9cnica Particular de Loja (UTPL) coloc\u00f3 una pantalla gigante en su circuito cultural, ubicado en la calle Rocafuerte, entre 24 de Mayo y Juan Jos\u00e9 Pe\u00f1a. A trav\u00e9s de esta pantalla se proyectan, desde el pasado 20 de noviembre, varios de los partidos del Mundial Qatar 2022, y algunos documentales trabajados en la academia. Para este 25 de noviembre, la hinchada lojana est\u00e1 invitada a disfrutar del encuentro entre \u2018La Tri\u00b4\u2019 y la selecci\u00f3n de Pa\u00edses Bajos, a partir de las 11:00. La pantalla gigante estar\u00e1 habilitada hasta el domingo 27 de noviembre, d\u00eda en el que concluye la s\u00e9ptima edici\u00f3n del Festival Internacional de Artes Vivas Loja (FIAVL). Pron\u00f3stico El cuadro de Gustavo Alfaro llega a este partido tras vencer por 2 &#8211; 0 a Qatar, con goles del esmeralde\u00f1o Enner Valencia. Por su parte, Pa\u00edses Bajos, entrenado por el neerland\u00e9s Louis van Gaal, se midi\u00f3 el lunes 21 de noviembre ante Senegal, y logr\u00f3 la victoria con un 2 \u2013 0, con goles de Cody Gakpo y Davy Klaassen. Para el lojano Marlon Granda, aficionado de la selecci\u00f3n, este ser\u00e1 un partido \u201ccomplicado\u201d, sin embargo, conf\u00eda en el potencial y t\u00e9cnica de la plantilla ecuatoriana. Su pron\u00f3stico es (1) para Pa\u00edses Bajos y (2) a favor de Ecuador. Con este mismo optimismo, Mar\u00eda Alejandra Ben\u00edtez y Maribel C\u00f3rdova le dan el triunfo a la tricolor con un marcador 1 \u2013 0; mientras que, Juan Pablo Cueva, cree que el juego terminar\u00e1 con un empate, por lo que considera que el encuentro con Senegal, el pr\u00f3ximo martes 29 de noviembre, ser\u00e1 decisivo. Dato A nivel interno, la universidad transmitir\u00e1 los partidos de la selecci\u00f3n en otra pantalla gigante ubicada en las canchas cubiertas del Campus UTPL. De esta manera, tanto estudiantes como colaboradores podr\u00e1n disfrutar del Mundial.<\/p>\n","protected":false},"author":1,"featured_media":6840,"comment_status":"open","ping_status":"open","sticky":false,"template":"","format":"standard","meta":{"footnotes":""},"categories":[243],"tags":[],"class_list":["post-6839","post","type-post","status-publish","format-standard","has-post-thumbnail","hentry","category-noticias-zamora"],"_links":{"self":[{"href":"https:\/\/www.elamazonico.com\/portal\/wp-json\/wp\/v2\/posts\/6839","targetHints":{"allow":["GET"]}}],"collection":[{"href":"https:\/\/www.elamazonico.com\/portal\/wp-json\/wp\/v2\/posts"}],"about":[{"href":"https:\/\/www.elamazonico.com\/portal\/wp-json\/wp\/v2\/types\/post"}],"author":[{"embeddable":true,"href":"https:\/\/www.elamazonico.com\/portal\/wp-json\/wp\/v2\/users\/1"}],"replies":[{"embeddable":true,"href":"https:\/\/www.elamazonico.com\/portal\/wp-json\/wp\/v2\/comments?post=6839"}],"version-history":[{"count":1,"href":"https:\/\/www.elamazonico.com\/portal\/wp-json\/wp\/v2\/posts\/6839\/revisions"}],"predecessor-version":[{"id":6841,"href":"https:\/\/www.elamazonico.com\/portal\/wp-json\/wp\/v2\/posts\/6839\/revisions\/6841"}],"wp:featuredmedia":[{"embeddable":true,"href":"https:\/\/www.elamazonico.com\/portal\/wp-json\/wp\/v2\/media\/6840"}],"wp:attachment":[{"href":"https:\/\/www.elamazonico.com\/portal\/wp-json\/wp\/v2\/media?parent=6839"}],"wp:term":[{"taxonomy":"category","embeddable":true,"href":"https:\/\/www.elamazonico.com\/portal\/wp-json\/wp\/v2\/categories?post=6839"},{"taxonomy":"post_tag","embeddable":true,"href":"https:\/\/www.elamazonico.com\/portal\/wp-json\/wp\/v2\/tags?post=6839"}],"curies":[{"name":"wp","href":"https:\/\/api.w.org\/{rel}","templated":true}]}}