{"id":6819,"date":"2022-11-24T15:33:19","date_gmt":"2022-11-24T20:33:19","guid":{"rendered":"https:\/\/www.elamazonico.com\/portal\/?p=6819"},"modified":"2022-11-24T15:33:28","modified_gmt":"2022-11-24T20:33:28","slug":"obras-y-proyectos-por-los-55-anos-de-emancipacion-y-vida-politica-de-la-parroquia-guadalupe","status":"publish","type":"post","link":"https:\/\/www.elamazonico.com\/portal\/obras-y-proyectos-por-los-55-anos-de-emancipacion-y-vida-politica-de-la-parroquia-guadalupe\/","title":{"rendered":"<strong>Obras y proyectos por los 55 a\u00f1os de emancipaci\u00f3n y vida pol\u00edtica de la parroquia Guadalupe<\/strong>"},"content":{"rendered":"\n<p>Guadalupe es una de las parroquias rurales del cant\u00f3n Zamora, provincia de Zamora Chinchipe, creada mediante Ordenanza Municipal en abril de 1967, pero publicada en el Registro Oficial N\u00ba 262, el 28 de noviembre de ese mismo a\u00f1o. Considerada la \u201cparroquia multi\u00e9tnica, tur\u00edstica y productiva\u201d; sus habitantes tienen or\u00edgenes de distintas partes del pa\u00eds como los azuayos y lojanos; mientras que la etnia shuar, sigue perdurando, respetando y practicando su cultura ancestral.<\/p>\n\n\n\n<p>El pr\u00f3ximo 28 de noviembre cumple 55 a\u00f1os de parroquializaci\u00f3n, y sus autoridades lo est\u00e1n celebrando con distintas actividades planificadas desde el 18 hasta el 28 de noviembre del presente a\u00f1o. Patricio Montero, presidente del gad parroquial de Guadalupe, invita a propios y extra\u00f1os a seguir participando dentro de las actividades que se est\u00e1n efectuando.<\/p>\n\n\n\n<p>El pasado 19 de noviembre, se eligi\u00f3 a las nuevas soberanas con la tem\u00e1tica del rescate de la belleza de la mujer guadalupana. Las representantes de las etnias shuar, saraguro e hispana, demostraron la cultura ancestral de las tres comunidades que habitan y trabajan por el desarrollo y futuro de Guadalupe. \u201cEl d\u00eda de hoy estamos celebrando ya los 55 a\u00f1os de parroquializaci\u00f3n\u201d, agreg\u00f3 Montero<\/p>\n\n\n\n<p>El pr\u00f3ximo viernes 25 de noviembre, se realizar\u00e1 la feria agropecuaria donde los productores, ganaderos, artesanos y emprendedores mostrar\u00e1n sus productos para conocimiento del p\u00fablico y los visitantes.<\/p>\n\n\n\n<p>En un convenio con AGROPZACHIN, empresa adscrita al gobierno provincial, hacen un justo reconocimiento a los ganaderos que tengan los mejores ejemplares, as\u00ed como tambi\u00e9n a los agricultores y emprendedores que est\u00e9n presentes en este evento.<\/p>\n\n\n\n<p>Tambi\u00e9n contar\u00e1n con la presencia de varios artistas locales y nacionales como lo es el grupo Jayac y Alz\u00e1te de \u2018Yo me llamo\u2019, durante el desarrollo de la feria. Mientras que el d\u00eda s\u00e1bado 26, se llevar\u00e1 a cabo la parte deportiva; en este d\u00eda estar\u00e1n presentes artistas locales.<\/p>\n\n\n\n<p>El pr\u00f3ximo lunes 28 de noviembre, se estar\u00e1n cerrando festividades con el desfile c\u00edvico de las instituciones educativas, p\u00fablicas y privadas, asimismo con el acompa\u00f1amiento de autoridades cantonales y provinciales.<\/p>\n\n\n\n<p><strong>Obras ejecutadas por el gobierno aut\u00f3nomo parroquial.<\/strong><\/p>\n\n\n\n<p>Entre las obras realizadas y gestionadas, se destaca la construcci\u00f3n de 5 puentes en convenio con el gad provincial, en algunos casos. Se han realizado varios estudios de alcantarillado en el centro de Guadalupe, sistemas de agua potable, apertura de v\u00edas, estudios de nivel de asfalto desde La Saquea-Guaguayme-Kantzama, proyectos de electrificaci\u00f3n, esto en coordinaci\u00f3n con la Empresa Regional del Sur S.A y con los gad cantonal y provincial.&nbsp;<\/p>\n\n\n\n<p>En el proyecto social est\u00e1n trabajando con una escuela de gimnasia, que cuenta actualmente con 28 adolescentes inscritos en el taller que se est\u00e1 ejecutando durante 1 a\u00f1o. Tambi\u00e9n se ha venido ejecutando un taller de canto, donde sus estudiantes deleitaran al p\u00fablico con su talento, justamente en estas festividades.<\/p>\n\n\n\n<p>Cabe recalcar que, Montero tambi\u00e9n cumple con su funci\u00f3n en calidad de presidente del Consejo Nacional de Gobiernos Parroquiales Rurales del Ecuador (CONAGOPARE) de Zamora Chinchipe, donde ha adquirido la responsabilidad que tiene como misi\u00f3n principal, luchar por las leyes en beneficio de los gobiernos aut\u00f3nomos parroquiales de la provincia. Adem\u00e1s, realizan gestiones para el equipamiento con personal t\u00e9cnico en apoyo a los agricultores y emprendedores de la parte rural, mediante la constante capacitaci\u00f3n para desarrollar t\u00e9cnicamente sus actividades.<\/p>\n\n\n\n<p>Siempre se encuentran atentos ante las reformas que se ejecutan en lo concerniente a leyes y gesti\u00f3n a trav\u00e9s del Ministerio de Finanzas y la Secretar\u00eda T\u00e9cnica de la Amazon\u00eda. Se encuentra trabajando por las 29 parroquias de Zamora Chinchipe. (I) LM<\/p>\n","protected":false},"excerpt":{"rendered":"<p>Guadalupe es una de las parroquias rurales del cant\u00f3n Zamora, provincia de Zamora Chinchipe, creada mediante Ordenanza Municipal en abril de 1967, pero publicada en el Registro Oficial N\u00ba 262, el 28 de noviembre de ese mismo a\u00f1o. Considerada la \u201cparroquia multi\u00e9tnica, tur\u00edstica y productiva\u201d; sus habitantes tienen or\u00edgenes de distintas partes del pa\u00eds como los azuayos y lojanos; mientras que la etnia shuar, sigue perdurando, respetando y practicando su cultura ancestral. El pr\u00f3ximo 28 de noviembre cumple 55 a\u00f1os de parroquializaci\u00f3n, y sus autoridades lo est\u00e1n celebrando con distintas actividades planificadas desde el 18 hasta el 28 de noviembre del presente a\u00f1o. Patricio Montero, presidente del gad parroquial de Guadalupe, invita a propios y extra\u00f1os a seguir participando dentro de las actividades que se est\u00e1n efectuando. El pasado 19 de noviembre, se eligi\u00f3 a las nuevas soberanas con la tem\u00e1tica del rescate de la belleza de la mujer guadalupana. Las representantes de las etnias shuar, saraguro e hispana, demostraron la cultura ancestral de las tres comunidades que habitan y trabajan por el desarrollo y futuro de Guadalupe. \u201cEl d\u00eda de hoy estamos celebrando ya los 55 a\u00f1os de parroquializaci\u00f3n\u201d, agreg\u00f3 Montero El pr\u00f3ximo viernes 25 de noviembre, se realizar\u00e1 la feria agropecuaria donde los productores, ganaderos, artesanos y emprendedores mostrar\u00e1n sus productos para conocimiento del p\u00fablico y los visitantes. En un convenio con AGROPZACHIN, empresa adscrita al gobierno provincial, hacen un justo reconocimiento a los ganaderos que tengan los mejores ejemplares, as\u00ed como tambi\u00e9n a los agricultores y emprendedores que est\u00e9n presentes en este evento. Tambi\u00e9n contar\u00e1n con la presencia de varios artistas locales y nacionales como lo es el grupo Jayac y Alz\u00e1te de \u2018Yo me llamo\u2019, durante el desarrollo de la feria. Mientras que el d\u00eda s\u00e1bado 26, se llevar\u00e1 a cabo la parte deportiva; en este d\u00eda estar\u00e1n presentes artistas locales. El pr\u00f3ximo lunes 28 de noviembre, se estar\u00e1n cerrando festividades con el desfile c\u00edvico de las instituciones educativas, p\u00fablicas y privadas, asimismo con el acompa\u00f1amiento de autoridades cantonales y provinciales. Obras ejecutadas por el gobierno aut\u00f3nomo parroquial. Entre las obras realizadas y gestionadas, se destaca la construcci\u00f3n de 5 puentes en convenio con el gad provincial, en algunos casos. Se han realizado varios estudios de alcantarillado en el centro de Guadalupe, sistemas de agua potable, apertura de v\u00edas, estudios de nivel de asfalto desde La Saquea-Guaguayme-Kantzama, proyectos de electrificaci\u00f3n, esto en coordinaci\u00f3n con la Empresa Regional del Sur S.A y con los gad cantonal y provincial.&nbsp; En el proyecto social est\u00e1n trabajando con una escuela de gimnasia, que cuenta actualmente con 28 adolescentes inscritos en el taller que se est\u00e1 ejecutando durante 1 a\u00f1o. Tambi\u00e9n se ha venido ejecutando un taller de canto, donde sus estudiantes deleitaran al p\u00fablico con su talento, justamente en estas festividades. Cabe recalcar que, Montero tambi\u00e9n cumple con su funci\u00f3n en calidad de presidente del Consejo Nacional de Gobiernos Parroquiales Rurales del Ecuador (CONAGOPARE) de Zamora Chinchipe, donde ha adquirido la responsabilidad que tiene como misi\u00f3n principal, luchar por las leyes en beneficio de los gobiernos aut\u00f3nomos parroquiales de la provincia. Adem\u00e1s, realizan gestiones para el equipamiento con personal t\u00e9cnico en apoyo a los agricultores y emprendedores de la parte rural, mediante la constante capacitaci\u00f3n para desarrollar t\u00e9cnicamente sus actividades. Siempre se encuentran atentos ante las reformas que se ejecutan en lo concerniente a leyes y gesti\u00f3n a trav\u00e9s del Ministerio de Finanzas y la Secretar\u00eda T\u00e9cnica de la Amazon\u00eda. Se encuentra trabajando por las 29 parroquias de Zamora Chinchipe. (I) LM<\/p>\n","protected":false},"author":1,"featured_media":6820,"comment_status":"open","ping_status":"open","sticky":false,"template":"","format":"standard","meta":{"footnotes":""},"categories":[243],"tags":[],"class_list":["post-6819","post","type-post","status-publish","format-standard","has-post-thumbnail","hentry","category-noticias-zamora"],"_links":{"self":[{"href":"https:\/\/www.elamazonico.com\/portal\/wp-json\/wp\/v2\/posts\/6819","targetHints":{"allow":["GET"]}}],"collection":[{"href":"https:\/\/www.elamazonico.com\/portal\/wp-json\/wp\/v2\/posts"}],"about":[{"href":"https:\/\/www.elamazonico.com\/portal\/wp-json\/wp\/v2\/types\/post"}],"author":[{"embeddable":true,"href":"https:\/\/www.elamazonico.com\/portal\/wp-json\/wp\/v2\/users\/1"}],"replies":[{"embeddable":true,"href":"https:\/\/www.elamazonico.com\/portal\/wp-json\/wp\/v2\/comments?post=6819"}],"version-history":[{"count":1,"href":"https:\/\/www.elamazonico.com\/portal\/wp-json\/wp\/v2\/posts\/6819\/revisions"}],"predecessor-version":[{"id":6821,"href":"https:\/\/www.elamazonico.com\/portal\/wp-json\/wp\/v2\/posts\/6819\/revisions\/6821"}],"wp:featuredmedia":[{"embeddable":true,"href":"https:\/\/www.elamazonico.com\/portal\/wp-json\/wp\/v2\/media\/6820"}],"wp:attachment":[{"href":"https:\/\/www.elamazonico.com\/portal\/wp-json\/wp\/v2\/media?parent=6819"}],"wp:term":[{"taxonomy":"category","embeddable":true,"href":"https:\/\/www.elamazonico.com\/portal\/wp-json\/wp\/v2\/categories?post=6819"},{"taxonomy":"post_tag","embeddable":true,"href":"https:\/\/www.elamazonico.com\/portal\/wp-json\/wp\/v2\/tags?post=6819"}],"curies":[{"name":"wp","href":"https:\/\/api.w.org\/{rel}","templated":true}]}}