{"id":6721,"date":"2022-11-16T06:02:12","date_gmt":"2022-11-16T11:02:12","guid":{"rendered":"https:\/\/www.elamazonico.com\/portal\/?p=6721"},"modified":"2022-11-16T06:02:17","modified_gmt":"2022-11-16T11:02:17","slug":"yanzatza-celebrara-el-festival-de-artes-vivas-por-la-gestion-de-la-casa-de-la-cultura-ecuatoriana","status":"publish","type":"post","link":"https:\/\/www.elamazonico.com\/portal\/yanzatza-celebrara-el-festival-de-artes-vivas-por-la-gestion-de-la-casa-de-la-cultura-ecuatoriana\/","title":{"rendered":"<strong>Yanzatza celebrar\u00e1 el festival de artes vivas por la gesti\u00f3n de la casa de la<\/strong> <strong>cultura ecuatoriana<\/strong>"},"content":{"rendered":"\n<p>En el \u00e1mbito del arte y cultura, la provincia de Zamora Chinchipe ser\u00e1 testigo del Festival de Artes Vivas a celebrarse en el cant\u00f3n Yanzatza, el pr\u00f3ximo s\u00e1bado 19 de noviembre. El evento contar\u00e1 con caracter\u00edsticas que resaltan el talento plasmado en cada una de las ramas culturales como: canto, danza, pintura, escritura, artesan\u00eda, artes musicales, bodypaint, etc.<\/p>\n\n\n\n<p>Jhamilton Mart\u00ednez es el actual presidente de la Casa de la Cultura Ecuatoriana \u201cBenjam\u00edn Carri\u00f3n\u201d, N\u00facleo de Zamora Chinchipe e invita a la ciudadan\u00eda a congregarse en el \u201cvalle de las luci\u00e9rnagas\u201d y presenciar este evento que resalta la cultura de los zamoranos chinchipenses. La organizaci\u00f3n de este evento est\u00e1 a cargo de V\u00edctor Herrera, director de la instituci\u00f3n en Yanzatza, quien hizo posible la realizaci\u00f3n de este proyecto.<\/p>\n\n\n\n<p>Las agrupaciones que se presentar\u00e1n son:&nbsp; desde el Per\u00fa y dos desde la ciudad de Loja. Uno de los grupos lojanos, es Amaru, quien gan\u00f3 un concurso denominado \u201ccamino a Loja\u201d, un triunfo obtenido por Harman Jumbo, quien es oriundo de Zamora Chinchipe; quienes debutaran en su g\u00e9nero de ballet internacional. Este evento se considera una previa frente a la sexta edici\u00f3n del Festival Internacional de Artes Vivas Loja.<\/p>\n\n\n\n<p>De la misma se presentar\u00e1n artistas representando a la provincia de Zamora Chinchipe, entre ellos, Jorge Aguilar. Las instalaciones del coliseo cubierto de deportes de Yanzatza estar\u00e1 predispuesto para recibir a los visitantes.<\/p>\n\n\n\n<p>El directorio de la Casa de la Cultura N\u00facleo de Zamora Chinchipe ha cre\u00eddo conveniente que se debe iniciar con la descentralizaci\u00f3n de la instituci\u00f3n y que los eventos no solo deben desarrollarse en la cabecera cantonal; en vista que su jurisdicci\u00f3n abarca los 9 cantones. De la misma manera, invita a los directores de cada cant\u00f3n a presentar sus propuestas y proyectos.<\/p>\n\n\n\n<p>Dentro de las actividades que realiza la CCE, Mart\u00ednez comenta que desde el 09 hasta el 12 de noviembre se ejecut\u00f3 el taller danzario, dictado por una profesional mantense, donde presenciaron gran acogida de ni\u00f1os, j\u00f3venes, adultos, profesores y directores de diferentes agrupaciones danc\u00edsticas del pa\u00eds.<\/p>\n\n\n\n<p>En su agenda consta que la pr\u00f3xima semana estar\u00e1 en Chinchipe y Palanda clausurando talleres y eventos. Tambi\u00e9n visitar\u00e1n Centinela del C\u00f3ndor y nuevamente elegir\u00e1n Yanzatza para realizar un evento en coordinaci\u00f3n con la Alcald\u00eda, en la parroquia Chica\u00f1a. Con ello, cerraran el a\u00f1o de actividades culturales, cumpliendo con el 90% de los cantones con los distintos proyectos y propuestas culturales.<\/p>\n\n\n\n<p>La descentralizaci\u00f3n se est\u00e1 proporcionando en vista de que el presidente de la instituci\u00f3n a varias dependencias gubernamentales como juntas parroquiales, alcald\u00edas y prefectura, seg\u00fan la predisposici\u00f3n del tiempo. \u201cEn un 95% han sido recibidas y aceptadas nuestras propuestas y en los \u00faltimos d\u00edas estamos por finiquitar algunos aspectos (\u2026), pero tambi\u00e9n ha habido algunas autoridades que no nos han abierto las puertas, no le han querido apostar a la cultura\u201d, sintetiza Mart\u00ednez frente al apoyo mostrando de parte de las autoridades, desde el momento que est\u00e1 al frente de la instituci\u00f3n.<\/p>\n\n\n\n<p>Destaca la importancia de la cultura en la provincia, \u201cnosotros como instituci\u00f3n rectora de la cultura en la provincia, estamos convencidos que la cultura es parte del desarrollo de los pueblos\u201d. Resalta que, con el apoyo de las autoridades, las personas seguir\u00e1n demostrando su talento en cualquier rama del arte y la cultura.<\/p>\n\n\n\n<p>Deja entrever que el talento del artista local no ha sido reconocido dentro su tierra, pero, sin embargo, para otros artistas de fama internacional, no existe reparo en pagar grandes sumas de dinero. Y seg\u00fan Mart\u00ednez, al artista local, no le es reconocido muchas de las veces ni para costear el transporte o vestimenta.<\/p>\n\n\n\n<p>Dentro del contexto electoral, como instituci\u00f3n est\u00e1n organizando la realizaci\u00f3n de un debate entre los candidatos a la prefectura y alcald\u00edas para escuchar de manera anticipada las propuestas en favor del sector cultural en la provincia. Van a proponer alternativas de desarrollo y trabajo que beneficien al sector cultural. Cabe destacar que esta iniciativa tambi\u00e9n la est\u00e1n desarrollando el sector comunicativo y el sector de las mujeres representantes en la provincia.<\/p>\n\n\n\n<p><strong>Importante:<\/strong><\/p>\n\n\n\n<p>El grupo Amaru tambi\u00e9n se presentar\u00e1 el d\u00eda 18 de noviembre en el barrio Piuntza de la parroquia Guadalupe.<\/p>\n","protected":false},"excerpt":{"rendered":"<p>En el \u00e1mbito del arte y cultura, la provincia de Zamora Chinchipe ser\u00e1 testigo del Festival de Artes Vivas a celebrarse en el cant\u00f3n Yanzatza, el pr\u00f3ximo s\u00e1bado 19 de noviembre. El evento contar\u00e1 con caracter\u00edsticas que resaltan el talento plasmado en cada una de las ramas culturales como: canto, danza, pintura, escritura, artesan\u00eda, artes musicales, bodypaint, etc. Jhamilton Mart\u00ednez es el actual presidente de la Casa de la Cultura Ecuatoriana \u201cBenjam\u00edn Carri\u00f3n\u201d, N\u00facleo de Zamora Chinchipe e invita a la ciudadan\u00eda a congregarse en el \u201cvalle de las luci\u00e9rnagas\u201d y presenciar este evento que resalta la cultura de los zamoranos chinchipenses. La organizaci\u00f3n de este evento est\u00e1 a cargo de V\u00edctor Herrera, director de la instituci\u00f3n en Yanzatza, quien hizo posible la realizaci\u00f3n de este proyecto. Las agrupaciones que se presentar\u00e1n son:&nbsp; desde el Per\u00fa y dos desde la ciudad de Loja. Uno de los grupos lojanos, es Amaru, quien gan\u00f3 un concurso denominado \u201ccamino a Loja\u201d, un triunfo obtenido por Harman Jumbo, quien es oriundo de Zamora Chinchipe; quienes debutaran en su g\u00e9nero de ballet internacional. Este evento se considera una previa frente a la sexta edici\u00f3n del Festival Internacional de Artes Vivas Loja. De la misma se presentar\u00e1n artistas representando a la provincia de Zamora Chinchipe, entre ellos, Jorge Aguilar. Las instalaciones del coliseo cubierto de deportes de Yanzatza estar\u00e1 predispuesto para recibir a los visitantes. El directorio de la Casa de la Cultura N\u00facleo de Zamora Chinchipe ha cre\u00eddo conveniente que se debe iniciar con la descentralizaci\u00f3n de la instituci\u00f3n y que los eventos no solo deben desarrollarse en la cabecera cantonal; en vista que su jurisdicci\u00f3n abarca los 9 cantones. De la misma manera, invita a los directores de cada cant\u00f3n a presentar sus propuestas y proyectos. Dentro de las actividades que realiza la CCE, Mart\u00ednez comenta que desde el 09 hasta el 12 de noviembre se ejecut\u00f3 el taller danzario, dictado por una profesional mantense, donde presenciaron gran acogida de ni\u00f1os, j\u00f3venes, adultos, profesores y directores de diferentes agrupaciones danc\u00edsticas del pa\u00eds. En su agenda consta que la pr\u00f3xima semana estar\u00e1 en Chinchipe y Palanda clausurando talleres y eventos. Tambi\u00e9n visitar\u00e1n Centinela del C\u00f3ndor y nuevamente elegir\u00e1n Yanzatza para realizar un evento en coordinaci\u00f3n con la Alcald\u00eda, en la parroquia Chica\u00f1a. Con ello, cerraran el a\u00f1o de actividades culturales, cumpliendo con el 90% de los cantones con los distintos proyectos y propuestas culturales. La descentralizaci\u00f3n se est\u00e1 proporcionando en vista de que el presidente de la instituci\u00f3n a varias dependencias gubernamentales como juntas parroquiales, alcald\u00edas y prefectura, seg\u00fan la predisposici\u00f3n del tiempo. \u201cEn un 95% han sido recibidas y aceptadas nuestras propuestas y en los \u00faltimos d\u00edas estamos por finiquitar algunos aspectos (\u2026), pero tambi\u00e9n ha habido algunas autoridades que no nos han abierto las puertas, no le han querido apostar a la cultura\u201d, sintetiza Mart\u00ednez frente al apoyo mostrando de parte de las autoridades, desde el momento que est\u00e1 al frente de la instituci\u00f3n. Destaca la importancia de la cultura en la provincia, \u201cnosotros como instituci\u00f3n rectora de la cultura en la provincia, estamos convencidos que la cultura es parte del desarrollo de los pueblos\u201d. Resalta que, con el apoyo de las autoridades, las personas seguir\u00e1n demostrando su talento en cualquier rama del arte y la cultura. Deja entrever que el talento del artista local no ha sido reconocido dentro su tierra, pero, sin embargo, para otros artistas de fama internacional, no existe reparo en pagar grandes sumas de dinero. Y seg\u00fan Mart\u00ednez, al artista local, no le es reconocido muchas de las veces ni para costear el transporte o vestimenta. Dentro del contexto electoral, como instituci\u00f3n est\u00e1n organizando la realizaci\u00f3n de un debate entre los candidatos a la prefectura y alcald\u00edas para escuchar de manera anticipada las propuestas en favor del sector cultural en la provincia. Van a proponer alternativas de desarrollo y trabajo que beneficien al sector cultural. Cabe destacar que esta iniciativa tambi\u00e9n la est\u00e1n desarrollando el sector comunicativo y el sector de las mujeres representantes en la provincia. Importante: El grupo Amaru tambi\u00e9n se presentar\u00e1 el d\u00eda 18 de noviembre en el barrio Piuntza de la parroquia Guadalupe.<\/p>\n","protected":false},"author":1,"featured_media":6722,"comment_status":"open","ping_status":"open","sticky":false,"template":"","format":"standard","meta":{"footnotes":""},"categories":[243],"tags":[],"class_list":["post-6721","post","type-post","status-publish","format-standard","has-post-thumbnail","hentry","category-noticias-zamora"],"_links":{"self":[{"href":"https:\/\/www.elamazonico.com\/portal\/wp-json\/wp\/v2\/posts\/6721","targetHints":{"allow":["GET"]}}],"collection":[{"href":"https:\/\/www.elamazonico.com\/portal\/wp-json\/wp\/v2\/posts"}],"about":[{"href":"https:\/\/www.elamazonico.com\/portal\/wp-json\/wp\/v2\/types\/post"}],"author":[{"embeddable":true,"href":"https:\/\/www.elamazonico.com\/portal\/wp-json\/wp\/v2\/users\/1"}],"replies":[{"embeddable":true,"href":"https:\/\/www.elamazonico.com\/portal\/wp-json\/wp\/v2\/comments?post=6721"}],"version-history":[{"count":1,"href":"https:\/\/www.elamazonico.com\/portal\/wp-json\/wp\/v2\/posts\/6721\/revisions"}],"predecessor-version":[{"id":6723,"href":"https:\/\/www.elamazonico.com\/portal\/wp-json\/wp\/v2\/posts\/6721\/revisions\/6723"}],"wp:featuredmedia":[{"embeddable":true,"href":"https:\/\/www.elamazonico.com\/portal\/wp-json\/wp\/v2\/media\/6722"}],"wp:attachment":[{"href":"https:\/\/www.elamazonico.com\/portal\/wp-json\/wp\/v2\/media?parent=6721"}],"wp:term":[{"taxonomy":"category","embeddable":true,"href":"https:\/\/www.elamazonico.com\/portal\/wp-json\/wp\/v2\/categories?post=6721"},{"taxonomy":"post_tag","embeddable":true,"href":"https:\/\/www.elamazonico.com\/portal\/wp-json\/wp\/v2\/tags?post=6721"}],"curies":[{"name":"wp","href":"https:\/\/api.w.org\/{rel}","templated":true}]}}