{"id":6693,"date":"2022-11-14T09:47:25","date_gmt":"2022-11-14T14:47:25","guid":{"rendered":"https:\/\/www.elamazonico.com\/portal\/?p=6693"},"modified":"2022-11-14T09:47:47","modified_gmt":"2022-11-14T14:47:47","slug":"diario-el-amazonico-siete-anos-informando-a-zamora-chinchipe","status":"publish","type":"post","link":"https:\/\/www.elamazonico.com\/portal\/diario-el-amazonico-siete-anos-informando-a-zamora-chinchipe\/","title":{"rendered":"Diario El Amaz\u00f3nico, Siete a\u00f1os informando a Zamora Chinchipe"},"content":{"rendered":"\n<p>Diario El Amaz\u00f3nico cumpli\u00f3 7 a\u00f1os de existencia el pasado 23 de octubre de 2022, seguimos avanzando por el camino de la innovaci\u00f3n y guiados por los principios b\u00e1sicos del periodismo, con \u00e9tica, con objetividad, con independencia y veracidad en cada una de sus publicaciones. Esto nos ha permitido tener un alto grado de credibilidad y aceptaci\u00f3n en la provincia y sur del pa\u00eds.<\/p>\n\n\n\n<p>En los actuales tiempos, Diario El Amaz\u00f3nico no es solo un peri\u00f3dico impreso, hoy se convirti\u00f3 en un medio de comunicaci\u00f3n multiplataforma, con programas digitales y ponderada aceptaci\u00f3n en la provincia y sur del pa\u00eds. Nuestro objetivo es estar m\u00e1s cerca a nuestra audiencia con la nueva forma de informarse y cumplir con las exigencias de quienes consumen nuestro contenido informativo y de publicidad.<\/p>\n\n\n\n<p>Diario El Amaz\u00f3nico cuenta con su principal fuente de noticias en Zamora Chinchipe y sur del pa\u00eds, como es el peri\u00f3dico impreso, adem\u00e1s contamos con p\u00e1gina web, Facebook, TikTok, Twitter y su canal de Youtube. &nbsp;<\/p>\n\n\n\n<p>Nuestro compromiso es entregarles contenidos que ayuden a construir una nueva sociedad y as\u00ed cumplir con los requerimientos y exigencias de lectores y anunciantes que son parte fundamental para continuar relatando los hechos m\u00e1s importantes de la provincia. Seguimos trabajando para llegar a ser un medio referente en el sur del pa\u00eds.<\/p>\n\n\n\n<p>Hoy, a pocos d\u00edas de haber cumplido un aniversario m\u00e1s de provincializaci\u00f3n, les extendemos nuestro abrazo de hermandad, felicitaciones a todos por ser parte de esta tierra rica en minerales, en gastronom\u00eda, en cultura, en turismo y sobre todo, en valores \u00e9ticos y morales de hombres y mujeres que habitamos en la puerta de entrada al coraz\u00f3n de la Amazon\u00eda (Zamora Chinchipe). Nuestro agradecimiento sincero por confiar en nosotros. Gracias por todo.<\/p>\n\n\n\n<p>\u00a1Viva Zamora Chinchipe!, \u00a1viva la Amazon\u00eda! y \u00a1viva el Ecuador!<\/p>\n","protected":false},"excerpt":{"rendered":"<p>Diario El Amaz\u00f3nico cumpli\u00f3 7 a\u00f1os de existencia el pasado 23 de octubre de 2022, seguimos avanzando por el camino de la innovaci\u00f3n y guiados por los principios b\u00e1sicos del periodismo, con \u00e9tica, con objetividad, con independencia y veracidad en cada una de sus publicaciones. Esto nos ha permitido tener un alto grado de credibilidad y aceptaci\u00f3n en la provincia y sur del pa\u00eds. En los actuales tiempos, Diario El Amaz\u00f3nico no es solo un peri\u00f3dico impreso, hoy se convirti\u00f3 en un medio de comunicaci\u00f3n multiplataforma, con programas digitales y ponderada aceptaci\u00f3n en la provincia y sur del pa\u00eds. Nuestro objetivo es estar m\u00e1s cerca a nuestra audiencia con la nueva forma de informarse y cumplir con las exigencias de quienes consumen nuestro contenido informativo y de publicidad. Diario El Amaz\u00f3nico cuenta con su principal fuente de noticias en Zamora Chinchipe y sur del pa\u00eds, como es el peri\u00f3dico impreso, adem\u00e1s contamos con p\u00e1gina web, Facebook, TikTok, Twitter y su canal de Youtube. &nbsp; Nuestro compromiso es entregarles contenidos que ayuden a construir una nueva sociedad y as\u00ed cumplir con los requerimientos y exigencias de lectores y anunciantes que son parte fundamental para continuar relatando los hechos m\u00e1s importantes de la provincia. Seguimos trabajando para llegar a ser un medio referente en el sur del pa\u00eds. Hoy, a pocos d\u00edas de haber cumplido un aniversario m\u00e1s de provincializaci\u00f3n, les extendemos nuestro abrazo de hermandad, felicitaciones a todos por ser parte de esta tierra rica en minerales, en gastronom\u00eda, en cultura, en turismo y sobre todo, en valores \u00e9ticos y morales de hombres y mujeres que habitamos en la puerta de entrada al coraz\u00f3n de la Amazon\u00eda (Zamora Chinchipe). Nuestro agradecimiento sincero por confiar en nosotros. Gracias por todo. \u00a1Viva Zamora Chinchipe!, \u00a1viva la Amazon\u00eda! y \u00a1viva el Ecuador!<\/p>\n","protected":false},"author":1,"featured_media":6698,"comment_status":"open","ping_status":"open","sticky":false,"template":"","format":"standard","meta":{"footnotes":""},"categories":[1],"tags":[],"class_list":["post-6693","post","type-post","status-publish","format-standard","has-post-thumbnail","hentry","category-uncategorized"],"_links":{"self":[{"href":"https:\/\/www.elamazonico.com\/portal\/wp-json\/wp\/v2\/posts\/6693","targetHints":{"allow":["GET"]}}],"collection":[{"href":"https:\/\/www.elamazonico.com\/portal\/wp-json\/wp\/v2\/posts"}],"about":[{"href":"https:\/\/www.elamazonico.com\/portal\/wp-json\/wp\/v2\/types\/post"}],"author":[{"embeddable":true,"href":"https:\/\/www.elamazonico.com\/portal\/wp-json\/wp\/v2\/users\/1"}],"replies":[{"embeddable":true,"href":"https:\/\/www.elamazonico.com\/portal\/wp-json\/wp\/v2\/comments?post=6693"}],"version-history":[{"count":1,"href":"https:\/\/www.elamazonico.com\/portal\/wp-json\/wp\/v2\/posts\/6693\/revisions"}],"predecessor-version":[{"id":6699,"href":"https:\/\/www.elamazonico.com\/portal\/wp-json\/wp\/v2\/posts\/6693\/revisions\/6699"}],"wp:featuredmedia":[{"embeddable":true,"href":"https:\/\/www.elamazonico.com\/portal\/wp-json\/wp\/v2\/media\/6698"}],"wp:attachment":[{"href":"https:\/\/www.elamazonico.com\/portal\/wp-json\/wp\/v2\/media?parent=6693"}],"wp:term":[{"taxonomy":"category","embeddable":true,"href":"https:\/\/www.elamazonico.com\/portal\/wp-json\/wp\/v2\/categories?post=6693"},{"taxonomy":"post_tag","embeddable":true,"href":"https:\/\/www.elamazonico.com\/portal\/wp-json\/wp\/v2\/tags?post=6693"}],"curies":[{"name":"wp","href":"https:\/\/api.w.org\/{rel}","templated":true}]}}