{"id":6603,"date":"2022-11-07T10:18:02","date_gmt":"2022-11-07T15:18:02","guid":{"rendered":"https:\/\/www.elamazonico.com\/portal\/?p=6603"},"modified":"2022-11-07T10:19:10","modified_gmt":"2022-11-07T15:19:10","slug":"capaya-tiene-algo-mas-que-decir-esta-por-verse-este-miercoles-9","status":"publish","type":"post","link":"https:\/\/www.elamazonico.com\/portal\/capaya-tiene-algo-mas-que-decir-esta-por-verse-este-miercoles-9\/","title":{"rendered":"\u00bf&#8217;Capaya&#8217; tiene algo m\u00e1s qu\u00e9 decir?, est\u00e1 por verse este mi\u00e9rcoles 9"},"content":{"rendered":"\n<p>Carlos Pareja Yannuzzelli, ex ministro de Hidrocarburos, ha sido \u00abinvitado\u00bb a declarar ante la Comisi\u00f3n de Fiscalizaci\u00f3n y Control Pol\u00edtico, el mi\u00e9rcoles 9 de noviembre pr\u00f3ximo, a las 10:30, para que informe sobre la cooperaci\u00f3n eficaz prestada en los casos Petrochina y la entrega del campo petrolero Auca.<br>Quien cursa esa invitaci\u00f3n, con fecha 6 de noviembre, es el asamble\u00edsta Fernando Villavicencio, presidente de la Comisi\u00f3n de Fiscalizaci\u00f3n.<\/p>\n\n\n\n<figure class=\"wp-block-embed is-type-rich is-provider-twitter wp-block-embed-twitter\"><div class=\"wp-block-embed__wrapper\">\n<blockquote class=\"twitter-tweet\" data-width=\"550\" data-dnt=\"true\"><p lang=\"es\" dir=\"ltr\">CAPAYA a declarar\u2026 <a href=\"https:\/\/t.co\/cJRrTaHpzY\">pic.twitter.com\/cJRrTaHpzY<\/a><\/p>&mdash; Carlos Vera (@CarlosVerareal) <a href=\"https:\/\/twitter.com\/CarlosVerareal\/status\/1589357298043994114?ref_src=twsrc%5Etfw\">November 6, 2022<\/a><\/blockquote><script async src=\"https:\/\/platform.twitter.com\/widgets.js\" charset=\"utf-8\"><\/script>\n<\/div><\/figure>\n\n\n\n<p>El mismo d\u00eda, y de manera coordinada, el Gobierno Nacional inform\u00f3 que brindar\u00e1 la seguridad necesaria y las garant\u00edas correspondientes para que Carlos Pareja Yannuzzelli, pueda atender la \u201cinvitaci\u00f3n\u201d.<\/p>\n\n\n\n<p>El ministro de Energ\u00eda y Minas, Fernando Santos, mencion\u00f3 que Carlos Pareja Yannuzzelli y Nilsen Arias, hacen un dueto extraordinario para que canten, y ojal\u00e1 lo hagan para que el pa\u00eds se asombre del nivel de corrupci\u00f3n en que se lleg\u00f3 en tiempos del expresidente Rafael Correa.<\/p>\n\n\n\n<p>El Ejecutivo ha dicho que est\u00e1 dentro del marco de sus competencias brindar tal seguridad.<\/p>\n\n\n\n<figure class=\"wp-block-embed is-type-rich is-provider-twitter wp-block-embed-twitter\"><div class=\"wp-block-embed__wrapper\">\n<blockquote class=\"twitter-tweet\" data-width=\"550\" data-dnt=\"true\"><p lang=\"es\" dir=\"ltr\">COMUNICADO OFICIAL | La Secretar\u00eda de Comunicaci\u00f3n de la Presidencia informa: <a href=\"https:\/\/t.co\/zTvhMr3NpO\">pic.twitter.com\/zTvhMr3NpO<\/a><\/p>&mdash; Comunicaci\u00f3n Ecuador (@ComunicacionEc) <a href=\"https:\/\/twitter.com\/ComunicacionEc\/status\/1589469763373174784?ref_src=twsrc%5Etfw\">November 7, 2022<\/a><\/blockquote><script async src=\"https:\/\/platform.twitter.com\/widgets.js\" charset=\"utf-8\"><\/script>\n<\/div><\/figure>\n\n\n\n<p>A prop\u00f3sito del reclamo de Pareja Yannuzzelli de los beneficios de la cooperaci\u00f3n eficaz, La Fiscal\u00eda General del Estado inform\u00f3 que este acuerdo no puede ser aplicado en la actualidad, porque el procesado ya fue sentenciado. Adem\u00e1s, ese acuerdo viol\u00f3 la normativa expresa, violentando todo procedimiento.<\/p>\n\n\n\n<figure class=\"wp-block-embed is-type-rich is-provider-twitter wp-block-embed-twitter\"><div class=\"wp-block-embed__wrapper\">\n<blockquote class=\"twitter-tweet\" data-width=\"550\" data-dnt=\"true\"><p lang=\"es\" dir=\"ltr\"><a href=\"https:\/\/twitter.com\/hashtag\/COMUNICADO?src=hash&amp;ref_src=twsrc%5Etfw\">#COMUNICADO<\/a> | Respecto a la figura de cooperaci\u00f3n eficaz, contemplada en la normativa vigente, y a la supuesta aplicaci\u00f3n de los beneficios de la misma para el sentenciado Carlos P. Y., <a href=\"https:\/\/twitter.com\/hashtag\/Fiscal%C3%ADaEc?src=hash&amp;ref_src=twsrc%5Etfw\">#Fiscal\u00edaEc<\/a> informa a la opini\u00f3n p\u00fablica. Detalles \u2b07\ufe0f <a href=\"https:\/\/t.co\/J8RbbDOHI7\">pic.twitter.com\/J8RbbDOHI7<\/a><\/p>&mdash; Fiscal\u00eda Ecuador (@FiscaliaEcuador) <a href=\"https:\/\/twitter.com\/FiscaliaEcuador\/status\/1588328015519285248?ref_src=twsrc%5Etfw\">November 4, 2022<\/a><\/blockquote><script async src=\"https:\/\/platform.twitter.com\/widgets.js\" charset=\"utf-8\"><\/script>\n<\/div><\/figure>\n\n\n\n<p>El caso de la corrupci\u00f3n de la petrolera tras a\u00f1os de estar paralizado, se reactiv\u00f3 tras conocerse que el ex gerente de Comercializaci\u00f3n, Nilsen Arias, est\u00e1 siendo procesado en los Estados Unidos por el delito de lavado de activos. El exfuncionario es uno de los principales sospechosos en esta trama de corrupci\u00f3n investigada por la Comisi\u00f3n de Fiscalizaci\u00f3n. jtr<\/p>\n","protected":false},"excerpt":{"rendered":"<p>Carlos Pareja Yannuzzelli, ex ministro de Hidrocarburos, ha sido \u00abinvitado\u00bb a declarar ante la Comisi\u00f3n de Fiscalizaci\u00f3n y Control Pol\u00edtico, el mi\u00e9rcoles 9 de noviembre pr\u00f3ximo, a las 10:30, para que informe sobre la cooperaci\u00f3n eficaz prestada en los casos Petrochina y la entrega del campo petrolero Auca.Quien cursa esa invitaci\u00f3n, con fecha 6 de noviembre, es el asamble\u00edsta Fernando Villavicencio, presidente de la Comisi\u00f3n de Fiscalizaci\u00f3n. El mismo d\u00eda, y de manera coordinada, el Gobierno Nacional inform\u00f3 que brindar\u00e1 la seguridad necesaria y las garant\u00edas correspondientes para que Carlos Pareja Yannuzzelli, pueda atender la \u201cinvitaci\u00f3n\u201d. El ministro de Energ\u00eda y Minas, Fernando Santos, mencion\u00f3 que Carlos Pareja Yannuzzelli y Nilsen Arias, hacen un dueto extraordinario para que canten, y ojal\u00e1 lo hagan para que el pa\u00eds se asombre del nivel de corrupci\u00f3n en que se lleg\u00f3 en tiempos del expresidente Rafael Correa. El Ejecutivo ha dicho que est\u00e1 dentro del marco de sus competencias brindar tal seguridad. A prop\u00f3sito del reclamo de Pareja Yannuzzelli de los beneficios de la cooperaci\u00f3n eficaz, La Fiscal\u00eda General del Estado inform\u00f3 que este acuerdo no puede ser aplicado en la actualidad, porque el procesado ya fue sentenciado. Adem\u00e1s, ese acuerdo viol\u00f3 la normativa expresa, violentando todo procedimiento. El caso de la corrupci\u00f3n de la petrolera tras a\u00f1os de estar paralizado, se reactiv\u00f3 tras conocerse que el ex gerente de Comercializaci\u00f3n, Nilsen Arias, est\u00e1 siendo procesado en los Estados Unidos por el delito de lavado de activos. El exfuncionario es uno de los principales sospechosos en esta trama de corrupci\u00f3n investigada por la Comisi\u00f3n de Fiscalizaci\u00f3n. jtr<\/p>\n","protected":false},"author":1,"featured_media":6604,"comment_status":"open","ping_status":"open","sticky":false,"template":"","format":"standard","meta":{"footnotes":""},"categories":[],"tags":[],"class_list":["post-6603","post","type-post","status-publish","format-standard","has-post-thumbnail","hentry"],"_links":{"self":[{"href":"https:\/\/www.elamazonico.com\/portal\/wp-json\/wp\/v2\/posts\/6603","targetHints":{"allow":["GET"]}}],"collection":[{"href":"https:\/\/www.elamazonico.com\/portal\/wp-json\/wp\/v2\/posts"}],"about":[{"href":"https:\/\/www.elamazonico.com\/portal\/wp-json\/wp\/v2\/types\/post"}],"author":[{"embeddable":true,"href":"https:\/\/www.elamazonico.com\/portal\/wp-json\/wp\/v2\/users\/1"}],"replies":[{"embeddable":true,"href":"https:\/\/www.elamazonico.com\/portal\/wp-json\/wp\/v2\/comments?post=6603"}],"version-history":[{"count":2,"href":"https:\/\/www.elamazonico.com\/portal\/wp-json\/wp\/v2\/posts\/6603\/revisions"}],"predecessor-version":[{"id":6606,"href":"https:\/\/www.elamazonico.com\/portal\/wp-json\/wp\/v2\/posts\/6603\/revisions\/6606"}],"wp:featuredmedia":[{"embeddable":true,"href":"https:\/\/www.elamazonico.com\/portal\/wp-json\/wp\/v2\/media\/6604"}],"wp:attachment":[{"href":"https:\/\/www.elamazonico.com\/portal\/wp-json\/wp\/v2\/media?parent=6603"}],"wp:term":[{"taxonomy":"category","embeddable":true,"href":"https:\/\/www.elamazonico.com\/portal\/wp-json\/wp\/v2\/categories?post=6603"},{"taxonomy":"post_tag","embeddable":true,"href":"https:\/\/www.elamazonico.com\/portal\/wp-json\/wp\/v2\/tags?post=6603"}],"curies":[{"name":"wp","href":"https:\/\/api.w.org\/{rel}","templated":true}]}}