{"id":652,"date":"2021-08-13T17:54:45","date_gmt":"2021-08-13T22:54:45","guid":{"rendered":"https:\/\/www.elamazonico.com\/portal\/?p=652"},"modified":"2021-08-13T17:54:54","modified_gmt":"2021-08-13T22:54:54","slug":"regimen-de-nicaragua-allana-instalaciones-del-diario-la-prensa","status":"publish","type":"post","link":"https:\/\/www.elamazonico.com\/portal\/regimen-de-nicaragua-allana-instalaciones-del-diario-la-prensa\/","title":{"rendered":"R\u00e9gimen de Nicaragua allana instalaciones del diario La Prensa"},"content":{"rendered":"\n<p>Este viernes la polic\u00eda de Nicaragua allan\u00f3 el edificio del diario&nbsp;<em>La Prensa<\/em>, en medio de una ola de detenciones a cr\u00edticos y rivales del presidente y candidato a la reelecci\u00f3n, Daniel Ortega, a menos de tres meses de las elecciones.<\/p>\n\n\n\n<p>Seg\u00fan una nota de la Polic\u00eda Nacional, los directivos del diario son investigados por \u201cfraude aduanero y lavado de activos\u201d, un d\u00eda despu\u00e9s que este medio opositor denunci\u00f3 la retenci\u00f3n de papel y suspendi\u00f3 su circulaci\u00f3n impresa. El local se encuentra bajo custodia de las fuerzas del orden.<\/p>\n\n\n\n<p>Desde junio a la fecha, el gobierno ha dispuesto la detenci\u00f3n de 32 opositores, entre ellos siete posibles rivales del presidente Ortega, en el poder desde el 2007, y quien postular\u00e1 con la exguerrilla izquierdista Frente Sandinista de Liberaci\u00f3n Nacional (FSLN) para un cuarto mandato consecutivo el 7 de noviembre.<\/p>\n\n\n\n<p>Ortega, de 75 a\u00f1os, acusa a los opositores de traici\u00f3n a la patria y de promover sanciones contra el pa\u00eds. Su gobierno ha sido sancionado por Estados Unidos y la Uni\u00f3n Europea, acusado de atentar contra los derechos humanos y por la represi\u00f3n contra sus cr\u00edticos desde el estallido de manifestaciones en su contra en 2018.<\/p>\n\n\n\n<p>Patrullas de la polic\u00eda ingresaron a las instalaciones del diario hacia el mediod\u00eda, donde se encontraba personal del rotativo, que el viernes dej\u00f3 de circular de forma impresa pero anunci\u00f3 que mantendr\u00eda sus plataformas digitales.<\/p>\n\n\n\n<p>Durante el allanamiento, periodistas del diario denunciaron que el acceso al internet fue cortado, al igual que la electricidad, y fueron apagados los servidores web. A los trabajadores que estaban dentro del edificio se les impidi\u00f3 usar sus celulares.<\/p>\n\n\n\n<p>Medios afines al gobierno divulgaron en sus redes sociales fotos de la bodega del rotativo donde aseguran que hay abundante material para continuar su labor de impresi\u00f3n, pese a que La Prensa hab\u00eda denunciado un \u201csecuestro\u201d de su materia prima, por parte del servicio de aduanas.<\/p>\n\n\n\n<p>\u201cEn las bodegas del peri\u00f3dico La Prensa se encuentra abundante papeler\u00eda disponible para que dicha empresa pueda continuar imprimiendo su peri\u00f3dico\u201d, dijo el canal 4, af\u00edn al gobierno, en sus redes sociales.<\/p>\n\n\n\n<p>No obstante, personal del peri\u00f3dico aleg\u00f3 que la cantidad de papel, que estimaron en unas 14 bobinas, no era suficiente para imprimir una edici\u00f3n.<\/p>\n\n\n\n<p>El diario La Prensa, con 95 a\u00f1os de existencia y el \u00fanico de circulaci\u00f3n nacional en Nicaragua, es un duro cr\u00edtico del gobierno y es la segunda vez que suspende su edici\u00f3n impresa, luego que en 2019, denunci\u00f3 la retenci\u00f3n de su materia prima en los almacenes de aduanas.<\/p>\n\n\n\n<p>El Nuevo Diario, tambi\u00e9n de circulaci\u00f3n nacional, suspendi\u00f3 operaciones en septiembre de 2019, tras denuncias de bloqueo a la importaci\u00f3n de materia prima de parte de aduanas.\u00a0<strong>(I)<\/strong><\/p>\n\n\n\n<p>El Universo<\/p>\n","protected":false},"excerpt":{"rendered":"<p>Este viernes la polic\u00eda de Nicaragua allan\u00f3 el edificio del diario&nbsp;La Prensa, en medio de una ola de detenciones a cr\u00edticos y rivales del presidente y candidato a la reelecci\u00f3n, Daniel Ortega, a menos de tres meses de las elecciones. Seg\u00fan una nota de la Polic\u00eda Nacional, los directivos del diario son investigados por \u201cfraude aduanero y lavado de activos\u201d, un d\u00eda despu\u00e9s que este medio opositor denunci\u00f3 la retenci\u00f3n de papel y suspendi\u00f3 su circulaci\u00f3n impresa. El local se encuentra bajo custodia de las fuerzas del orden. Desde junio a la fecha, el gobierno ha dispuesto la detenci\u00f3n de 32 opositores, entre ellos siete posibles rivales del presidente Ortega, en el poder desde el 2007, y quien postular\u00e1 con la exguerrilla izquierdista Frente Sandinista de Liberaci\u00f3n Nacional (FSLN) para un cuarto mandato consecutivo el 7 de noviembre. Ortega, de 75 a\u00f1os, acusa a los opositores de traici\u00f3n a la patria y de promover sanciones contra el pa\u00eds. Su gobierno ha sido sancionado por Estados Unidos y la Uni\u00f3n Europea, acusado de atentar contra los derechos humanos y por la represi\u00f3n contra sus cr\u00edticos desde el estallido de manifestaciones en su contra en 2018. Patrullas de la polic\u00eda ingresaron a las instalaciones del diario hacia el mediod\u00eda, donde se encontraba personal del rotativo, que el viernes dej\u00f3 de circular de forma impresa pero anunci\u00f3 que mantendr\u00eda sus plataformas digitales. Durante el allanamiento, periodistas del diario denunciaron que el acceso al internet fue cortado, al igual que la electricidad, y fueron apagados los servidores web. A los trabajadores que estaban dentro del edificio se les impidi\u00f3 usar sus celulares. Medios afines al gobierno divulgaron en sus redes sociales fotos de la bodega del rotativo donde aseguran que hay abundante material para continuar su labor de impresi\u00f3n, pese a que La Prensa hab\u00eda denunciado un \u201csecuestro\u201d de su materia prima, por parte del servicio de aduanas. \u201cEn las bodegas del peri\u00f3dico La Prensa se encuentra abundante papeler\u00eda disponible para que dicha empresa pueda continuar imprimiendo su peri\u00f3dico\u201d, dijo el canal 4, af\u00edn al gobierno, en sus redes sociales. No obstante, personal del peri\u00f3dico aleg\u00f3 que la cantidad de papel, que estimaron en unas 14 bobinas, no era suficiente para imprimir una edici\u00f3n. El diario La Prensa, con 95 a\u00f1os de existencia y el \u00fanico de circulaci\u00f3n nacional en Nicaragua, es un duro cr\u00edtico del gobierno y es la segunda vez que suspende su edici\u00f3n impresa, luego que en 2019, denunci\u00f3 la retenci\u00f3n de su materia prima en los almacenes de aduanas. El Nuevo Diario, tambi\u00e9n de circulaci\u00f3n nacional, suspendi\u00f3 operaciones en septiembre de 2019, tras denuncias de bloqueo a la importaci\u00f3n de materia prima de parte de aduanas.\u00a0(I) El Universo<\/p>\n","protected":false},"author":1,"featured_media":653,"comment_status":"open","ping_status":"open","sticky":false,"template":"","format":"standard","meta":{"footnotes":""},"categories":[5],"tags":[],"class_list":["post-652","post","type-post","status-publish","format-standard","has-post-thumbnail","hentry","category-internacionales"],"_links":{"self":[{"href":"https:\/\/www.elamazonico.com\/portal\/wp-json\/wp\/v2\/posts\/652","targetHints":{"allow":["GET"]}}],"collection":[{"href":"https:\/\/www.elamazonico.com\/portal\/wp-json\/wp\/v2\/posts"}],"about":[{"href":"https:\/\/www.elamazonico.com\/portal\/wp-json\/wp\/v2\/types\/post"}],"author":[{"embeddable":true,"href":"https:\/\/www.elamazonico.com\/portal\/wp-json\/wp\/v2\/users\/1"}],"replies":[{"embeddable":true,"href":"https:\/\/www.elamazonico.com\/portal\/wp-json\/wp\/v2\/comments?post=652"}],"version-history":[{"count":1,"href":"https:\/\/www.elamazonico.com\/portal\/wp-json\/wp\/v2\/posts\/652\/revisions"}],"predecessor-version":[{"id":654,"href":"https:\/\/www.elamazonico.com\/portal\/wp-json\/wp\/v2\/posts\/652\/revisions\/654"}],"wp:featuredmedia":[{"embeddable":true,"href":"https:\/\/www.elamazonico.com\/portal\/wp-json\/wp\/v2\/media\/653"}],"wp:attachment":[{"href":"https:\/\/www.elamazonico.com\/portal\/wp-json\/wp\/v2\/media?parent=652"}],"wp:term":[{"taxonomy":"category","embeddable":true,"href":"https:\/\/www.elamazonico.com\/portal\/wp-json\/wp\/v2\/categories?post=652"},{"taxonomy":"post_tag","embeddable":true,"href":"https:\/\/www.elamazonico.com\/portal\/wp-json\/wp\/v2\/tags?post=652"}],"curies":[{"name":"wp","href":"https:\/\/api.w.org\/{rel}","templated":true}]}}