{"id":6499,"date":"2022-10-31T10:10:55","date_gmt":"2022-10-31T15:10:55","guid":{"rendered":"https:\/\/www.elamazonico.com\/portal\/?p=6499"},"modified":"2022-10-31T10:10:59","modified_gmt":"2022-10-31T15:10:59","slug":"lula-es-electo-presidente-de-brasil%ef%bf%bc","status":"publish","type":"post","link":"https:\/\/www.elamazonico.com\/portal\/lula-es-electo-presidente-de-brasil%ef%bf%bc\/","title":{"rendered":"Lula es electo presidente de Brasil\ufffc"},"content":{"rendered":"\n<p>La contienda de segunda vuelta entre Luiz In\u00e1cio Lula da Silva (PT) y Jair Bolsonaro (PL) es la m\u00e1s re\u00f1ida en una elecci\u00f3n presidencial en Brasil desde 1989, con la redemocratizaci\u00f3n del pa\u00eds. La victoria de Lula fue reconocida a las 19:57. Con el 98,9% de las encuestas contadas, el PT suma el 50,8% de los votos v\u00e1lidos, frente al 49,1% de Bolsonaro. La diferencia es, en n\u00fameros absolutos, de poco m\u00e1s de 1,95 millones de votos.<\/p>\n\n\n\n<p>En 2002, Lula fue elegido por primera vez, con el 61,27% de los votos v\u00e1lidos, frente al 38,73% de Jos\u00e9 Serra (PSDB). En 2006, el PT fue reelegido en la segunda vuelta, con el 60,83% de los votos, frente al 39,17% de Geraldo Alckmin (PSDB), hoy electo vicepresidente. (I)<\/p>\n","protected":false},"excerpt":{"rendered":"<p>La contienda de segunda vuelta entre Luiz In\u00e1cio Lula da Silva (PT) y Jair Bolsonaro (PL) es la m\u00e1s re\u00f1ida en una elecci\u00f3n presidencial en Brasil desde 1989, con la redemocratizaci\u00f3n del pa\u00eds. La victoria de Lula fue reconocida a las 19:57. Con el 98,9% de las encuestas contadas, el PT suma el 50,8% de los votos v\u00e1lidos, frente al 49,1% de Bolsonaro. La diferencia es, en n\u00fameros absolutos, de poco m\u00e1s de 1,95 millones de votos. En 2002, Lula fue elegido por primera vez, con el 61,27% de los votos v\u00e1lidos, frente al 38,73% de Jos\u00e9 Serra (PSDB). En 2006, el PT fue reelegido en la segunda vuelta, con el 60,83% de los votos, frente al 39,17% de Geraldo Alckmin (PSDB), hoy electo vicepresidente. (I)<\/p>\n","protected":false},"author":1,"featured_media":6500,"comment_status":"open","ping_status":"open","sticky":false,"template":"","format":"standard","meta":{"footnotes":""},"categories":[5],"tags":[],"class_list":["post-6499","post","type-post","status-publish","format-standard","has-post-thumbnail","hentry","category-internacionales"],"_links":{"self":[{"href":"https:\/\/www.elamazonico.com\/portal\/wp-json\/wp\/v2\/posts\/6499","targetHints":{"allow":["GET"]}}],"collection":[{"href":"https:\/\/www.elamazonico.com\/portal\/wp-json\/wp\/v2\/posts"}],"about":[{"href":"https:\/\/www.elamazonico.com\/portal\/wp-json\/wp\/v2\/types\/post"}],"author":[{"embeddable":true,"href":"https:\/\/www.elamazonico.com\/portal\/wp-json\/wp\/v2\/users\/1"}],"replies":[{"embeddable":true,"href":"https:\/\/www.elamazonico.com\/portal\/wp-json\/wp\/v2\/comments?post=6499"}],"version-history":[{"count":1,"href":"https:\/\/www.elamazonico.com\/portal\/wp-json\/wp\/v2\/posts\/6499\/revisions"}],"predecessor-version":[{"id":6501,"href":"https:\/\/www.elamazonico.com\/portal\/wp-json\/wp\/v2\/posts\/6499\/revisions\/6501"}],"wp:featuredmedia":[{"embeddable":true,"href":"https:\/\/www.elamazonico.com\/portal\/wp-json\/wp\/v2\/media\/6500"}],"wp:attachment":[{"href":"https:\/\/www.elamazonico.com\/portal\/wp-json\/wp\/v2\/media?parent=6499"}],"wp:term":[{"taxonomy":"category","embeddable":true,"href":"https:\/\/www.elamazonico.com\/portal\/wp-json\/wp\/v2\/categories?post=6499"},{"taxonomy":"post_tag","embeddable":true,"href":"https:\/\/www.elamazonico.com\/portal\/wp-json\/wp\/v2\/tags?post=6499"}],"curies":[{"name":"wp","href":"https:\/\/api.w.org\/{rel}","templated":true}]}}