{"id":6437,"date":"2022-10-27T06:10:57","date_gmt":"2022-10-27T11:10:57","guid":{"rendered":"https:\/\/www.elamazonico.com\/portal\/?p=6437"},"modified":"2022-10-27T06:11:04","modified_gmt":"2022-10-27T11:11:04","slug":"guayaquil-vive-ambiente-de-fiesta-por-final-copera","status":"publish","type":"post","link":"https:\/\/www.elamazonico.com\/portal\/guayaquil-vive-ambiente-de-fiesta-por-final-copera\/","title":{"rendered":"\u00a1Guayaquil vive ambiente de fiesta por final copera!"},"content":{"rendered":"\n<p>Todo est\u00e1 listo en Guayaquil para la gran final de la Copa Libertadores entre dos equipos brasile\u00f1os: Flamengo versus Atl\u00e9tico Paranaense. Este s\u00e1bado 29 de octubre. Se espera que la ciudad viva una verdadera fiesta futbolera.<\/p>\n\n\n\n<p>A tres d\u00edas de la cita copera, el aire futbolero ya se respira en el ambiente de Guayaquil con la llegada de los hinchas de ambos equipos. Ya se puede observar a la \u201ctorcida de Flamengo\u201d copando los bares de Puerto Santa, en el barrio Las Pe\u00f1as.<\/p>\n\n\n\n<p>\u201cLos hoteles est\u00e1n copados. Est\u00e1 previsto que lleguen 200 vuelos ch\u00e1rter\u201d, anticip\u00f3 la alcaldesa de Guayaquil, Cynthia Viteri.<\/p>\n\n\n\n<p>Se tienen previsto sendos operativos de seguridad en la urbe. Se ha dispuesto que el Parque Samanes y La Ferroviaria sirvan de espacio de llegada para los hinchas brasile\u00f1os que no han alcanzado cupo en los hoteles.<\/p>\n\n\n\n<p>As\u00ed mismo, la Agencia de Tr\u00e1nsito Municipal ha sugerido a las escuelas y colegios suspendan las clases el viernes o salgan m\u00e1s temprano de lo normal.<\/p>\n\n\n\n<p>El tr\u00e1nsito en la av. Barcelona ser\u00e1 cerrada al paso vehicular desde las 20:00 del viernes 28. Fuente: <strong>Ecuador en Vivo<\/strong><\/p>\n\n\n\n<figure class=\"wp-block-embed is-type-rich is-provider-twitter wp-block-embed-twitter\"><div class=\"wp-block-embed__wrapper\">\nhttps:\/\/twitter.com\/dnra10\/status\/1585085486112333827\n<\/div><\/figure>\n","protected":false},"excerpt":{"rendered":"<p>Todo est\u00e1 listo en Guayaquil para la gran final de la Copa Libertadores entre dos equipos brasile\u00f1os: Flamengo versus Atl\u00e9tico Paranaense. Este s\u00e1bado 29 de octubre. Se espera que la ciudad viva una verdadera fiesta futbolera. A tres d\u00edas de la cita copera, el aire futbolero ya se respira en el ambiente de Guayaquil con la llegada de los hinchas de ambos equipos. Ya se puede observar a la \u201ctorcida de Flamengo\u201d copando los bares de Puerto Santa, en el barrio Las Pe\u00f1as. \u201cLos hoteles est\u00e1n copados. Est\u00e1 previsto que lleguen 200 vuelos ch\u00e1rter\u201d, anticip\u00f3 la alcaldesa de Guayaquil, Cynthia Viteri. Se tienen previsto sendos operativos de seguridad en la urbe. Se ha dispuesto que el Parque Samanes y La Ferroviaria sirvan de espacio de llegada para los hinchas brasile\u00f1os que no han alcanzado cupo en los hoteles. As\u00ed mismo, la Agencia de Tr\u00e1nsito Municipal ha sugerido a las escuelas y colegios suspendan las clases el viernes o salgan m\u00e1s temprano de lo normal. El tr\u00e1nsito en la av. Barcelona ser\u00e1 cerrada al paso vehicular desde las 20:00 del viernes 28. Fuente: Ecuador en Vivo<\/p>\n","protected":false},"author":1,"featured_media":6438,"comment_status":"open","ping_status":"open","sticky":false,"template":"","format":"standard","meta":{"footnotes":""},"categories":[268],"tags":[],"class_list":["post-6437","post","type-post","status-publish","format-standard","has-post-thumbnail","hentry","category-nacionales"],"_links":{"self":[{"href":"https:\/\/www.elamazonico.com\/portal\/wp-json\/wp\/v2\/posts\/6437","targetHints":{"allow":["GET"]}}],"collection":[{"href":"https:\/\/www.elamazonico.com\/portal\/wp-json\/wp\/v2\/posts"}],"about":[{"href":"https:\/\/www.elamazonico.com\/portal\/wp-json\/wp\/v2\/types\/post"}],"author":[{"embeddable":true,"href":"https:\/\/www.elamazonico.com\/portal\/wp-json\/wp\/v2\/users\/1"}],"replies":[{"embeddable":true,"href":"https:\/\/www.elamazonico.com\/portal\/wp-json\/wp\/v2\/comments?post=6437"}],"version-history":[{"count":1,"href":"https:\/\/www.elamazonico.com\/portal\/wp-json\/wp\/v2\/posts\/6437\/revisions"}],"predecessor-version":[{"id":6439,"href":"https:\/\/www.elamazonico.com\/portal\/wp-json\/wp\/v2\/posts\/6437\/revisions\/6439"}],"wp:featuredmedia":[{"embeddable":true,"href":"https:\/\/www.elamazonico.com\/portal\/wp-json\/wp\/v2\/media\/6438"}],"wp:attachment":[{"href":"https:\/\/www.elamazonico.com\/portal\/wp-json\/wp\/v2\/media?parent=6437"}],"wp:term":[{"taxonomy":"category","embeddable":true,"href":"https:\/\/www.elamazonico.com\/portal\/wp-json\/wp\/v2\/categories?post=6437"},{"taxonomy":"post_tag","embeddable":true,"href":"https:\/\/www.elamazonico.com\/portal\/wp-json\/wp\/v2\/tags?post=6437"}],"curies":[{"name":"wp","href":"https:\/\/api.w.org\/{rel}","templated":true}]}}