{"id":6428,"date":"2022-10-26T16:05:07","date_gmt":"2022-10-26T21:05:07","guid":{"rendered":"https:\/\/www.elamazonico.com\/portal\/?p=6428"},"modified":"2022-10-26T16:05:22","modified_gmt":"2022-10-26T21:05:22","slug":"pachakutik-dice-que-aplicara-todo-el-rigor-de-la-ley-en-caso-de-contribuciones-solidarias","status":"publish","type":"post","link":"https:\/\/www.elamazonico.com\/portal\/pachakutik-dice-que-aplicara-todo-el-rigor-de-la-ley-en-caso-de-contribuciones-solidarias\/","title":{"rendered":"Pachakutik dice que aplicar\u00e1 todo el rigor de la Ley en caso de &#8216;contribuciones solidarias&#8217;"},"content":{"rendered":"\n<p>La bancada de Pachakutik, a trav\u00e9s de su Comit\u00e9 de \u00c9tica, investigar\u00e1 al legislador Joel Abad, tras la filtraci\u00f3n de audios en los que se escucha el pedido a sus colaboradores de una \u00abcontribuci\u00f3n\u00bb.<br>Cecilia Velasque, subcoordinadora de Pachakutik, aclar\u00f3 el proceso de investigaci\u00f3n al que se debe someter el asamble\u00edsta Joel Abad, por el supuesto pedido de \u00abcontribuciones solidarias\u00bb a su equipo de trabajo. Aclar\u00f3 que la organizaci\u00f3n no permitir\u00e1 ning\u00fan acto de corrupci\u00f3n.<\/p>\n\n\n\n<p>aclar\u00f3 que cualquier ciudadano puede realizar contribuciones a Pachakutik, pero de forma personal, las cuales van a una cuenta \u00fanica que es sometida a un proceso de auditor\u00eda y fiscalizaci\u00f3n.<\/p>\n\n\n\n<p>\u201cNuestro r\u00e9gimen permite la colaboraci\u00f3n de todos quienes somos electos y de quienes somos funcionarios dentro de la organizaci\u00f3n del movimiento. Estamos obligados a fortalecer a nuestra organizaci\u00f3n pol\u00edtica con aportes en la cuenta \u00fanica de la organizaci\u00f3n\u201d, declar\u00f3 la subcoordinadora. <strong>Fuente: Ecuador en Vivo<\/strong><\/p>\n","protected":false},"excerpt":{"rendered":"<p>La bancada de Pachakutik, a trav\u00e9s de su Comit\u00e9 de \u00c9tica, investigar\u00e1 al legislador Joel Abad, tras la filtraci\u00f3n de audios en los que se escucha el pedido a sus colaboradores de una \u00abcontribuci\u00f3n\u00bb.Cecilia Velasque, subcoordinadora de Pachakutik, aclar\u00f3 el proceso de investigaci\u00f3n al que se debe someter el asamble\u00edsta Joel Abad, por el supuesto pedido de \u00abcontribuciones solidarias\u00bb a su equipo de trabajo. Aclar\u00f3 que la organizaci\u00f3n no permitir\u00e1 ning\u00fan acto de corrupci\u00f3n. aclar\u00f3 que cualquier ciudadano puede realizar contribuciones a Pachakutik, pero de forma personal, las cuales van a una cuenta \u00fanica que es sometida a un proceso de auditor\u00eda y fiscalizaci\u00f3n. \u201cNuestro r\u00e9gimen permite la colaboraci\u00f3n de todos quienes somos electos y de quienes somos funcionarios dentro de la organizaci\u00f3n del movimiento. Estamos obligados a fortalecer a nuestra organizaci\u00f3n pol\u00edtica con aportes en la cuenta \u00fanica de la organizaci\u00f3n\u201d, declar\u00f3 la subcoordinadora. Fuente: Ecuador en Vivo<\/p>\n","protected":false},"author":1,"featured_media":6429,"comment_status":"open","ping_status":"open","sticky":false,"template":"","format":"standard","meta":{"footnotes":""},"categories":[268],"tags":[],"class_list":["post-6428","post","type-post","status-publish","format-standard","has-post-thumbnail","hentry","category-nacionales"],"_links":{"self":[{"href":"https:\/\/www.elamazonico.com\/portal\/wp-json\/wp\/v2\/posts\/6428","targetHints":{"allow":["GET"]}}],"collection":[{"href":"https:\/\/www.elamazonico.com\/portal\/wp-json\/wp\/v2\/posts"}],"about":[{"href":"https:\/\/www.elamazonico.com\/portal\/wp-json\/wp\/v2\/types\/post"}],"author":[{"embeddable":true,"href":"https:\/\/www.elamazonico.com\/portal\/wp-json\/wp\/v2\/users\/1"}],"replies":[{"embeddable":true,"href":"https:\/\/www.elamazonico.com\/portal\/wp-json\/wp\/v2\/comments?post=6428"}],"version-history":[{"count":1,"href":"https:\/\/www.elamazonico.com\/portal\/wp-json\/wp\/v2\/posts\/6428\/revisions"}],"predecessor-version":[{"id":6430,"href":"https:\/\/www.elamazonico.com\/portal\/wp-json\/wp\/v2\/posts\/6428\/revisions\/6430"}],"wp:featuredmedia":[{"embeddable":true,"href":"https:\/\/www.elamazonico.com\/portal\/wp-json\/wp\/v2\/media\/6429"}],"wp:attachment":[{"href":"https:\/\/www.elamazonico.com\/portal\/wp-json\/wp\/v2\/media?parent=6428"}],"wp:term":[{"taxonomy":"category","embeddable":true,"href":"https:\/\/www.elamazonico.com\/portal\/wp-json\/wp\/v2\/categories?post=6428"},{"taxonomy":"post_tag","embeddable":true,"href":"https:\/\/www.elamazonico.com\/portal\/wp-json\/wp\/v2\/tags?post=6428"}],"curies":[{"name":"wp","href":"https:\/\/api.w.org\/{rel}","templated":true}]}}