{"id":6395,"date":"2022-10-25T15:42:28","date_gmt":"2022-10-25T20:42:28","guid":{"rendered":"https:\/\/www.elamazonico.com\/portal\/?p=6395"},"modified":"2022-10-25T15:42:51","modified_gmt":"2022-10-25T20:42:51","slug":"ecuador-vs-iraq-esta-en-duda","status":"publish","type":"post","link":"https:\/\/www.elamazonico.com\/portal\/ecuador-vs-iraq-esta-en-duda\/","title":{"rendered":"Ecuador vs. Iraq est\u00e1 en duda"},"content":{"rendered":"\n<p id=\"m431-2-432\">Ecuador se prepara en la Casa de la Selecci\u00f3n con un grupo reducido de nueve jugadores previo a su debut en el Mundial Qatar 2022.<\/p>\n\n\n\n<p id=\"m195-1-196\"><br>Este grupo est\u00e1 al mando del entrenador argentino Gustavo Alfaro,&nbsp;<strong>quien tuvo una charla informal&nbsp;<\/strong>con periodistas apostados en la Casa de la Selecci\u00f3n, ubicada en Quito, este martes 25 de octubre de 2022.<br><br>Ante la pregunta si el partido ante Iraq, confirmado por la Federaci\u00f3n Ecuatoriana de F\u00fatbol (FEF) para el 12 de noviembre en Espa\u00f1a, sigue en pie, no se mostr\u00f3 del todo convencido que se pueda jugar.<br><br>\u00abLo de Iraq&nbsp;<strong>depende de la cantidad de jugadores que nosotros<\/strong>&nbsp;podamos tener (&#8230;) Ya es m\u00e1s un trabajo de la Federaci\u00f3n que nuestro\u00bb, manifest\u00f3 Gustavo Alfaro, quien a sus 60 a\u00f1os se prepara para disputar la primera Copa del Mundo como entrenador.<br><br>El partido entre Ecuador e Iraq est\u00e1 programado para el s\u00e1bado 12 de noviembre desde las 12:30 (hora de Ecuador) en Madrid. A trav\u00e9s de sus redes sociales, la FEF anunci\u00f3 la venta de las entradas y confirm\u00f3 que se jugar\u00e1 en el estadio C\u00edvitas Metropolitano, propiedad del Atl\u00e9tico de Madrid.<br><br>Por reglamentaci\u00f3n de FIFA, los jugadores seleccionados por sus pa\u00edses para jugar el Mundial de Qatar 2022&nbsp;<strong>deben presentarse con su pa\u00eds al menos cinco d\u00edas<\/strong>&nbsp;antes del primer partido en el torneo que, en el caso de Ecuador, ser\u00e1 el 20 de noviembre ante los anfitriones.<br><br>Para el 12 de noviembre las ligas de todo el mundo est\u00e1n en competencia, incluida la LigaPro que tendr\u00e1 su partido final entre Aucas y Barcelona el 13 de noviembre en Quito.<br><br>Sobre cu\u00e1ndo presentar\u00e1 la lista definitiva de 26 jugadores de Ecuador, Alfaro mencion\u00f3 que esperar\u00e1 hasta el 14 de noviembre, fecha l\u00edmite que puso la FIFA a las 32 selecciones clasificadas, para dar a conocer los nombres de los escogidos.<br><\/p>\n\n\n\n<h3 class=\"wp-block-heading\" id=\"m201-2-202\">Convocados al microciclo<\/h3>\n\n\n\n<p id=\"m207-3-208\">Alexander Dom\u00ednguez (Liga de Quito), Mois\u00e9s Ram\u00edrez (Independiente del Valle), Byron Castillo (Le\u00f3n, M\u00e9xico), Xavier Arreaga (Seattle Sounders, Estados Unidos), F\u00e9lix Torres (Santos Laguna, M\u00e9xico), \u00c1ngel Mena (Le\u00f3n, M\u00e9xico) y Ayrton Preciado (Santos Laguna, M\u00e9xico), Michael Estrada (Cruz Azul, M\u00e9xico) y Djorkaeff Reasco (Newell&#8217;s Old Boys, Argentina).<\/p>\n","protected":false},"excerpt":{"rendered":"<p>Ecuador se prepara en la Casa de la Selecci\u00f3n con un grupo reducido de nueve jugadores previo a su debut en el Mundial Qatar 2022. Este grupo est\u00e1 al mando del entrenador argentino Gustavo Alfaro,&nbsp;quien tuvo una charla informal&nbsp;con periodistas apostados en la Casa de la Selecci\u00f3n, ubicada en Quito, este martes 25 de octubre de 2022. Ante la pregunta si el partido ante Iraq, confirmado por la Federaci\u00f3n Ecuatoriana de F\u00fatbol (FEF) para el 12 de noviembre en Espa\u00f1a, sigue en pie, no se mostr\u00f3 del todo convencido que se pueda jugar. \u00abLo de Iraq&nbsp;depende de la cantidad de jugadores que nosotros&nbsp;podamos tener (&#8230;) Ya es m\u00e1s un trabajo de la Federaci\u00f3n que nuestro\u00bb, manifest\u00f3 Gustavo Alfaro, quien a sus 60 a\u00f1os se prepara para disputar la primera Copa del Mundo como entrenador. El partido entre Ecuador e Iraq est\u00e1 programado para el s\u00e1bado 12 de noviembre desde las 12:30 (hora de Ecuador) en Madrid. A trav\u00e9s de sus redes sociales, la FEF anunci\u00f3 la venta de las entradas y confirm\u00f3 que se jugar\u00e1 en el estadio C\u00edvitas Metropolitano, propiedad del Atl\u00e9tico de Madrid. Por reglamentaci\u00f3n de FIFA, los jugadores seleccionados por sus pa\u00edses para jugar el Mundial de Qatar 2022&nbsp;deben presentarse con su pa\u00eds al menos cinco d\u00edas&nbsp;antes del primer partido en el torneo que, en el caso de Ecuador, ser\u00e1 el 20 de noviembre ante los anfitriones. Para el 12 de noviembre las ligas de todo el mundo est\u00e1n en competencia, incluida la LigaPro que tendr\u00e1 su partido final entre Aucas y Barcelona el 13 de noviembre en Quito. Sobre cu\u00e1ndo presentar\u00e1 la lista definitiva de 26 jugadores de Ecuador, Alfaro mencion\u00f3 que esperar\u00e1 hasta el 14 de noviembre, fecha l\u00edmite que puso la FIFA a las 32 selecciones clasificadas, para dar a conocer los nombres de los escogidos. Convocados al microciclo Alexander Dom\u00ednguez (Liga de Quito), Mois\u00e9s Ram\u00edrez (Independiente del Valle), Byron Castillo (Le\u00f3n, M\u00e9xico), Xavier Arreaga (Seattle Sounders, Estados Unidos), F\u00e9lix Torres (Santos Laguna, M\u00e9xico), \u00c1ngel Mena (Le\u00f3n, M\u00e9xico) y Ayrton Preciado (Santos Laguna, M\u00e9xico), Michael Estrada (Cruz Azul, M\u00e9xico) y Djorkaeff Reasco (Newell&#8217;s Old Boys, Argentina).<\/p>\n","protected":false},"author":1,"featured_media":6396,"comment_status":"open","ping_status":"open","sticky":false,"template":"","format":"standard","meta":{"footnotes":""},"categories":[6],"tags":[],"class_list":["post-6395","post","type-post","status-publish","format-standard","has-post-thumbnail","hentry","category-deportes"],"_links":{"self":[{"href":"https:\/\/www.elamazonico.com\/portal\/wp-json\/wp\/v2\/posts\/6395","targetHints":{"allow":["GET"]}}],"collection":[{"href":"https:\/\/www.elamazonico.com\/portal\/wp-json\/wp\/v2\/posts"}],"about":[{"href":"https:\/\/www.elamazonico.com\/portal\/wp-json\/wp\/v2\/types\/post"}],"author":[{"embeddable":true,"href":"https:\/\/www.elamazonico.com\/portal\/wp-json\/wp\/v2\/users\/1"}],"replies":[{"embeddable":true,"href":"https:\/\/www.elamazonico.com\/portal\/wp-json\/wp\/v2\/comments?post=6395"}],"version-history":[{"count":1,"href":"https:\/\/www.elamazonico.com\/portal\/wp-json\/wp\/v2\/posts\/6395\/revisions"}],"predecessor-version":[{"id":6397,"href":"https:\/\/www.elamazonico.com\/portal\/wp-json\/wp\/v2\/posts\/6395\/revisions\/6397"}],"wp:featuredmedia":[{"embeddable":true,"href":"https:\/\/www.elamazonico.com\/portal\/wp-json\/wp\/v2\/media\/6396"}],"wp:attachment":[{"href":"https:\/\/www.elamazonico.com\/portal\/wp-json\/wp\/v2\/media?parent=6395"}],"wp:term":[{"taxonomy":"category","embeddable":true,"href":"https:\/\/www.elamazonico.com\/portal\/wp-json\/wp\/v2\/categories?post=6395"},{"taxonomy":"post_tag","embeddable":true,"href":"https:\/\/www.elamazonico.com\/portal\/wp-json\/wp\/v2\/tags?post=6395"}],"curies":[{"name":"wp","href":"https:\/\/api.w.org\/{rel}","templated":true}]}}