{"id":6375,"date":"2022-10-25T10:47:09","date_gmt":"2022-10-25T15:47:09","guid":{"rendered":"https:\/\/www.elamazonico.com\/portal\/?p=6375"},"modified":"2022-10-25T10:47:16","modified_gmt":"2022-10-25T15:47:16","slug":"esmeraldas-enfrenta-una-violencia-explosiva","status":"publish","type":"post","link":"https:\/\/www.elamazonico.com\/portal\/esmeraldas-enfrenta-una-violencia-explosiva\/","title":{"rendered":"Esmeraldas enfrenta una &#8216;violencia explosiva&#8217;"},"content":{"rendered":"\n<p>Daniel Pont\u00f3n, analista en temas se seguridad y catedr\u00e1tico, considera que la \u00abviolencia explosiva\u00bb en Esmeraldas es evidencia de un desconocimiento real de lo que ocurre y es que \u00abhasta el 2020 se hab\u00eda mantenido relativamente estable (la tasa de violencia), en 2021 crece de manera acelerada y este 2022 es algo terror\u00edfico. Casi vamos a llegar a 80 homicidios por mil habitantes. Eso es algo que est\u00e1 sobre el promedio de las ciudades m\u00e1s terror\u00edficas\u00bb, afirm\u00f3.<\/p>\n\n\n\n<p>Ante ello, le llama la atenci\u00f3n el mensaje contradictorio de las autoridades. De ah\u00ed que, considera, \u00abno existe una comprensi\u00f3n expl\u00edcita de lo que est\u00e1 pasando en ese territorio. Hemos visto el problema de Guayaquil, Dur\u00e1n y otras partes del pa\u00eds; pero Esmeraldas hab\u00eda pasado fuera del radar\u00bb.<\/p>\n\n\n\n<p>De igual forma,&nbsp;manifiesta&nbsp;que el hecho que la c\u00e1rcel de esa provincia haya estado en relativa calma, no implica que desde la misma no se decidan ejecutar delitos. \u00abDe alguna manera se demuestra una hegemon\u00eda criminal instalada (en la c\u00e1rcel). Pero se est\u00e1 haciendo una disputa muy cruenta en las calles\u00bb, dijo.<\/p>\n\n\n\n<p>A su juicio,&nbsp;adem\u00e1s del problema de narcotr\u00e1fico, se une otra situaci\u00f3n como la precariedad hist\u00f3rica que tiene esa provincia. \u00abDescuido, abandono, falta de compromiso de los gobiernos locales y otros factores\u00bb inciden en una realidad de grupos de personas armadas.&nbsp;Por ello, afirma que los grupos criminales se dan cuenta que, a trav\u00e9s de la violencia, pueden subvertir la moral del Estado, justicia y fuerzas de control. PMB<\/p>\n\n\n\n<p>Fuente:<strong>\u00a0Teleamazonas<\/strong><\/p>\n","protected":false},"excerpt":{"rendered":"<p>Daniel Pont\u00f3n, analista en temas se seguridad y catedr\u00e1tico, considera que la \u00abviolencia explosiva\u00bb en Esmeraldas es evidencia de un desconocimiento real de lo que ocurre y es que \u00abhasta el 2020 se hab\u00eda mantenido relativamente estable (la tasa de violencia), en 2021 crece de manera acelerada y este 2022 es algo terror\u00edfico. Casi vamos a llegar a 80 homicidios por mil habitantes. Eso es algo que est\u00e1 sobre el promedio de las ciudades m\u00e1s terror\u00edficas\u00bb, afirm\u00f3. Ante ello, le llama la atenci\u00f3n el mensaje contradictorio de las autoridades. De ah\u00ed que, considera, \u00abno existe una comprensi\u00f3n expl\u00edcita de lo que est\u00e1 pasando en ese territorio. Hemos visto el problema de Guayaquil, Dur\u00e1n y otras partes del pa\u00eds; pero Esmeraldas hab\u00eda pasado fuera del radar\u00bb. De igual forma,&nbsp;manifiesta&nbsp;que el hecho que la c\u00e1rcel de esa provincia haya estado en relativa calma, no implica que desde la misma no se decidan ejecutar delitos. \u00abDe alguna manera se demuestra una hegemon\u00eda criminal instalada (en la c\u00e1rcel). Pero se est\u00e1 haciendo una disputa muy cruenta en las calles\u00bb, dijo. A su juicio,&nbsp;adem\u00e1s del problema de narcotr\u00e1fico, se une otra situaci\u00f3n como la precariedad hist\u00f3rica que tiene esa provincia. \u00abDescuido, abandono, falta de compromiso de los gobiernos locales y otros factores\u00bb inciden en una realidad de grupos de personas armadas.&nbsp;Por ello, afirma que los grupos criminales se dan cuenta que, a trav\u00e9s de la violencia, pueden subvertir la moral del Estado, justicia y fuerzas de control. PMB Fuente:\u00a0Teleamazonas<\/p>\n","protected":false},"author":1,"featured_media":6376,"comment_status":"open","ping_status":"open","sticky":false,"template":"","format":"standard","meta":{"footnotes":""},"categories":[268],"tags":[],"class_list":["post-6375","post","type-post","status-publish","format-standard","has-post-thumbnail","hentry","category-nacionales"],"_links":{"self":[{"href":"https:\/\/www.elamazonico.com\/portal\/wp-json\/wp\/v2\/posts\/6375","targetHints":{"allow":["GET"]}}],"collection":[{"href":"https:\/\/www.elamazonico.com\/portal\/wp-json\/wp\/v2\/posts"}],"about":[{"href":"https:\/\/www.elamazonico.com\/portal\/wp-json\/wp\/v2\/types\/post"}],"author":[{"embeddable":true,"href":"https:\/\/www.elamazonico.com\/portal\/wp-json\/wp\/v2\/users\/1"}],"replies":[{"embeddable":true,"href":"https:\/\/www.elamazonico.com\/portal\/wp-json\/wp\/v2\/comments?post=6375"}],"version-history":[{"count":1,"href":"https:\/\/www.elamazonico.com\/portal\/wp-json\/wp\/v2\/posts\/6375\/revisions"}],"predecessor-version":[{"id":6377,"href":"https:\/\/www.elamazonico.com\/portal\/wp-json\/wp\/v2\/posts\/6375\/revisions\/6377"}],"wp:featuredmedia":[{"embeddable":true,"href":"https:\/\/www.elamazonico.com\/portal\/wp-json\/wp\/v2\/media\/6376"}],"wp:attachment":[{"href":"https:\/\/www.elamazonico.com\/portal\/wp-json\/wp\/v2\/media?parent=6375"}],"wp:term":[{"taxonomy":"category","embeddable":true,"href":"https:\/\/www.elamazonico.com\/portal\/wp-json\/wp\/v2\/categories?post=6375"},{"taxonomy":"post_tag","embeddable":true,"href":"https:\/\/www.elamazonico.com\/portal\/wp-json\/wp\/v2\/tags?post=6375"}],"curies":[{"name":"wp","href":"https:\/\/api.w.org\/{rel}","templated":true}]}}