{"id":6357,"date":"2022-10-24T10:00:32","date_gmt":"2022-10-24T15:00:32","guid":{"rendered":"https:\/\/www.elamazonico.com\/portal\/?p=6357"},"modified":"2022-10-24T10:01:08","modified_gmt":"2022-10-24T15:01:08","slug":"pachakutik-no-pone-las-manos-al-fuego-por-nadie","status":"publish","type":"post","link":"https:\/\/www.elamazonico.com\/portal\/pachakutik-no-pone-las-manos-al-fuego-por-nadie\/","title":{"rendered":"&#8216;Pachakutik no pone las manos al fuego por nadie&#8217;\u00a0"},"content":{"rendered":"\n<p>Salvador Quishpe, asamble\u00edsta de Pachakutik, a prop\u00f3sito del pedido de diezmos de parte del legislador Joel Abad, de su misma bancada, dijo que le preocupa el audio difundido en las redes, \u201clas palabras del asamble\u00edsta Abad son muy claras. Entiendo que ya est\u00e1 la denuncia presentada en la Comisi\u00f3n de \u00c9tica y Disciplina de la Asamblea Nacional\u201d.<\/p>\n\n\n\n<p>Dijo que se tendr\u00e1 que hacer la investigaci\u00f3n, probar si efectivamente se ha cometido el delito, si eso es as\u00ed se emitir\u00e1 la sanci\u00f3n que corresponda. Sonorama\/jtr (I)<\/p>\n\n\n\n<p>Ecuadorenvivo<\/p>\n","protected":false},"excerpt":{"rendered":"<p>Salvador Quishpe, asamble\u00edsta de Pachakutik, a prop\u00f3sito del pedido de diezmos de parte del legislador Joel Abad, de su misma bancada, dijo que le preocupa el audio difundido en las redes, \u201clas palabras del asamble\u00edsta Abad son muy claras. Entiendo que ya est\u00e1 la denuncia presentada en la Comisi\u00f3n de \u00c9tica y Disciplina de la Asamblea Nacional\u201d. Dijo que se tendr\u00e1 que hacer la investigaci\u00f3n, probar si efectivamente se ha cometido el delito, si eso es as\u00ed se emitir\u00e1 la sanci\u00f3n que corresponda. Sonorama\/jtr (I) Ecuadorenvivo<\/p>\n","protected":false},"author":1,"featured_media":6358,"comment_status":"open","ping_status":"open","sticky":false,"template":"","format":"standard","meta":{"footnotes":""},"categories":[268],"tags":[],"class_list":["post-6357","post","type-post","status-publish","format-standard","has-post-thumbnail","hentry","category-nacionales"],"_links":{"self":[{"href":"https:\/\/www.elamazonico.com\/portal\/wp-json\/wp\/v2\/posts\/6357","targetHints":{"allow":["GET"]}}],"collection":[{"href":"https:\/\/www.elamazonico.com\/portal\/wp-json\/wp\/v2\/posts"}],"about":[{"href":"https:\/\/www.elamazonico.com\/portal\/wp-json\/wp\/v2\/types\/post"}],"author":[{"embeddable":true,"href":"https:\/\/www.elamazonico.com\/portal\/wp-json\/wp\/v2\/users\/1"}],"replies":[{"embeddable":true,"href":"https:\/\/www.elamazonico.com\/portal\/wp-json\/wp\/v2\/comments?post=6357"}],"version-history":[{"count":1,"href":"https:\/\/www.elamazonico.com\/portal\/wp-json\/wp\/v2\/posts\/6357\/revisions"}],"predecessor-version":[{"id":6359,"href":"https:\/\/www.elamazonico.com\/portal\/wp-json\/wp\/v2\/posts\/6357\/revisions\/6359"}],"wp:featuredmedia":[{"embeddable":true,"href":"https:\/\/www.elamazonico.com\/portal\/wp-json\/wp\/v2\/media\/6358"}],"wp:attachment":[{"href":"https:\/\/www.elamazonico.com\/portal\/wp-json\/wp\/v2\/media?parent=6357"}],"wp:term":[{"taxonomy":"category","embeddable":true,"href":"https:\/\/www.elamazonico.com\/portal\/wp-json\/wp\/v2\/categories?post=6357"},{"taxonomy":"post_tag","embeddable":true,"href":"https:\/\/www.elamazonico.com\/portal\/wp-json\/wp\/v2\/tags?post=6357"}],"curies":[{"name":"wp","href":"https:\/\/api.w.org\/{rel}","templated":true}]}}