{"id":6344,"date":"2022-10-24T09:34:06","date_gmt":"2022-10-24T14:34:06","guid":{"rendered":"https:\/\/www.elamazonico.com\/portal\/?p=6344"},"modified":"2022-10-24T09:34:12","modified_gmt":"2022-10-24T14:34:12","slug":"continuan-las-investigaciones-en-torno-al-caso-maria-belen-bernal%ef%bf%bc","status":"publish","type":"post","link":"https:\/\/www.elamazonico.com\/portal\/continuan-las-investigaciones-en-torno-al-caso-maria-belen-bernal%ef%bf%bc\/","title":{"rendered":"Contin\u00faan las investigaciones en torno al caso Mar\u00eda Bel\u00e9n Bernal\ufffc"},"content":{"rendered":"\n<p>En entrevista para Ecuador Tv, Doris Viteri, Subdirectora de la Escuela Superior de Polic\u00eda (ESP), dio detalles de la investigaci\u00f3n en torno al caso de Mar\u00eda Bel\u00e9n Bernal.<\/p>\n\n\n\n<p>Inform\u00f3 que ya se registran 14 sanciones administrativas notificadas y que 28 cadetes de la polic\u00eda ya han dado su versi\u00f3n de los hechos. Adem\u00e1s, indic\u00f3 que otros 13 servidores policiales se encuentran con sumarios administrativos.<\/p>\n\n\n\n<p>Viteri explic\u00f3 que, en el caso de los cadetes, los sumarios se abrieron por cambiarse de puestos de servicio, no dar parte al momento que vieron alg\u00fan veh\u00edculo y por no registrar novedades en el libro de las garitas.&nbsp;Aclar\u00f3 que no es responsabilidad de los cadetes si alguien ingresa a esta instituci\u00f3n en estado et\u00edlico.<\/p>\n\n\n\n<p>Sobre los retos que tiene la nueva directiva de la ESP, la Subdirectora resalt\u00f3 que se est\u00e1n reforzando ciertos protocolos de acuerdo a los reglamentos existentes. \u201cSe est\u00e1n haciendo revisiones a estos reglamentos a ver si se pueden hacer algunas reformas o cambios definitivos\u201d, enfatiz\u00f3.<\/p>\n\n\n\n<p>Respecto a la probidad del personal que labora en la ESP, la coronel Viteri enfatiz\u00f3: \u201cNosotros ya hemos realizado una prueba psicol\u00f3gica a todos los se\u00f1ores oficiales instructores (\u2026) para verificar su situaci\u00f3n de personalidad\u201d.<\/p>\n\n\n\n<p>En torno a otras denuncias al interior de la instituci\u00f3n, como la supuesta violaci\u00f3n a una cadete, la Subdirectora explic\u00f3 que contin\u00faan las investigaciones y que la Fiscal\u00eda General del Estado ya inici\u00f3 las diligencias respectivas. (I)<\/p>\n\n\n\n<p>El Tel\u00e9grafo<\/p>\n","protected":false},"excerpt":{"rendered":"<p>En entrevista para Ecuador Tv, Doris Viteri, Subdirectora de la Escuela Superior de Polic\u00eda (ESP), dio detalles de la investigaci\u00f3n en torno al caso de Mar\u00eda Bel\u00e9n Bernal. Inform\u00f3 que ya se registran 14 sanciones administrativas notificadas y que 28 cadetes de la polic\u00eda ya han dado su versi\u00f3n de los hechos. Adem\u00e1s, indic\u00f3 que otros 13 servidores policiales se encuentran con sumarios administrativos. Viteri explic\u00f3 que, en el caso de los cadetes, los sumarios se abrieron por cambiarse de puestos de servicio, no dar parte al momento que vieron alg\u00fan veh\u00edculo y por no registrar novedades en el libro de las garitas.&nbsp;Aclar\u00f3 que no es responsabilidad de los cadetes si alguien ingresa a esta instituci\u00f3n en estado et\u00edlico. Sobre los retos que tiene la nueva directiva de la ESP, la Subdirectora resalt\u00f3 que se est\u00e1n reforzando ciertos protocolos de acuerdo a los reglamentos existentes. \u201cSe est\u00e1n haciendo revisiones a estos reglamentos a ver si se pueden hacer algunas reformas o cambios definitivos\u201d, enfatiz\u00f3. Respecto a la probidad del personal que labora en la ESP, la coronel Viteri enfatiz\u00f3: \u201cNosotros ya hemos realizado una prueba psicol\u00f3gica a todos los se\u00f1ores oficiales instructores (\u2026) para verificar su situaci\u00f3n de personalidad\u201d. En torno a otras denuncias al interior de la instituci\u00f3n, como la supuesta violaci\u00f3n a una cadete, la Subdirectora explic\u00f3 que contin\u00faan las investigaciones y que la Fiscal\u00eda General del Estado ya inici\u00f3 las diligencias respectivas. (I) El Tel\u00e9grafo<\/p>\n","protected":false},"author":1,"featured_media":6345,"comment_status":"open","ping_status":"open","sticky":false,"template":"","format":"standard","meta":{"footnotes":""},"categories":[268],"tags":[],"class_list":["post-6344","post","type-post","status-publish","format-standard","has-post-thumbnail","hentry","category-nacionales"],"_links":{"self":[{"href":"https:\/\/www.elamazonico.com\/portal\/wp-json\/wp\/v2\/posts\/6344","targetHints":{"allow":["GET"]}}],"collection":[{"href":"https:\/\/www.elamazonico.com\/portal\/wp-json\/wp\/v2\/posts"}],"about":[{"href":"https:\/\/www.elamazonico.com\/portal\/wp-json\/wp\/v2\/types\/post"}],"author":[{"embeddable":true,"href":"https:\/\/www.elamazonico.com\/portal\/wp-json\/wp\/v2\/users\/1"}],"replies":[{"embeddable":true,"href":"https:\/\/www.elamazonico.com\/portal\/wp-json\/wp\/v2\/comments?post=6344"}],"version-history":[{"count":1,"href":"https:\/\/www.elamazonico.com\/portal\/wp-json\/wp\/v2\/posts\/6344\/revisions"}],"predecessor-version":[{"id":6346,"href":"https:\/\/www.elamazonico.com\/portal\/wp-json\/wp\/v2\/posts\/6344\/revisions\/6346"}],"wp:featuredmedia":[{"embeddable":true,"href":"https:\/\/www.elamazonico.com\/portal\/wp-json\/wp\/v2\/media\/6345"}],"wp:attachment":[{"href":"https:\/\/www.elamazonico.com\/portal\/wp-json\/wp\/v2\/media?parent=6344"}],"wp:term":[{"taxonomy":"category","embeddable":true,"href":"https:\/\/www.elamazonico.com\/portal\/wp-json\/wp\/v2\/categories?post=6344"},{"taxonomy":"post_tag","embeddable":true,"href":"https:\/\/www.elamazonico.com\/portal\/wp-json\/wp\/v2\/tags?post=6344"}],"curies":[{"name":"wp","href":"https:\/\/api.w.org\/{rel}","templated":true}]}}