{"id":6328,"date":"2022-10-21T06:13:25","date_gmt":"2022-10-21T11:13:25","guid":{"rendered":"https:\/\/www.elamazonico.com\/portal\/?p=6328"},"modified":"2022-10-21T06:13:31","modified_gmt":"2022-10-21T11:13:31","slug":"fiscalia-rastrea-acciones-de-agentes-que-buscaron-a-german-c-en-colombia","status":"publish","type":"post","link":"https:\/\/www.elamazonico.com\/portal\/fiscalia-rastrea-acciones-de-agentes-que-buscaron-a-german-c-en-colombia\/","title":{"rendered":"Fiscal\u00eda rastrea acciones de agentes que buscaron a Germ\u00e1n C. en Colombia"},"content":{"rendered":"\n<p>La fiscal general,<strong>\u00a0Diana Salazar<\/strong>, dio a conocer las nuevas acciones que se han realizado dentro de la investigaci\u00f3n del\u00a0<strong>femicidio de Mar\u00eda Bel\u00e9n Bernal<\/strong>.\u00a0<\/p>\n\n\n\n<p>La titular de la Fiscal\u00eda<strong>&nbsp;solicit\u00f3 a la Polic\u00eda Nacional<\/strong>&nbsp;un&nbsp;<strong>informe&nbsp;<\/strong>pormenorizado de las&nbsp;<strong>actividades&nbsp;<\/strong>que realiz\u00f3, en&nbsp;<strong>Colombia,<\/strong>&nbsp;un grupo de&nbsp;<strong>agentes&nbsp;<\/strong>a cargo de&nbsp;<strong>buscar&nbsp;<\/strong>a&nbsp;<strong>Germ\u00e1n C,<\/strong>&nbsp;el principal sospechoso del crimen y quien est\u00e1 pr\u00f3fugo de la justicia.&nbsp;<\/p>\n\n\n\n<p>Esta comisi\u00f3n de agentes fue enviado a ese pa\u00eds, pues seg\u00fan la Comandancia de Polic\u00eda,&nbsp;<strong>el sospechoso sali\u00f3 del pa\u00eds&nbsp;<\/strong>por el&nbsp;Puente Internacional de Rumichaca. Adem\u00e1s, la Polic\u00eda dijo que por un monitoreo de las c\u00e1maras de seguridad se conoce que el pr\u00f3fugo&nbsp;<strong>lleg\u00f3 hasta Medell\u00edn. &nbsp;&nbsp;<\/strong><\/p>\n\n\n\n<p>Ese grupo de agentes estuvo en Colombia desde el 27 de septiembre del 2022 hasta el 9 de octubre del 2022. &nbsp;<\/p>\n\n\n\n<p>Ellos elaboraron un informe en el que consta que el personal de un puerto vio que una&nbsp;<strong>embarcaci\u00f3n transport\u00f3 a un ciudadano, con caracter\u00edsticas similares a Germ\u00e1n C., y a una motocicleta&nbsp;rumbo a Panam\u00e1.&nbsp;<\/strong><\/p>\n\n\n\n<p>Este jueves 20 de octubre del 2022, Salazar tambi\u00e9n dijo que se\u00a0ha remitido a la\u00a0<strong>Contralor\u00eda General\u00a0<\/strong>copias certificadas del informe de\u00a0investigaci\u00f3n elaborado por los agentes de la Polic\u00eda Nacional, en Bogot\u00e1. El objetivo es\u00a0<strong>verificar\u00a0el uso que se le dieron a los\u00a0recursos p\u00fablicos, en ese viaje.\u00a0<\/strong><\/p>\n\n\n\n<p>alazar dio a conocer estos&nbsp;detalles en la Comisi\u00f3n Ocasional de la Asamblea, que se conform\u00f3 por el caso de Mar\u00eda Bel\u00e9n Bernal.&nbsp;<\/p>\n\n\n\n<h2 class=\"wp-block-heading\" id=\"h-decisiones-en-la-investigacion\"><strong>Decisiones en la investigaci\u00f3n<\/strong><\/h2>\n\n\n\n<p>Durante su comparecencia en el Legislativo, la fiscal Salazar indic\u00f3 que la Direcci\u00f3n Nacional de Investigaci\u00f3n de Muertes Violentas de la Polic\u00eda&nbsp;<strong>(DINASED) ya no participa de la investigaci\u00f3n de este caso. &nbsp;<\/strong><\/p>\n\n\n\n<p>Ahora, la tarea de realizar diligencias y recabar evidencias de esta causa la tendr\u00e1 un equipo de la&nbsp;Unidad Nacional de Investigaci\u00f3n Civil, junto con la Fiscal\u00eda. &nbsp;<\/p>\n\n\n\n<p>Hasta el momento se han realizado\u00a0<strong>246 diligencias investigativas.\u00a0<\/strong>Entre ellas,\u00a0<strong>se ha tomado la versi\u00f3n a 47 personas\u00a0<\/strong>entre\u00a0\u201cfamiliares, servidores policiales de la Escuela Superior de Polic\u00eda y personas que podr\u00edan tener conocimiento de los\u00a0hechos\u201d. \u00a0<strong>Fuente: El Comercio <\/strong><\/p>\n","protected":false},"excerpt":{"rendered":"<p>La fiscal general,\u00a0Diana Salazar, dio a conocer las nuevas acciones que se han realizado dentro de la investigaci\u00f3n del\u00a0femicidio de Mar\u00eda Bel\u00e9n Bernal.\u00a0 La titular de la Fiscal\u00eda&nbsp;solicit\u00f3 a la Polic\u00eda Nacional&nbsp;un&nbsp;informe&nbsp;pormenorizado de las&nbsp;actividades&nbsp;que realiz\u00f3, en&nbsp;Colombia,&nbsp;un grupo de&nbsp;agentes&nbsp;a cargo de&nbsp;buscar&nbsp;a&nbsp;Germ\u00e1n C,&nbsp;el principal sospechoso del crimen y quien est\u00e1 pr\u00f3fugo de la justicia.&nbsp; Esta comisi\u00f3n de agentes fue enviado a ese pa\u00eds, pues seg\u00fan la Comandancia de Polic\u00eda,&nbsp;el sospechoso sali\u00f3 del pa\u00eds&nbsp;por el&nbsp;Puente Internacional de Rumichaca. Adem\u00e1s, la Polic\u00eda dijo que por un monitoreo de las c\u00e1maras de seguridad se conoce que el pr\u00f3fugo&nbsp;lleg\u00f3 hasta Medell\u00edn. &nbsp;&nbsp; Ese grupo de agentes estuvo en Colombia desde el 27 de septiembre del 2022 hasta el 9 de octubre del 2022. &nbsp; Ellos elaboraron un informe en el que consta que el personal de un puerto vio que una&nbsp;embarcaci\u00f3n transport\u00f3 a un ciudadano, con caracter\u00edsticas similares a Germ\u00e1n C., y a una motocicleta&nbsp;rumbo a Panam\u00e1.&nbsp; Este jueves 20 de octubre del 2022, Salazar tambi\u00e9n dijo que se\u00a0ha remitido a la\u00a0Contralor\u00eda General\u00a0copias certificadas del informe de\u00a0investigaci\u00f3n elaborado por los agentes de la Polic\u00eda Nacional, en Bogot\u00e1. El objetivo es\u00a0verificar\u00a0el uso que se le dieron a los\u00a0recursos p\u00fablicos, en ese viaje.\u00a0 alazar dio a conocer estos&nbsp;detalles en la Comisi\u00f3n Ocasional de la Asamblea, que se conform\u00f3 por el caso de Mar\u00eda Bel\u00e9n Bernal.&nbsp; Decisiones en la investigaci\u00f3n Durante su comparecencia en el Legislativo, la fiscal Salazar indic\u00f3 que la Direcci\u00f3n Nacional de Investigaci\u00f3n de Muertes Violentas de la Polic\u00eda&nbsp;(DINASED) ya no participa de la investigaci\u00f3n de este caso. &nbsp; Ahora, la tarea de realizar diligencias y recabar evidencias de esta causa la tendr\u00e1 un equipo de la&nbsp;Unidad Nacional de Investigaci\u00f3n Civil, junto con la Fiscal\u00eda. &nbsp; Hasta el momento se han realizado\u00a0246 diligencias investigativas.\u00a0Entre ellas,\u00a0se ha tomado la versi\u00f3n a 47 personas\u00a0entre\u00a0\u201cfamiliares, servidores policiales de la Escuela Superior de Polic\u00eda y personas que podr\u00edan tener conocimiento de los\u00a0hechos\u201d. \u00a0Fuente: El Comercio<\/p>\n","protected":false},"author":1,"featured_media":6329,"comment_status":"open","ping_status":"open","sticky":false,"template":"","format":"standard","meta":{"footnotes":""},"categories":[268],"tags":[],"class_list":["post-6328","post","type-post","status-publish","format-standard","has-post-thumbnail","hentry","category-nacionales"],"_links":{"self":[{"href":"https:\/\/www.elamazonico.com\/portal\/wp-json\/wp\/v2\/posts\/6328","targetHints":{"allow":["GET"]}}],"collection":[{"href":"https:\/\/www.elamazonico.com\/portal\/wp-json\/wp\/v2\/posts"}],"about":[{"href":"https:\/\/www.elamazonico.com\/portal\/wp-json\/wp\/v2\/types\/post"}],"author":[{"embeddable":true,"href":"https:\/\/www.elamazonico.com\/portal\/wp-json\/wp\/v2\/users\/1"}],"replies":[{"embeddable":true,"href":"https:\/\/www.elamazonico.com\/portal\/wp-json\/wp\/v2\/comments?post=6328"}],"version-history":[{"count":1,"href":"https:\/\/www.elamazonico.com\/portal\/wp-json\/wp\/v2\/posts\/6328\/revisions"}],"predecessor-version":[{"id":6330,"href":"https:\/\/www.elamazonico.com\/portal\/wp-json\/wp\/v2\/posts\/6328\/revisions\/6330"}],"wp:featuredmedia":[{"embeddable":true,"href":"https:\/\/www.elamazonico.com\/portal\/wp-json\/wp\/v2\/media\/6329"}],"wp:attachment":[{"href":"https:\/\/www.elamazonico.com\/portal\/wp-json\/wp\/v2\/media?parent=6328"}],"wp:term":[{"taxonomy":"category","embeddable":true,"href":"https:\/\/www.elamazonico.com\/portal\/wp-json\/wp\/v2\/categories?post=6328"},{"taxonomy":"post_tag","embeddable":true,"href":"https:\/\/www.elamazonico.com\/portal\/wp-json\/wp\/v2\/tags?post=6328"}],"curies":[{"name":"wp","href":"https:\/\/api.w.org\/{rel}","templated":true}]}}