{"id":6325,"date":"2022-10-21T06:10:37","date_gmt":"2022-10-21T11:10:37","guid":{"rendered":"https:\/\/www.elamazonico.com\/portal\/?p=6325"},"modified":"2022-10-21T06:10:45","modified_gmt":"2022-10-21T11:10:45","slug":"la-posta-filtra-audio-de-venta-de-cargos-en-sector-petrolero","status":"publish","type":"post","link":"https:\/\/www.elamazonico.com\/portal\/la-posta-filtra-audio-de-venta-de-cargos-en-sector-petrolero\/","title":{"rendered":"La Posta filtra audio de venta de cargos en sector petrolero"},"content":{"rendered":"\n<p>El portal digital La Posta, en su programa Caf\u00e9 la Posta, filtr\u00f3 hoy un audio que se atribuye a la voz del ex gerente general de Petroecuador, \u00cdtalo Cede\u00f1o, en el cual se dice que el actual ministro de Energ\u00eda, Xavier Vera, le ofreci\u00f3 2 millones de d\u00f3lares por cargos en Petroecuador. Lo habr\u00eda hecho a trav\u00e9s de una intermediaria.<\/p>\n\n\n\n<p>En el audio se escucha: \u00abS\u00ed, \u00e9l vende puestos. A m\u00ed me pidi\u00f3 dos o tres puestos, que a m\u00ed me ofrec\u00edan plata por esos puestos\u00bb.<\/p>\n\n\n\n<p>El presidente Guillermo Lasso ces\u00f3 en funciones a \u00cdtalo Cede\u00f1o el 1 de agosto de 2022.<\/p>\n\n\n\n<p>El Jefe de Estado no explic\u00f3 las razones de la remoci\u00f3n de Cede\u00f1o, pero se da horas despu\u00e9s de que admitiera que su esposa \u201cle suger\u00eda (nombres de) funcionarios (para cargos) y sacar a otros corruptos\u201d.<\/p>\n\n\n\n<p>De todo esto, dijo Cede\u00f1o, estaba enterado el propio presidente Lasso.<\/p>\n\n\n\n<p>Cede\u00f1o, un ingeniero en Petr\u00f3leos, se hab\u00eda desempe\u00f1ado por siete meses en el cargo.<\/p>\n\n\n\n<figure class=\"wp-block-embed is-type-rich is-provider-twitter wp-block-embed-twitter\"><div class=\"wp-block-embed__wrapper\">\n<blockquote class=\"twitter-tweet\" data-width=\"550\" data-dnt=\"true\"><p lang=\"es\" dir=\"ltr\"><a href=\"https:\/\/twitter.com\/hashtag\/Caf%C3%A9LaPosta?src=hash&amp;ref_src=twsrc%5Etfw\">#Caf\u00e9LaPosta<\/a> \u2615\ufe0f | La Posta accede a audios donde \u00cdtalo Cede\u00f1o, exgerente de Petroecuador, dice que Xavier Vera, actual ministro de Energ\u00eda, le ofreci\u00f3 $2 millones por cargos en Petroecuador. Lo habr\u00eda hecho a trav\u00e9s de una intermediaria. <a href=\"https:\/\/t.co\/1QF8GyJ7rV\">pic.twitter.com\/1QF8GyJ7rV<\/a><\/p>&mdash; La Posta (@LaPosta_Ecu) <a href=\"https:\/\/twitter.com\/LaPosta_Ecu\/status\/1583105883499683842?ref_src=twsrc%5Etfw\">October 20, 2022<\/a><\/blockquote><script async src=\"https:\/\/platform.twitter.com\/widgets.js\" charset=\"utf-8\"><\/script>\n<\/div><\/figure>\n","protected":false},"excerpt":{"rendered":"<p>El portal digital La Posta, en su programa Caf\u00e9 la Posta, filtr\u00f3 hoy un audio que se atribuye a la voz del ex gerente general de Petroecuador, \u00cdtalo Cede\u00f1o, en el cual se dice que el actual ministro de Energ\u00eda, Xavier Vera, le ofreci\u00f3 2 millones de d\u00f3lares por cargos en Petroecuador. Lo habr\u00eda hecho a trav\u00e9s de una intermediaria. En el audio se escucha: \u00abS\u00ed, \u00e9l vende puestos. A m\u00ed me pidi\u00f3 dos o tres puestos, que a m\u00ed me ofrec\u00edan plata por esos puestos\u00bb. El presidente Guillermo Lasso ces\u00f3 en funciones a \u00cdtalo Cede\u00f1o el 1 de agosto de 2022. El Jefe de Estado no explic\u00f3 las razones de la remoci\u00f3n de Cede\u00f1o, pero se da horas despu\u00e9s de que admitiera que su esposa \u201cle suger\u00eda (nombres de) funcionarios (para cargos) y sacar a otros corruptos\u201d. De todo esto, dijo Cede\u00f1o, estaba enterado el propio presidente Lasso. Cede\u00f1o, un ingeniero en Petr\u00f3leos, se hab\u00eda desempe\u00f1ado por siete meses en el cargo.<\/p>\n","protected":false},"author":1,"featured_media":6326,"comment_status":"open","ping_status":"open","sticky":false,"template":"","format":"standard","meta":{"footnotes":""},"categories":[268],"tags":[],"class_list":["post-6325","post","type-post","status-publish","format-standard","has-post-thumbnail","hentry","category-nacionales"],"_links":{"self":[{"href":"https:\/\/www.elamazonico.com\/portal\/wp-json\/wp\/v2\/posts\/6325","targetHints":{"allow":["GET"]}}],"collection":[{"href":"https:\/\/www.elamazonico.com\/portal\/wp-json\/wp\/v2\/posts"}],"about":[{"href":"https:\/\/www.elamazonico.com\/portal\/wp-json\/wp\/v2\/types\/post"}],"author":[{"embeddable":true,"href":"https:\/\/www.elamazonico.com\/portal\/wp-json\/wp\/v2\/users\/1"}],"replies":[{"embeddable":true,"href":"https:\/\/www.elamazonico.com\/portal\/wp-json\/wp\/v2\/comments?post=6325"}],"version-history":[{"count":1,"href":"https:\/\/www.elamazonico.com\/portal\/wp-json\/wp\/v2\/posts\/6325\/revisions"}],"predecessor-version":[{"id":6327,"href":"https:\/\/www.elamazonico.com\/portal\/wp-json\/wp\/v2\/posts\/6325\/revisions\/6327"}],"wp:featuredmedia":[{"embeddable":true,"href":"https:\/\/www.elamazonico.com\/portal\/wp-json\/wp\/v2\/media\/6326"}],"wp:attachment":[{"href":"https:\/\/www.elamazonico.com\/portal\/wp-json\/wp\/v2\/media?parent=6325"}],"wp:term":[{"taxonomy":"category","embeddable":true,"href":"https:\/\/www.elamazonico.com\/portal\/wp-json\/wp\/v2\/categories?post=6325"},{"taxonomy":"post_tag","embeddable":true,"href":"https:\/\/www.elamazonico.com\/portal\/wp-json\/wp\/v2\/tags?post=6325"}],"curies":[{"name":"wp","href":"https:\/\/api.w.org\/{rel}","templated":true}]}}