{"id":6254,"date":"2022-10-16T12:49:23","date_gmt":"2022-10-16T17:49:23","guid":{"rendered":"https:\/\/www.elamazonico.com\/portal\/?p=6254"},"modified":"2022-10-16T12:49:42","modified_gmt":"2022-10-16T17:49:42","slug":"gobierno-entrego-134-viviendas-gratuitas-en-el-canton-pedro-carbo","status":"publish","type":"post","link":"https:\/\/www.elamazonico.com\/portal\/gobierno-entrego-134-viviendas-gratuitas-en-el-canton-pedro-carbo\/","title":{"rendered":"Gobierno entreg\u00f3 134 viviendas gratuitas en el cant\u00f3n Pedro Carbo"},"content":{"rendered":"\n<p>El presidente de la Rep\u00fablica, Guillermo Lasso, entreg\u00f3 134 viviendas completamente financiadas por el Gobierno, con una inversi\u00f3n de USD 3.1 millones que beneficiar\u00e1n a 576 habitantes del cant\u00f3n Pedro Carbo.<\/p>\n\n\n\n<p>. \u201cNo son 134 casas, son 134 hogares felices que est\u00e1n en un ambiente seguro (\u2026). De eso se trata gobernar para los ciudadanos, sacar una sonrisa de muchas familias en el Ecuador que dicen: \u2018ya tengo mi casa propia\u2019\u201d, asever\u00f3 el Primer Mandatario.<\/p>\n\n\n\n<p>El Plan Habitacional Pedro Carbo cuenta con canchas multiuso, gimnasio, casa comunal, \u00e1rea de emprendimientos, huertos comunales y otros espacios de recreaci\u00f3n, que desde este d\u00eda ser\u00e1n aprovechados por 284 ni\u00f1os y adolescentes que habitar\u00e1n en esta urbanizaci\u00f3n. Adem\u00e1s, el Presidente indic\u00f3 que varias casas fueron equipadas.<\/p>\n\n\n\n<p>El Jefe de Estado asegur\u00f3 que se han priorizado a mujeres para que sean beneficiarias de la entrega de casas. Precisamente, el 82 % de propietarios de este nuevo plan habitacional son jefas de hogar.<\/p>\n\n\n\n<p>Tras la entrega de viviendas de inter\u00e9s social, el Primer Mandatario mantuvo un conversatorio con la ciudadan\u00eda para escuchar sus principales necesidades, con el fin de brindar soluciones que mejoren las condiciones de vida de estas familias.<\/p>\n\n\n\n<figure class=\"wp-block-embed is-type-rich is-provider-twitter wp-block-embed-twitter\"><div class=\"wp-block-embed__wrapper\">\n<blockquote class=\"twitter-tweet\" data-width=\"550\" data-dnt=\"true\"><p lang=\"es\" dir=\"ltr\">Cambiamos la vida de los ecuatorianos con acciones concretas y reales. Entregamos est\u00e1 urbanizaci\u00f3n de 134 viviendas en Pedro Carbo que permitir\u00e1 a 576 personas de grupos vulnerables contar con nuevas oportunidades. Ahora tienen un patrimonio para su futuro y el de sus hijos. <a href=\"https:\/\/t.co\/4MU2OhQkVy\">pic.twitter.com\/4MU2OhQkVy<\/a><\/p>&mdash; Guillermo Lasso (@LassoGuillermo) <a href=\"https:\/\/twitter.com\/LassoGuillermo\/status\/1581357002856374273?ref_src=twsrc%5Etfw\">October 15, 2022<\/a><\/blockquote><script async src=\"https:\/\/platform.twitter.com\/widgets.js\" charset=\"utf-8\"><\/script>\n<\/div><\/figure>\n\n\n\n<figure class=\"wp-block-embed is-type-rich is-provider-twitter wp-block-embed-twitter\"><div class=\"wp-block-embed__wrapper\">\n<blockquote class=\"twitter-tweet\" data-width=\"550\" data-dnt=\"true\"><p lang=\"es\" dir=\"ltr\"><a href=\"https:\/\/twitter.com\/hashtag\/L%C3%A9aloenET?src=hash&amp;ref_src=twsrc%5Etfw\">#L\u00e9aloenET<\/a>: Ministro de Gobierno destaca los acuerdos alcanzados con organizaciones sociales: <a href=\"https:\/\/t.co\/uEQdzPsvf7\">https:\/\/t.co\/uEQdzPsvf7<\/a> <a href=\"https:\/\/t.co\/FbjJU1dq7J\">pic.twitter.com\/FbjJU1dq7J<\/a><\/p>&mdash; El Tel\u00e9grafo Ecuador (@el_telegrafo) <a href=\"https:\/\/twitter.com\/el_telegrafo\/status\/1581336602478944257?ref_src=twsrc%5Etfw\">October 15, 2022<\/a><\/blockquote><script async src=\"https:\/\/platform.twitter.com\/widgets.js\" charset=\"utf-8\"><\/script>\n<\/div><\/figure>\n","protected":false},"excerpt":{"rendered":"<p>El presidente de la Rep\u00fablica, Guillermo Lasso, entreg\u00f3 134 viviendas completamente financiadas por el Gobierno, con una inversi\u00f3n de USD 3.1 millones que beneficiar\u00e1n a 576 habitantes del cant\u00f3n Pedro Carbo. . \u201cNo son 134 casas, son 134 hogares felices que est\u00e1n en un ambiente seguro (\u2026). De eso se trata gobernar para los ciudadanos, sacar una sonrisa de muchas familias en el Ecuador que dicen: \u2018ya tengo mi casa propia\u2019\u201d, asever\u00f3 el Primer Mandatario. El Plan Habitacional Pedro Carbo cuenta con canchas multiuso, gimnasio, casa comunal, \u00e1rea de emprendimientos, huertos comunales y otros espacios de recreaci\u00f3n, que desde este d\u00eda ser\u00e1n aprovechados por 284 ni\u00f1os y adolescentes que habitar\u00e1n en esta urbanizaci\u00f3n. Adem\u00e1s, el Presidente indic\u00f3 que varias casas fueron equipadas. El Jefe de Estado asegur\u00f3 que se han priorizado a mujeres para que sean beneficiarias de la entrega de casas. Precisamente, el 82 % de propietarios de este nuevo plan habitacional son jefas de hogar. Tras la entrega de viviendas de inter\u00e9s social, el Primer Mandatario mantuvo un conversatorio con la ciudadan\u00eda para escuchar sus principales necesidades, con el fin de brindar soluciones que mejoren las condiciones de vida de estas familias.<\/p>\n","protected":false},"author":1,"featured_media":6255,"comment_status":"open","ping_status":"open","sticky":false,"template":"","format":"standard","meta":{"footnotes":""},"categories":[268],"tags":[],"class_list":["post-6254","post","type-post","status-publish","format-standard","has-post-thumbnail","hentry","category-nacionales"],"_links":{"self":[{"href":"https:\/\/www.elamazonico.com\/portal\/wp-json\/wp\/v2\/posts\/6254","targetHints":{"allow":["GET"]}}],"collection":[{"href":"https:\/\/www.elamazonico.com\/portal\/wp-json\/wp\/v2\/posts"}],"about":[{"href":"https:\/\/www.elamazonico.com\/portal\/wp-json\/wp\/v2\/types\/post"}],"author":[{"embeddable":true,"href":"https:\/\/www.elamazonico.com\/portal\/wp-json\/wp\/v2\/users\/1"}],"replies":[{"embeddable":true,"href":"https:\/\/www.elamazonico.com\/portal\/wp-json\/wp\/v2\/comments?post=6254"}],"version-history":[{"count":1,"href":"https:\/\/www.elamazonico.com\/portal\/wp-json\/wp\/v2\/posts\/6254\/revisions"}],"predecessor-version":[{"id":6256,"href":"https:\/\/www.elamazonico.com\/portal\/wp-json\/wp\/v2\/posts\/6254\/revisions\/6256"}],"wp:featuredmedia":[{"embeddable":true,"href":"https:\/\/www.elamazonico.com\/portal\/wp-json\/wp\/v2\/media\/6255"}],"wp:attachment":[{"href":"https:\/\/www.elamazonico.com\/portal\/wp-json\/wp\/v2\/media?parent=6254"}],"wp:term":[{"taxonomy":"category","embeddable":true,"href":"https:\/\/www.elamazonico.com\/portal\/wp-json\/wp\/v2\/categories?post=6254"},{"taxonomy":"post_tag","embeddable":true,"href":"https:\/\/www.elamazonico.com\/portal\/wp-json\/wp\/v2\/tags?post=6254"}],"curies":[{"name":"wp","href":"https:\/\/api.w.org\/{rel}","templated":true}]}}