{"id":6248,"date":"2022-10-16T12:29:34","date_gmt":"2022-10-16T17:29:34","guid":{"rendered":"https:\/\/www.elamazonico.com\/portal\/?p=6248"},"modified":"2022-10-16T12:29:40","modified_gmt":"2022-10-16T17:29:40","slug":"acuerdos-de-dialogo-dejan-retos-para-el-gobierno-ecuatoriano","status":"publish","type":"post","link":"https:\/\/www.elamazonico.com\/portal\/acuerdos-de-dialogo-dejan-retos-para-el-gobierno-ecuatoriano\/","title":{"rendered":"Acuerdos de di\u00e1logo dejan retos para el Gobierno ecuatoriano"},"content":{"rendered":"\n<p>En los pr\u00f3ximos d\u00edas se presentar\u00e1n nuevos retos para el\u00a0<strong>Gobierno<\/strong>, que deber\u00e1\u00a0<strong>cumplir los acuerdos firmados<\/strong>\u00a0el 14 de octubre de 2022, tras\u00a0<strong>90 d\u00edas de di\u00e1logo<\/strong>\u00a0en 10 mesas tem\u00e1ticas que finalizaron.<\/p>\n\n\n\n<p>Y a pesar de llegar a coincidir en\u00a0<strong>218 puntos<\/strong>, las\u00a0<strong>organizaciones ind\u00edgenas<\/strong>\u00a0mencionan que no se consideraron temas medulares.<\/p>\n\n\n\n<p>A partir de ahora se crear\u00e1 una&nbsp;<strong>comisi\u00f3n t\u00e9cnica<\/strong>&nbsp;que ser\u00e1 la responsable de determinar cu\u00e1les temas se pueden tratar a corto, mediano y largo plazo.<\/p>\n\n\n\n<p>El pr\u00f3ximo 19 de octubre se realizar\u00e1 una<strong>&nbsp;nueva reuni\u00f3n&nbsp;<\/strong>donde se determinar\u00e1n los t\u00e9rminos de su creaci\u00f3n, qui\u00e9nes ser\u00e1n las personas que la integren y su cronograma de trabajo.<\/p>\n\n\n\n<p>El presidente de la Conaie,&nbsp;<strong>Leonidas Iza<\/strong>, mencion\u00f3 en su discurso del viernes que aunque el Gobierno Nacional ha acordado un n\u00famero de resoluciones que son importantes, todav\u00eda queda por construir un plan estrat\u00e9gico para la implementaci\u00f3n de esos acuerdos.<\/p>\n\n\n\n<h2 class=\"wp-block-heading\">Retos para el Gobierno<\/h2>\n\n\n\n<p>Rodrigo Jord\u00e1n, analista social, menciona que si bien\u00a0<strong>son positivas las mesas\u00a0<\/strong>de di\u00e1logo en pol\u00edticas secundarias con las organizaciones ind\u00edgenas, las mesas tem\u00e1ticas no aportaron en la generaci\u00f3n de un estado de calma social sobre la calidad de vida de la gente.<\/p>\n\n\n\n<p>Explica que en el marco de las&nbsp;<strong>10 mesas<\/strong>&nbsp;no se trataron las cuatro principales preocupaciones del Ecuador que son: seguridad, desempleo, lucha contra la pobreza e inflaci\u00f3n y salud.<\/p>\n\n\n\n<p>\u201cCuando un Gobierno es muy d\u00e9bil pol\u00edticamente, todo el mundo se quiere aprovechar y pescar a r\u00edo revuelto\u201d, indica.<br>Seg\u00fan el analista, el a\u00f1o\u00a0<strong>2023\u00a0<\/strong>ser\u00e1 el a\u00f1o de mayor riesgo de gobernabilidad de la administraci\u00f3n de Guillermo Lasso, porque las cifras de aceptaci\u00f3n est\u00e1n cayendo y esto puede ser muy peligroso. El experto menciona que en Am\u00e9rica Latina, cuando un presidente tiene menos del 8% de aceptaci\u00f3n de gesti\u00f3n, hay un riesgo de que ese gobierno no termine su mandato.<\/p>\n\n\n\n<h2 class=\"wp-block-heading\">Posibles movilizaciones<\/h2>\n\n\n\n<p>Si bien los&nbsp;<strong>movimientos ind\u00edgenas<\/strong>&nbsp;no anunciaron nuevas movilizaciones, eso depender\u00e1 del cumplimiento de cada uno de los acuerdos. Las organizaciones ind\u00edgenas primero analizar\u00e1n los acuerdos antes de llegar a nuevas protestas. Por esa raz\u00f3n es importante que el Gobierno cumpla con los plazos que se establecer\u00e1n en cada uno de los puntos que se trataron en las mesas de di\u00e1logo.<\/p>\n\n\n\n<p>Para Jord\u00e1n, con la\u00a0<strong>debilidad pol\u00edtica del Gobierno<\/strong>, combinada con la fragilidad de los acuerdos, s\u00ed hay una alta probabilidad de que se vuelvan a repetir las movilizaciones. Seg\u00fan el especialista, lo que debe hacer el Gobierno a partir de ahora es cumplir con los acuerdos, ejecutar pol\u00edticas de intervenci\u00f3n a nivel socioecon\u00f3mico y mejorar la calidad de vida de las personas, lo que podr\u00eda generar una mejor aceptaci\u00f3n del r\u00e9gimen en los meses venideros. <strong>Fuente: El Comercio<\/strong><\/p>\n","protected":false},"excerpt":{"rendered":"<p>En los pr\u00f3ximos d\u00edas se presentar\u00e1n nuevos retos para el\u00a0Gobierno, que deber\u00e1\u00a0cumplir los acuerdos firmados\u00a0el 14 de octubre de 2022, tras\u00a090 d\u00edas de di\u00e1logo\u00a0en 10 mesas tem\u00e1ticas que finalizaron. Y a pesar de llegar a coincidir en\u00a0218 puntos, las\u00a0organizaciones ind\u00edgenas\u00a0mencionan que no se consideraron temas medulares. A partir de ahora se crear\u00e1 una&nbsp;comisi\u00f3n t\u00e9cnica&nbsp;que ser\u00e1 la responsable de determinar cu\u00e1les temas se pueden tratar a corto, mediano y largo plazo. El pr\u00f3ximo 19 de octubre se realizar\u00e1 una&nbsp;nueva reuni\u00f3n&nbsp;donde se determinar\u00e1n los t\u00e9rminos de su creaci\u00f3n, qui\u00e9nes ser\u00e1n las personas que la integren y su cronograma de trabajo. El presidente de la Conaie,&nbsp;Leonidas Iza, mencion\u00f3 en su discurso del viernes que aunque el Gobierno Nacional ha acordado un n\u00famero de resoluciones que son importantes, todav\u00eda queda por construir un plan estrat\u00e9gico para la implementaci\u00f3n de esos acuerdos. Retos para el Gobierno Rodrigo Jord\u00e1n, analista social, menciona que si bien\u00a0son positivas las mesas\u00a0de di\u00e1logo en pol\u00edticas secundarias con las organizaciones ind\u00edgenas, las mesas tem\u00e1ticas no aportaron en la generaci\u00f3n de un estado de calma social sobre la calidad de vida de la gente. Explica que en el marco de las&nbsp;10 mesas&nbsp;no se trataron las cuatro principales preocupaciones del Ecuador que son: seguridad, desempleo, lucha contra la pobreza e inflaci\u00f3n y salud. \u201cCuando un Gobierno es muy d\u00e9bil pol\u00edticamente, todo el mundo se quiere aprovechar y pescar a r\u00edo revuelto\u201d, indica.Seg\u00fan el analista, el a\u00f1o\u00a02023\u00a0ser\u00e1 el a\u00f1o de mayor riesgo de gobernabilidad de la administraci\u00f3n de Guillermo Lasso, porque las cifras de aceptaci\u00f3n est\u00e1n cayendo y esto puede ser muy peligroso. El experto menciona que en Am\u00e9rica Latina, cuando un presidente tiene menos del 8% de aceptaci\u00f3n de gesti\u00f3n, hay un riesgo de que ese gobierno no termine su mandato. Posibles movilizaciones Si bien los&nbsp;movimientos ind\u00edgenas&nbsp;no anunciaron nuevas movilizaciones, eso depender\u00e1 del cumplimiento de cada uno de los acuerdos. Las organizaciones ind\u00edgenas primero analizar\u00e1n los acuerdos antes de llegar a nuevas protestas. Por esa raz\u00f3n es importante que el Gobierno cumpla con los plazos que se establecer\u00e1n en cada uno de los puntos que se trataron en las mesas de di\u00e1logo. Para Jord\u00e1n, con la\u00a0debilidad pol\u00edtica del Gobierno, combinada con la fragilidad de los acuerdos, s\u00ed hay una alta probabilidad de que se vuelvan a repetir las movilizaciones. Seg\u00fan el especialista, lo que debe hacer el Gobierno a partir de ahora es cumplir con los acuerdos, ejecutar pol\u00edticas de intervenci\u00f3n a nivel socioecon\u00f3mico y mejorar la calidad de vida de las personas, lo que podr\u00eda generar una mejor aceptaci\u00f3n del r\u00e9gimen en los meses venideros. Fuente: El Comercio<\/p>\n","protected":false},"author":1,"featured_media":6249,"comment_status":"open","ping_status":"open","sticky":false,"template":"","format":"standard","meta":{"footnotes":""},"categories":[268],"tags":[],"class_list":["post-6248","post","type-post","status-publish","format-standard","has-post-thumbnail","hentry","category-nacionales"],"_links":{"self":[{"href":"https:\/\/www.elamazonico.com\/portal\/wp-json\/wp\/v2\/posts\/6248","targetHints":{"allow":["GET"]}}],"collection":[{"href":"https:\/\/www.elamazonico.com\/portal\/wp-json\/wp\/v2\/posts"}],"about":[{"href":"https:\/\/www.elamazonico.com\/portal\/wp-json\/wp\/v2\/types\/post"}],"author":[{"embeddable":true,"href":"https:\/\/www.elamazonico.com\/portal\/wp-json\/wp\/v2\/users\/1"}],"replies":[{"embeddable":true,"href":"https:\/\/www.elamazonico.com\/portal\/wp-json\/wp\/v2\/comments?post=6248"}],"version-history":[{"count":1,"href":"https:\/\/www.elamazonico.com\/portal\/wp-json\/wp\/v2\/posts\/6248\/revisions"}],"predecessor-version":[{"id":6250,"href":"https:\/\/www.elamazonico.com\/portal\/wp-json\/wp\/v2\/posts\/6248\/revisions\/6250"}],"wp:featuredmedia":[{"embeddable":true,"href":"https:\/\/www.elamazonico.com\/portal\/wp-json\/wp\/v2\/media\/6249"}],"wp:attachment":[{"href":"https:\/\/www.elamazonico.com\/portal\/wp-json\/wp\/v2\/media?parent=6248"}],"wp:term":[{"taxonomy":"category","embeddable":true,"href":"https:\/\/www.elamazonico.com\/portal\/wp-json\/wp\/v2\/categories?post=6248"},{"taxonomy":"post_tag","embeddable":true,"href":"https:\/\/www.elamazonico.com\/portal\/wp-json\/wp\/v2\/tags?post=6248"}],"curies":[{"name":"wp","href":"https:\/\/api.w.org\/{rel}","templated":true}]}}