{"id":6238,"date":"2022-10-14T09:22:13","date_gmt":"2022-10-14T14:22:13","guid":{"rendered":"https:\/\/www.elamazonico.com\/portal\/?p=6238"},"modified":"2022-10-14T09:22:51","modified_gmt":"2022-10-14T14:22:51","slug":"villavicencio-cuestiono-una-reunion-privada-en-la-casa-de-virgilio-saquicela","status":"publish","type":"post","link":"https:\/\/www.elamazonico.com\/portal\/villavicencio-cuestiono-una-reunion-privada-en-la-casa-de-virgilio-saquicela\/","title":{"rendered":"Villavicencio cuestion\u00f3 una reuni\u00f3n privada en la casa de Virgilio Saquicela"},"content":{"rendered":"\n<p>Virgilio Saquicela, presidente de la Asamblea Nacional; Iv\u00e1n Saquicela, presidente de la Corte Nacional de Justicia; y Esteban Torres,&nbsp;principal representante del Partido Social Cristiano (PSC) se reunieron en privado en la casa del titular del Legislativo. La cita fue el pasado martes 4 de octubre del 2022.<\/p>\n\n\n\n<p>La alerta la realiz\u00f3 el canal Teleamazonas, que capt\u00f3 en video el momento en el que los tres funcionarios llegaron pasadas las 15:00. Este hecho fue cuestionado por&nbsp;Fernando Villavicencio, presidente de la Comisi\u00f3n de Fiscalizaci\u00f3n de la Asamblea Nacional, sobre todo por lo dicho por Torres, quien en principio neg\u00f3 la reuni\u00f3n y luego lo admiti\u00f3.<\/p>\n\n\n\n<p>A criterio de Villavicencio, \u00abesta investigaci\u00f3n -del medio- pone un faro de luz sobre la conspiraci\u00f3n para alzarse con el control de la justicia. El corre\u00edsmo y el socialcristianismo nos deben una respuesta\u00bb. <strong>Fuente: Ecuador en Vivo<\/strong><\/p>\n\n\n\n<figure class=\"wp-block-embed is-type-rich is-provider-twitter wp-block-embed-twitter\"><div class=\"wp-block-embed__wrapper\">\n<blockquote class=\"twitter-tweet\" data-width=\"550\" data-dnt=\"true\"><p lang=\"es\" dir=\"ltr\">URGENTE| Esta investigaci\u00f3n de <a href=\"https:\/\/twitter.com\/faustoyepez?ref_src=twsrc%5Etfw\">@faustoyepez<\/a> pone un faro de luz sobre la conspiraci\u00f3n para alzarse con el control de la justicia. El corre\u00edsmo y el socialcristianismo nos deben una respuesta. <a href=\"https:\/\/t.co\/ORh4qTxTVg\">pic.twitter.com\/ORh4qTxTVg<\/a><\/p>&mdash; Fernando Villavicencio Valencia (@VillaFernando_) <a href=\"https:\/\/twitter.com\/VillaFernando_\/status\/1580644549008887809?ref_src=twsrc%5Etfw\">October 13, 2022<\/a><\/blockquote><script async src=\"https:\/\/platform.twitter.com\/widgets.js\" charset=\"utf-8\"><\/script>\n<\/div><\/figure>\n","protected":false},"excerpt":{"rendered":"<p>Virgilio Saquicela, presidente de la Asamblea Nacional; Iv\u00e1n Saquicela, presidente de la Corte Nacional de Justicia; y Esteban Torres,&nbsp;principal representante del Partido Social Cristiano (PSC) se reunieron en privado en la casa del titular del Legislativo. La cita fue el pasado martes 4 de octubre del 2022. La alerta la realiz\u00f3 el canal Teleamazonas, que capt\u00f3 en video el momento en el que los tres funcionarios llegaron pasadas las 15:00. Este hecho fue cuestionado por&nbsp;Fernando Villavicencio, presidente de la Comisi\u00f3n de Fiscalizaci\u00f3n de la Asamblea Nacional, sobre todo por lo dicho por Torres, quien en principio neg\u00f3 la reuni\u00f3n y luego lo admiti\u00f3. A criterio de Villavicencio, \u00abesta investigaci\u00f3n -del medio- pone un faro de luz sobre la conspiraci\u00f3n para alzarse con el control de la justicia. El corre\u00edsmo y el socialcristianismo nos deben una respuesta\u00bb. Fuente: Ecuador en Vivo<\/p>\n","protected":false},"author":1,"featured_media":6239,"comment_status":"open","ping_status":"open","sticky":false,"template":"","format":"standard","meta":{"footnotes":""},"categories":[268],"tags":[],"class_list":["post-6238","post","type-post","status-publish","format-standard","has-post-thumbnail","hentry","category-nacionales"],"_links":{"self":[{"href":"https:\/\/www.elamazonico.com\/portal\/wp-json\/wp\/v2\/posts\/6238","targetHints":{"allow":["GET"]}}],"collection":[{"href":"https:\/\/www.elamazonico.com\/portal\/wp-json\/wp\/v2\/posts"}],"about":[{"href":"https:\/\/www.elamazonico.com\/portal\/wp-json\/wp\/v2\/types\/post"}],"author":[{"embeddable":true,"href":"https:\/\/www.elamazonico.com\/portal\/wp-json\/wp\/v2\/users\/1"}],"replies":[{"embeddable":true,"href":"https:\/\/www.elamazonico.com\/portal\/wp-json\/wp\/v2\/comments?post=6238"}],"version-history":[{"count":2,"href":"https:\/\/www.elamazonico.com\/portal\/wp-json\/wp\/v2\/posts\/6238\/revisions"}],"predecessor-version":[{"id":6241,"href":"https:\/\/www.elamazonico.com\/portal\/wp-json\/wp\/v2\/posts\/6238\/revisions\/6241"}],"wp:featuredmedia":[{"embeddable":true,"href":"https:\/\/www.elamazonico.com\/portal\/wp-json\/wp\/v2\/media\/6239"}],"wp:attachment":[{"href":"https:\/\/www.elamazonico.com\/portal\/wp-json\/wp\/v2\/media?parent=6238"}],"wp:term":[{"taxonomy":"category","embeddable":true,"href":"https:\/\/www.elamazonico.com\/portal\/wp-json\/wp\/v2\/categories?post=6238"},{"taxonomy":"post_tag","embeddable":true,"href":"https:\/\/www.elamazonico.com\/portal\/wp-json\/wp\/v2\/tags?post=6238"}],"curies":[{"name":"wp","href":"https:\/\/api.w.org\/{rel}","templated":true}]}}