{"id":6232,"date":"2022-10-14T09:09:55","date_gmt":"2022-10-14T14:09:55","guid":{"rendered":"https:\/\/www.elamazonico.com\/portal\/?p=6232"},"modified":"2022-10-14T09:10:03","modified_gmt":"2022-10-14T14:10:03","slug":"balacera-en-upc-de-anconcito-presunto-atacante-es-enviado-a-la-penitenciaria-tras-dejar-a-un-policia-herido","status":"publish","type":"post","link":"https:\/\/www.elamazonico.com\/portal\/balacera-en-upc-de-anconcito-presunto-atacante-es-enviado-a-la-penitenciaria-tras-dejar-a-un-policia-herido\/","title":{"rendered":"Balacera en UPC de Anconcito: presunto atacante es enviado a la Penitenciar\u00eda tras dejar a un polic\u00eda herido"},"content":{"rendered":"\n<p>Por la balacera contra la&nbsp;<strong>Unidad de Polic\u00eda Comunitaria<\/strong>&nbsp;(UPC) de la parroquia&nbsp;<strong>Anconcito<\/strong>, en el cant\u00f3n Salinas, Fiscal\u00eda proces\u00f3 a Luis Enrique D. S. por el delito de asesinato, en grado de tentativa. Este hecho dej\u00f3<strong>&nbsp;herido a un servidor policial<\/strong>&nbsp;que prestaba servicio en ese edificio.<\/p>\n\n\n\n<p>A las 00:30 del s\u00e1bado 8 de octubre de 2022, una r\u00e1faga de disparos alarm\u00f3 a los moradores del barrio Central de Anconcito, provincia de Santa Elena. Seg\u00fan las versiones levantadas, tres personas, a bordo de una motocicleta habr\u00edan disparado contra la UPC.<\/p>\n\n\n\n<p>En el lugar se encontraba un polic\u00eda que cumpl\u00eda el turno correspondiente, que result\u00f3 herido y fue auxiliado por sus compa\u00f1eros. Seg\u00fan testigos,<strong>&nbsp;una de las balas le impact\u00f3 en una de sus extremidades inferiores<\/strong>.<\/p>\n\n\n\n<p>El agente fue trasladado al hospital del IESS (Instituto Ecuatoriano de Seguridad Social) en Anc\u00f3n, donde le dieron los primeros auxilios. Luego fue derivado hasta otra casa de salud en Guayaquil, debido a su estado de gravedad.<\/p>\n\n\n\n<p>Por su parte, Fiscal\u00eda y personal de la Polic\u00eda Judicial recolectaron elementos y levantaron indicios, adem\u00e1s de im\u00e1genes y videos de c\u00e1maras de seguridad del sector, incluida la del Sistema de Seguridad ECU 9-1-1 y de viviendas particulares vecinas al lugar de los hechos.<\/p>\n\n\n\n<p>Con esta informaci\u00f3n&nbsp;<strong>se identific\u00f3 a uno de los presuntos autores<\/strong>, contra quien Fiscal\u00eda solicit\u00f3 \u2013al juez competente\u2013detenci\u00f3n con fines investigativos.<\/p>\n\n\n\n<p>Luis Enrique D. S. fue detenido el 12 de octubre del a\u00f1o en curso en el barrio Las Lomas del cant\u00f3n Salinas, durante un operativo de rutina de la Polic\u00eda Nacional.<\/p>\n\n\n\n<p><strong>LEA TAMBI\u00c9N:&nbsp;<a rel=\"noreferrer noopener\" href=\"https:\/\/www.vistazo.com\/actualidad\/nacional\/estos-resultados-faltan-para-conocer-el-estado-de-la-policia-veronica-songor-herida-en-el-ataque-a-una-upc-LK3378940\" target=\"_blank\">Estos resultados faltan para conocer el estado de la polic\u00eda Ver\u00f3nica Songor, herida en el ataque a una UPC<\/a><\/strong><\/p>\n\n\n\n<p><strong>Prisi\u00f3n en la Penitenciar\u00eda del Litoral<\/strong><\/p>\n\n\n\n<p>En la audiencia de formulaci\u00f3n de cargos, desarrollada la noche del mi\u00e9rcoles 12 de octubre en la Unidad Judicial Multicompetente del cant\u00f3n La Libertad, el fiscal del caso present\u00f3 como&nbsp;<strong>elementos de convicci\u00f3n<\/strong>: el parte de aprehensi\u00f3n, el informe investigativo preliminar, el informe de reconocimiento del lugar de los hechos, la informaci\u00f3n extra\u00edda de audio y video (en la que se ve la huida de los presuntos autores del hecho), las versiones de los testigos presenciales, entre otros.<\/p>\n\n\n\n<p>El Juez de Garant\u00edas Penales que actu\u00f3 en la audiencia acogi\u00f3 el pedido de Fiscal\u00eda, dict\u00f3 prisi\u00f3n preventiva para Luis Enrique D. S. y dispuso su traslado a la&nbsp;<strong>Penitenciar\u00eda del Litoral<\/strong>. Adem\u00e1s, ratific\u00f3 las medidas cautelares y de protecci\u00f3n para las v\u00edctimas y testigos.<\/p>\n\n\n\n<p>El cierre de la instrucci\u00f3n fiscal ser\u00e1 en noventa d\u00edas.<\/p>\n\n\n\n<p>Fiscal\u00eda procesa este caso con base en el art\u00edculo 140 (asesinato) del C\u00f3digo Org\u00e1nico Integral Penal, en concordancia con el art\u00edculo 39 (en grado de tentativa) del mismo cuerpo legal, que sanciona este delito con pena privativa de libertad de ocho a diecis\u00e9is a\u00f1os.<\/p>\n","protected":false},"excerpt":{"rendered":"<p>Por la balacera contra la&nbsp;Unidad de Polic\u00eda Comunitaria&nbsp;(UPC) de la parroquia&nbsp;Anconcito, en el cant\u00f3n Salinas, Fiscal\u00eda proces\u00f3 a Luis Enrique D. S. por el delito de asesinato, en grado de tentativa. Este hecho dej\u00f3&nbsp;herido a un servidor policial&nbsp;que prestaba servicio en ese edificio. A las 00:30 del s\u00e1bado 8 de octubre de 2022, una r\u00e1faga de disparos alarm\u00f3 a los moradores del barrio Central de Anconcito, provincia de Santa Elena. Seg\u00fan las versiones levantadas, tres personas, a bordo de una motocicleta habr\u00edan disparado contra la UPC. En el lugar se encontraba un polic\u00eda que cumpl\u00eda el turno correspondiente, que result\u00f3 herido y fue auxiliado por sus compa\u00f1eros. Seg\u00fan testigos,&nbsp;una de las balas le impact\u00f3 en una de sus extremidades inferiores. El agente fue trasladado al hospital del IESS (Instituto Ecuatoriano de Seguridad Social) en Anc\u00f3n, donde le dieron los primeros auxilios. Luego fue derivado hasta otra casa de salud en Guayaquil, debido a su estado de gravedad. Por su parte, Fiscal\u00eda y personal de la Polic\u00eda Judicial recolectaron elementos y levantaron indicios, adem\u00e1s de im\u00e1genes y videos de c\u00e1maras de seguridad del sector, incluida la del Sistema de Seguridad ECU 9-1-1 y de viviendas particulares vecinas al lugar de los hechos. Con esta informaci\u00f3n&nbsp;se identific\u00f3 a uno de los presuntos autores, contra quien Fiscal\u00eda solicit\u00f3 \u2013al juez competente\u2013detenci\u00f3n con fines investigativos. Luis Enrique D. S. fue detenido el 12 de octubre del a\u00f1o en curso en el barrio Las Lomas del cant\u00f3n Salinas, durante un operativo de rutina de la Polic\u00eda Nacional. LEA TAMBI\u00c9N:&nbsp;Estos resultados faltan para conocer el estado de la polic\u00eda Ver\u00f3nica Songor, herida en el ataque a una UPC Prisi\u00f3n en la Penitenciar\u00eda del Litoral En la audiencia de formulaci\u00f3n de cargos, desarrollada la noche del mi\u00e9rcoles 12 de octubre en la Unidad Judicial Multicompetente del cant\u00f3n La Libertad, el fiscal del caso present\u00f3 como&nbsp;elementos de convicci\u00f3n: el parte de aprehensi\u00f3n, el informe investigativo preliminar, el informe de reconocimiento del lugar de los hechos, la informaci\u00f3n extra\u00edda de audio y video (en la que se ve la huida de los presuntos autores del hecho), las versiones de los testigos presenciales, entre otros. El Juez de Garant\u00edas Penales que actu\u00f3 en la audiencia acogi\u00f3 el pedido de Fiscal\u00eda, dict\u00f3 prisi\u00f3n preventiva para Luis Enrique D. S. y dispuso su traslado a la&nbsp;Penitenciar\u00eda del Litoral. Adem\u00e1s, ratific\u00f3 las medidas cautelares y de protecci\u00f3n para las v\u00edctimas y testigos. El cierre de la instrucci\u00f3n fiscal ser\u00e1 en noventa d\u00edas. Fiscal\u00eda procesa este caso con base en el art\u00edculo 140 (asesinato) del C\u00f3digo Org\u00e1nico Integral Penal, en concordancia con el art\u00edculo 39 (en grado de tentativa) del mismo cuerpo legal, que sanciona este delito con pena privativa de libertad de ocho a diecis\u00e9is a\u00f1os.<\/p>\n","protected":false},"author":1,"featured_media":6233,"comment_status":"open","ping_status":"open","sticky":false,"template":"","format":"standard","meta":{"footnotes":""},"categories":[268],"tags":[],"class_list":["post-6232","post","type-post","status-publish","format-standard","has-post-thumbnail","hentry","category-nacionales"],"_links":{"self":[{"href":"https:\/\/www.elamazonico.com\/portal\/wp-json\/wp\/v2\/posts\/6232","targetHints":{"allow":["GET"]}}],"collection":[{"href":"https:\/\/www.elamazonico.com\/portal\/wp-json\/wp\/v2\/posts"}],"about":[{"href":"https:\/\/www.elamazonico.com\/portal\/wp-json\/wp\/v2\/types\/post"}],"author":[{"embeddable":true,"href":"https:\/\/www.elamazonico.com\/portal\/wp-json\/wp\/v2\/users\/1"}],"replies":[{"embeddable":true,"href":"https:\/\/www.elamazonico.com\/portal\/wp-json\/wp\/v2\/comments?post=6232"}],"version-history":[{"count":1,"href":"https:\/\/www.elamazonico.com\/portal\/wp-json\/wp\/v2\/posts\/6232\/revisions"}],"predecessor-version":[{"id":6234,"href":"https:\/\/www.elamazonico.com\/portal\/wp-json\/wp\/v2\/posts\/6232\/revisions\/6234"}],"wp:featuredmedia":[{"embeddable":true,"href":"https:\/\/www.elamazonico.com\/portal\/wp-json\/wp\/v2\/media\/6233"}],"wp:attachment":[{"href":"https:\/\/www.elamazonico.com\/portal\/wp-json\/wp\/v2\/media?parent=6232"}],"wp:term":[{"taxonomy":"category","embeddable":true,"href":"https:\/\/www.elamazonico.com\/portal\/wp-json\/wp\/v2\/categories?post=6232"},{"taxonomy":"post_tag","embeddable":true,"href":"https:\/\/www.elamazonico.com\/portal\/wp-json\/wp\/v2\/tags?post=6232"}],"curies":[{"name":"wp","href":"https:\/\/api.w.org\/{rel}","templated":true}]}}