{"id":6216,"date":"2022-10-13T13:09:14","date_gmt":"2022-10-13T18:09:14","guid":{"rendered":"https:\/\/www.elamazonico.com\/portal\/?p=6216"},"modified":"2022-10-13T13:13:45","modified_gmt":"2022-10-13T18:13:45","slug":"guillermo-lasso-pidio-a-carlos-vera-que-se-disculpe-por-gritar-a-trabajador-es-un-mal-ejemplo","status":"publish","type":"post","link":"https:\/\/www.elamazonico.com\/portal\/guillermo-lasso-pidio-a-carlos-vera-que-se-disculpe-por-gritar-a-trabajador-es-un-mal-ejemplo\/","title":{"rendered":"Guillermo Lasso pidi\u00f3 a Carlos Vera que se disculpe por gritar a trabajador: \u00abEs un mal ejemplo\u00bb"},"content":{"rendered":"\n<p>El presidente de la Rep\u00fablica,&nbsp;<strong>Guillermo Lasso<\/strong>, se refiri\u00f3 a los gritos emitidos por el periodista&nbsp;<strong>Carlos Vera<\/strong>&nbsp;en contra del sonidista de su programa de&nbsp;<strong>entrevistas<\/strong>.<\/p>\n\n\n\n<p>El hecho se hizo viral en redes sociales y recibi\u00f3 varias&nbsp;<strong>cr\u00edticas<\/strong>&nbsp;de personas que tacharon como&nbsp;<strong>falta de respeto<\/strong>&nbsp;los&nbsp;<strong>insultos del comunicador<\/strong>&nbsp;en contra de uno de sus trabajadores.<\/p>\n\n\n\n<p>En el extracto del video, se escucha al comunicador pronunciar varias&nbsp;<strong>palabras inadecuadas<\/strong>&nbsp;y levantar la voz a un empleado identificado como&nbsp;<strong>Alonso Lara,<\/strong>&nbsp;en pleno programa.<\/p>\n\n\n\n<p>Esta actitud del periodista fue calificada por el presidente Lasso calific\u00f3 como&nbsp;<strong>\u00abmal ejemplo\u00bb<\/strong>&nbsp;y, por ello, le pidi\u00f3 a Vera que se disculpe. Esto ocurri\u00f3 durante una entrevista entre el&nbsp;<strong>periodista y el jefe de Estado<\/strong>, la noche de este mi\u00e9rcoles.<\/p>\n\n\n\n<p>\u00abEspero que usted reconozca que usted&nbsp;<strong>se equivoc\u00f3<\/strong>&nbsp;con Alonso\u00bb, dijo el Primer Mandatario. \u00ab\u00bfCon el de ayer?&nbsp;<strong>S\u00ed, me equivoqu\u00e9&nbsp;<\/strong>y me disculp\u00e9\u00bb, replic\u00f3 Vera lanzando una carcajada.<\/p>\n\n\n\n<p>\u00ab\u00bfSe equivoc\u00f3? Bueno, p\u00eddale&nbsp;<strong>disculpas p\u00fablicamente&nbsp;<\/strong>porque es un mal ejemplo en un ambiente de violencia en el pa\u00eds, de ver a un referente como usted&nbsp;<strong>maltratando<\/strong>&nbsp;a un colaborador como lo hizo, y se lo digo con todo el respeto\u00bb, agreg\u00f3 Lasso.<\/p>\n\n\n\n<p><strong>\u00bfQU\u00c9 PAS\u00d3 CON EL COLABORADOR IMPLICADO?<\/strong><\/p>\n\n\n\n<p>En redes sociales, Alonso Lara, quien fue el colaborador que&nbsp;<strong>recibi\u00f3 los gritos de Vera,<\/strong>&nbsp;cont\u00f3 que en ese momento sinti\u00f3 ganas de llorar de la impotencia y verg\u00fcenza.<\/p>\n\n\n\n<p>Adem\u00e1s, el sonidista descart\u00f3 cualquier posibilidad de iniciar\u00a0<strong>acciones legales<\/strong>, pero indic\u00f3 que ya renunci\u00f3 al programa.<\/p>\n\n\n\n<figure class=\"wp-block-embed is-type-rich is-provider-twitter wp-block-embed-twitter\"><div class=\"wp-block-embed__wrapper\">\nhttps:\/\/twitter.com\/GuilloSanchezP\/status\/1580297919348908032\n<\/div><\/figure>\n\n\n\n<p><\/p>\n","protected":false},"excerpt":{"rendered":"<p>El presidente de la Rep\u00fablica,&nbsp;Guillermo Lasso, se refiri\u00f3 a los gritos emitidos por el periodista&nbsp;Carlos Vera&nbsp;en contra del sonidista de su programa de&nbsp;entrevistas. El hecho se hizo viral en redes sociales y recibi\u00f3 varias&nbsp;cr\u00edticas&nbsp;de personas que tacharon como&nbsp;falta de respeto&nbsp;los&nbsp;insultos del comunicador&nbsp;en contra de uno de sus trabajadores. En el extracto del video, se escucha al comunicador pronunciar varias&nbsp;palabras inadecuadas&nbsp;y levantar la voz a un empleado identificado como&nbsp;Alonso Lara,&nbsp;en pleno programa. Esta actitud del periodista fue calificada por el presidente Lasso calific\u00f3 como&nbsp;\u00abmal ejemplo\u00bb&nbsp;y, por ello, le pidi\u00f3 a Vera que se disculpe. Esto ocurri\u00f3 durante una entrevista entre el&nbsp;periodista y el jefe de Estado, la noche de este mi\u00e9rcoles. \u00abEspero que usted reconozca que usted&nbsp;se equivoc\u00f3&nbsp;con Alonso\u00bb, dijo el Primer Mandatario. \u00ab\u00bfCon el de ayer?&nbsp;S\u00ed, me equivoqu\u00e9&nbsp;y me disculp\u00e9\u00bb, replic\u00f3 Vera lanzando una carcajada. \u00ab\u00bfSe equivoc\u00f3? Bueno, p\u00eddale&nbsp;disculpas p\u00fablicamente&nbsp;porque es un mal ejemplo en un ambiente de violencia en el pa\u00eds, de ver a un referente como usted&nbsp;maltratando&nbsp;a un colaborador como lo hizo, y se lo digo con todo el respeto\u00bb, agreg\u00f3 Lasso. \u00bfQU\u00c9 PAS\u00d3 CON EL COLABORADOR IMPLICADO? En redes sociales, Alonso Lara, quien fue el colaborador que&nbsp;recibi\u00f3 los gritos de Vera,&nbsp;cont\u00f3 que en ese momento sinti\u00f3 ganas de llorar de la impotencia y verg\u00fcenza. Adem\u00e1s, el sonidista descart\u00f3 cualquier posibilidad de iniciar\u00a0acciones legales, pero indic\u00f3 que ya renunci\u00f3 al programa.<\/p>\n","protected":false},"author":1,"featured_media":6217,"comment_status":"open","ping_status":"open","sticky":false,"template":"","format":"standard","meta":{"footnotes":""},"categories":[268],"tags":[],"class_list":["post-6216","post","type-post","status-publish","format-standard","has-post-thumbnail","hentry","category-nacionales"],"_links":{"self":[{"href":"https:\/\/www.elamazonico.com\/portal\/wp-json\/wp\/v2\/posts\/6216","targetHints":{"allow":["GET"]}}],"collection":[{"href":"https:\/\/www.elamazonico.com\/portal\/wp-json\/wp\/v2\/posts"}],"about":[{"href":"https:\/\/www.elamazonico.com\/portal\/wp-json\/wp\/v2\/types\/post"}],"author":[{"embeddable":true,"href":"https:\/\/www.elamazonico.com\/portal\/wp-json\/wp\/v2\/users\/1"}],"replies":[{"embeddable":true,"href":"https:\/\/www.elamazonico.com\/portal\/wp-json\/wp\/v2\/comments?post=6216"}],"version-history":[{"count":2,"href":"https:\/\/www.elamazonico.com\/portal\/wp-json\/wp\/v2\/posts\/6216\/revisions"}],"predecessor-version":[{"id":6219,"href":"https:\/\/www.elamazonico.com\/portal\/wp-json\/wp\/v2\/posts\/6216\/revisions\/6219"}],"wp:featuredmedia":[{"embeddable":true,"href":"https:\/\/www.elamazonico.com\/portal\/wp-json\/wp\/v2\/media\/6217"}],"wp:attachment":[{"href":"https:\/\/www.elamazonico.com\/portal\/wp-json\/wp\/v2\/media?parent=6216"}],"wp:term":[{"taxonomy":"category","embeddable":true,"href":"https:\/\/www.elamazonico.com\/portal\/wp-json\/wp\/v2\/categories?post=6216"},{"taxonomy":"post_tag","embeddable":true,"href":"https:\/\/www.elamazonico.com\/portal\/wp-json\/wp\/v2\/tags?post=6216"}],"curies":[{"name":"wp","href":"https:\/\/api.w.org\/{rel}","templated":true}]}}