{"id":6209,"date":"2022-10-13T09:43:11","date_gmt":"2022-10-13T14:43:11","guid":{"rendered":"https:\/\/www.elamazonico.com\/portal\/?p=6209"},"modified":"2022-10-13T09:43:18","modified_gmt":"2022-10-13T14:43:18","slug":"utpl-inauguro-su-ciclo-academico-e-incorporo-26-nuevos-investigadores","status":"publish","type":"post","link":"https:\/\/www.elamazonico.com\/portal\/utpl-inauguro-su-ciclo-academico-e-incorporo-26-nuevos-investigadores\/","title":{"rendered":"<strong>UTPL inaugur\u00f3 su ciclo acad\u00e9mico e incorpor\u00f3 26 nuevos investigadores<\/strong>"},"content":{"rendered":"\n<p>E<em>ste 11 de octubre, m\u00e1s de 40 mil estudiantes de todo el pa\u00eds inician clase en una universidad innovadora, inclusiva y comprometida con la sociedad.<\/em><\/p>\n\n\n\n<p>La Universidad T\u00e9cnica Particular de Loja (UTPL) llev\u00f3 a cabo el acto de Inauguraci\u00f3n del ciclo acad\u00e9mico octubre 2022 \u2013 febrero 2023, tanto para estudiantes de la Modalidad Presencial (MP) como de la Modalidad Abierta y a Distancia (MAD), quienes retornan a clases este martes 11 de octubre. El evento tambi\u00e9n se convirti\u00f3 en la oportunidad propicia para que la universidad incorpore a su Claustro a 26 nuevos Doctores formados en excelentes instituciones a nivel internacional.<\/p>\n\n\n\n<p>Santiago Acosta Aide, rector de la UTPL, mencion\u00f3 que con la finalidad de incrementar los est\u00e1ndares de educaci\u00f3n y promover espacios arm\u00f3nicos para el desarrollo de actividades, la universidad cuenta con un moderno campus y una renovada estructura acad\u00e9mica y administrativa con la creaci\u00f3n de dos nuevas facultades: Facultad de Ciencias de la Salud, y la Facultad de Ciencias Jur\u00eddicas. A ello se suma \u201cla gran noticia de la acreditaci\u00f3n institucional, la acreditaci\u00f3n nacional de la carrera de Derecho de la MAD, y su certificaci\u00f3n internacional con el Sello de Calidad Kalos Virtual Iberoam\u00e9rica\u201d, expres\u00f3.<\/p>\n\n\n\n<p>La autoridad invit\u00f3 a la comunidad utepelina a sumar esfuerzos para solventar los retos que surjan en este nuevo periodo acad\u00e9mico, a fin de impulsar la educaci\u00f3n digital, la vinculaci\u00f3n social y el emprendimiento. Asimismo, destac\u00f3 que el aporte de los 26 nuevos investigadores incorporados ser\u00e1 clave para continuar con el desarrollo institucional y la innovaci\u00f3n curricular en diferentes \u00e1reas del saber.<\/p>\n\n\n\n<p>Hoy en d\u00eda, la UTPL oferta 29 carreras en Modalidad Presencial y 23 en Modalidad Abierta y a Distancia. Tambi\u00e9n pone a disposici\u00f3n de la ciudadan\u00eda lojana y del resto del pa\u00eds dos tecnolog\u00edas a trav\u00e9s de su Unidad Acad\u00e9mica de Formaci\u00f3n T\u00e9cnica y Tecnol\u00f3gica. Son m\u00e1s de 40 mil estudiantes los que conf\u00edan en su calidad educativa, y m\u00e1s de 70 mil los graduados que respaldan su formaci\u00f3n, convirti\u00e9ndose en la universidad con mayor cobertura nacional.<\/p>\n\n\n\n<p>Gabriel Garc\u00eda Torres, secretario general de la UTPL, manifest\u00f3 que desde la academia encaminan acciones a favor de la innovaci\u00f3n de la oferta educativa y en la ampliaci\u00f3n de los niveles formativos. Indic\u00f3 que el n\u00famero de posgrados que ofertan atraviesa un importante crecimiento: \u201cactualmente tenemos 20 maestr\u00edas aprobadas, de las cuales, dos son de investigaci\u00f3n. Todo esto nos convierte en una de las instituciones de educaci\u00f3n superior m\u00e1s complejas del pa\u00eds, pues tenemos en total 76 programas a disposici\u00f3n\u201d.<\/p>\n\n\n\n<p>Agreg\u00f3 que los logros institucionales no ser\u00edan posible sin la participaci\u00f3n de un cuerpo docente completo y altamente capacitado. Son 1999 catedr\u00e1ticos los que colaboran con la universidad, de los cuales, 288 tienen t\u00edtulo Ph.D. Al ser la investigaci\u00f3n e innovaci\u00f3n dos de los pilares fundamentales de la UTPL, su Claustro tiene publicados 2257 art\u00edculos cient\u00edficos indexados a Scopus, consolid\u00e1ndose en una de las instituciones con mayor producci\u00f3n cient\u00edfica de Ecuador. A trav\u00e9s de su Parque Cient\u00edfico y Tecnol\u00f3gico, Prendho, C\u00e1tedras UNESCO, entre otras dependencias, se impulsa la generaci\u00f3n de conocimiento para ser transferido a la sociedad. Son estos y otros logros los que han posicionado a la UTPL en una de las 10 mejores universidades del pa\u00eds, seg\u00fan la evaluaci\u00f3n y clasificaci\u00f3n anual QS Latin America University Ranking.<\/p>\n\n\n\n<p>De esta manera, la universidad inaugur\u00f3 el ciclo acad\u00e9mico octubre 2022 \u2013 febrero 2023, con el objetivo de seguir aportando al pa\u00eds con profesionales altamente competitivos, y con la expectativa de continuar superando nuevos desaf\u00edos.<\/p>\n","protected":false},"excerpt":{"rendered":"<p>Este 11 de octubre, m\u00e1s de 40 mil estudiantes de todo el pa\u00eds inician clase en una universidad innovadora, inclusiva y comprometida con la sociedad. La Universidad T\u00e9cnica Particular de Loja (UTPL) llev\u00f3 a cabo el acto de Inauguraci\u00f3n del ciclo acad\u00e9mico octubre 2022 \u2013 febrero 2023, tanto para estudiantes de la Modalidad Presencial (MP) como de la Modalidad Abierta y a Distancia (MAD), quienes retornan a clases este martes 11 de octubre. El evento tambi\u00e9n se convirti\u00f3 en la oportunidad propicia para que la universidad incorpore a su Claustro a 26 nuevos Doctores formados en excelentes instituciones a nivel internacional. Santiago Acosta Aide, rector de la UTPL, mencion\u00f3 que con la finalidad de incrementar los est\u00e1ndares de educaci\u00f3n y promover espacios arm\u00f3nicos para el desarrollo de actividades, la universidad cuenta con un moderno campus y una renovada estructura acad\u00e9mica y administrativa con la creaci\u00f3n de dos nuevas facultades: Facultad de Ciencias de la Salud, y la Facultad de Ciencias Jur\u00eddicas. A ello se suma \u201cla gran noticia de la acreditaci\u00f3n institucional, la acreditaci\u00f3n nacional de la carrera de Derecho de la MAD, y su certificaci\u00f3n internacional con el Sello de Calidad Kalos Virtual Iberoam\u00e9rica\u201d, expres\u00f3. La autoridad invit\u00f3 a la comunidad utepelina a sumar esfuerzos para solventar los retos que surjan en este nuevo periodo acad\u00e9mico, a fin de impulsar la educaci\u00f3n digital, la vinculaci\u00f3n social y el emprendimiento. Asimismo, destac\u00f3 que el aporte de los 26 nuevos investigadores incorporados ser\u00e1 clave para continuar con el desarrollo institucional y la innovaci\u00f3n curricular en diferentes \u00e1reas del saber. Hoy en d\u00eda, la UTPL oferta 29 carreras en Modalidad Presencial y 23 en Modalidad Abierta y a Distancia. Tambi\u00e9n pone a disposici\u00f3n de la ciudadan\u00eda lojana y del resto del pa\u00eds dos tecnolog\u00edas a trav\u00e9s de su Unidad Acad\u00e9mica de Formaci\u00f3n T\u00e9cnica y Tecnol\u00f3gica. Son m\u00e1s de 40 mil estudiantes los que conf\u00edan en su calidad educativa, y m\u00e1s de 70 mil los graduados que respaldan su formaci\u00f3n, convirti\u00e9ndose en la universidad con mayor cobertura nacional. Gabriel Garc\u00eda Torres, secretario general de la UTPL, manifest\u00f3 que desde la academia encaminan acciones a favor de la innovaci\u00f3n de la oferta educativa y en la ampliaci\u00f3n de los niveles formativos. Indic\u00f3 que el n\u00famero de posgrados que ofertan atraviesa un importante crecimiento: \u201cactualmente tenemos 20 maestr\u00edas aprobadas, de las cuales, dos son de investigaci\u00f3n. Todo esto nos convierte en una de las instituciones de educaci\u00f3n superior m\u00e1s complejas del pa\u00eds, pues tenemos en total 76 programas a disposici\u00f3n\u201d. Agreg\u00f3 que los logros institucionales no ser\u00edan posible sin la participaci\u00f3n de un cuerpo docente completo y altamente capacitado. Son 1999 catedr\u00e1ticos los que colaboran con la universidad, de los cuales, 288 tienen t\u00edtulo Ph.D. Al ser la investigaci\u00f3n e innovaci\u00f3n dos de los pilares fundamentales de la UTPL, su Claustro tiene publicados 2257 art\u00edculos cient\u00edficos indexados a Scopus, consolid\u00e1ndose en una de las instituciones con mayor producci\u00f3n cient\u00edfica de Ecuador. A trav\u00e9s de su Parque Cient\u00edfico y Tecnol\u00f3gico, Prendho, C\u00e1tedras UNESCO, entre otras dependencias, se impulsa la generaci\u00f3n de conocimiento para ser transferido a la sociedad. Son estos y otros logros los que han posicionado a la UTPL en una de las 10 mejores universidades del pa\u00eds, seg\u00fan la evaluaci\u00f3n y clasificaci\u00f3n anual QS Latin America University Ranking. De esta manera, la universidad inaugur\u00f3 el ciclo acad\u00e9mico octubre 2022 \u2013 febrero 2023, con el objetivo de seguir aportando al pa\u00eds con profesionales altamente competitivos, y con la expectativa de continuar superando nuevos desaf\u00edos.<\/p>\n","protected":false},"author":1,"featured_media":6210,"comment_status":"open","ping_status":"open","sticky":false,"template":"","format":"standard","meta":{"footnotes":""},"categories":[268],"tags":[],"class_list":["post-6209","post","type-post","status-publish","format-standard","has-post-thumbnail","hentry","category-nacionales"],"_links":{"self":[{"href":"https:\/\/www.elamazonico.com\/portal\/wp-json\/wp\/v2\/posts\/6209","targetHints":{"allow":["GET"]}}],"collection":[{"href":"https:\/\/www.elamazonico.com\/portal\/wp-json\/wp\/v2\/posts"}],"about":[{"href":"https:\/\/www.elamazonico.com\/portal\/wp-json\/wp\/v2\/types\/post"}],"author":[{"embeddable":true,"href":"https:\/\/www.elamazonico.com\/portal\/wp-json\/wp\/v2\/users\/1"}],"replies":[{"embeddable":true,"href":"https:\/\/www.elamazonico.com\/portal\/wp-json\/wp\/v2\/comments?post=6209"}],"version-history":[{"count":1,"href":"https:\/\/www.elamazonico.com\/portal\/wp-json\/wp\/v2\/posts\/6209\/revisions"}],"predecessor-version":[{"id":6211,"href":"https:\/\/www.elamazonico.com\/portal\/wp-json\/wp\/v2\/posts\/6209\/revisions\/6211"}],"wp:featuredmedia":[{"embeddable":true,"href":"https:\/\/www.elamazonico.com\/portal\/wp-json\/wp\/v2\/media\/6210"}],"wp:attachment":[{"href":"https:\/\/www.elamazonico.com\/portal\/wp-json\/wp\/v2\/media?parent=6209"}],"wp:term":[{"taxonomy":"category","embeddable":true,"href":"https:\/\/www.elamazonico.com\/portal\/wp-json\/wp\/v2\/categories?post=6209"},{"taxonomy":"post_tag","embeddable":true,"href":"https:\/\/www.elamazonico.com\/portal\/wp-json\/wp\/v2\/tags?post=6209"}],"curies":[{"name":"wp","href":"https:\/\/api.w.org\/{rel}","templated":true}]}}