{"id":6193,"date":"2022-10-13T08:31:45","date_gmt":"2022-10-13T13:31:45","guid":{"rendered":"https:\/\/www.elamazonico.com\/portal\/?p=6193"},"modified":"2022-10-13T08:31:52","modified_gmt":"2022-10-13T13:31:52","slug":"revelan-videos-de-ultima-vez-que-maria-belen-bernal-fue-vista-con-vida-y-accidente-de-german-caceres","status":"publish","type":"post","link":"https:\/\/www.elamazonico.com\/portal\/revelan-videos-de-ultima-vez-que-maria-belen-bernal-fue-vista-con-vida-y-accidente-de-german-caceres\/","title":{"rendered":"Revelan videos de \u00faltima vez que Mar\u00eda Bel\u00e9n Bernal fue vista con vida y accidente de Germ\u00e1n C\u00e1ceres"},"content":{"rendered":"\n<p>Las c\u00e1maras de seguridad instaladas en la entrada de la&nbsp;<strong>Escuela de la Polic\u00eda Nacional<\/strong>, en Quito, grabaron lo que ocurri\u00f3 el d\u00eda del&nbsp;<strong>femicidio<\/strong>&nbsp;de la abogada Mar\u00eda Bel\u00e9n Bernal.<\/p>\n\n\n\n<p>Los videos recogidos por\u00a0<strong>Ecuavisa<\/strong>\u00a0muestran la l\u00ednea de tiempo de lo que hicieron los\u00a0<strong>tres protagonistas<\/strong>\u00a0en este caso, el pasado domingo 11 de septiembre de 2022, \u00faltimo d\u00eda en el que se vio con vida a\u00a0<strong>Mar\u00eda Bel\u00e9n Bernal<\/strong>.<\/p>\n\n\n\n<p><strong>A las 00:02<\/strong>&nbsp;de ese domingo, se puede ver a&nbsp;<strong>Germ\u00e1n C\u00e1ceres<\/strong>, principal sospechoso del femicidio, cuando lleg\u00f3 en su motocicleta hasta los exteriores de la&nbsp;<strong>Escuela Policial.<\/strong><\/p>\n\n\n\n<p>En las im\u00e1genes se puede ver al teniente mientras<strong>\u00a0tambaleaba en su moto<\/strong>, en aparente estado et\u00edlico. Incluso, se observa c\u00f3mo casi fue\u00a0<strong>atropellado<\/strong>\u00a0por un veh\u00edculo al perder el equilibrio sobre la v\u00eda.<\/p>\n\n\n\n<p><a href=\"https:\/\/www.instagram.com\/reel\/CjopaHur15R\/?utm_source=ig_web_button_share_sheet\">https:\/\/www.instagram.com\/reel\/CjopaHur15R\/?utm_source=ig_web_button_share_sheet<\/a><\/p>\n\n\n\n<p>Tres minutos despu\u00e9s, se ve a C\u00e1ceres&nbsp;<strong>que continuaba cayendo del automotor&nbsp;<\/strong>hasta que, finalmente, logr\u00f3 ingresar en contrav\u00eda a la Escuela de la Polic\u00eda Nacional.<\/p>\n\n\n\n<p><strong>A las 00:27<\/strong>&nbsp;se observa el ingreso de la cadete&nbsp;<strong>Joselyn S.<\/strong>&nbsp;La joven descendi\u00f3 de un veh\u00edculo particular y luego ingres\u00f3 a la Escuela de la Polic\u00eda por la&nbsp;<strong>garita principal<\/strong>.<\/p>\n\n\n\n<p>All\u00ed, la estudiante se encontr\u00f3 con C\u00e1ceres. Ellos habr\u00edan<strong>&nbsp;subido juntos a la habitaci\u00f3n&nbsp;<\/strong>del teniente de la Polic\u00eda.<\/p>\n\n\n\n<p>A las 01:14 las c\u00e1maras registraron el ingreso de&nbsp;<strong>Mar\u00eda Bel\u00e9n Bernal<\/strong>, esposa de C\u00e1ceres en su veh\u00edculo. Esa fue la \u00faltima vez que se vio con vida a la<strong>&nbsp;abogada<\/strong>.<\/p>\n\n\n\n<p>Lo que sucedi\u00f3 dentro de la Escuela Policial a\u00fan est\u00e1&nbsp;<strong>en investigaci\u00f3n<\/strong>. Hasta el momento, el principal sospechoso es el teniente C\u00e1ceres, quien est\u00e1&nbsp;<strong>pr\u00f3fugo<\/strong>&nbsp;de la Justicia.<\/p>\n\n\n\n<p>Mientras tanto, la cadete\u00a0<strong>Joselyn S.\u00a0<\/strong>mantiene prisi\u00f3n preventiva con fines investigativos por su presunta participaci\u00f3n en este caso de\u00a0<strong>femicidio<\/strong>. <strong>Fuente: Vistazo<\/strong><\/p>\n\n\n\n<p><\/p>\n","protected":false},"excerpt":{"rendered":"<p>Las c\u00e1maras de seguridad instaladas en la entrada de la&nbsp;Escuela de la Polic\u00eda Nacional, en Quito, grabaron lo que ocurri\u00f3 el d\u00eda del&nbsp;femicidio&nbsp;de la abogada Mar\u00eda Bel\u00e9n Bernal. Los videos recogidos por\u00a0Ecuavisa\u00a0muestran la l\u00ednea de tiempo de lo que hicieron los\u00a0tres protagonistas\u00a0en este caso, el pasado domingo 11 de septiembre de 2022, \u00faltimo d\u00eda en el que se vio con vida a\u00a0Mar\u00eda Bel\u00e9n Bernal. A las 00:02&nbsp;de ese domingo, se puede ver a&nbsp;Germ\u00e1n C\u00e1ceres, principal sospechoso del femicidio, cuando lleg\u00f3 en su motocicleta hasta los exteriores de la&nbsp;Escuela Policial. En las im\u00e1genes se puede ver al teniente mientras\u00a0tambaleaba en su moto, en aparente estado et\u00edlico. Incluso, se observa c\u00f3mo casi fue\u00a0atropellado\u00a0por un veh\u00edculo al perder el equilibrio sobre la v\u00eda. https:\/\/www.instagram.com\/reel\/CjopaHur15R\/?utm_source=ig_web_button_share_sheet Tres minutos despu\u00e9s, se ve a C\u00e1ceres&nbsp;que continuaba cayendo del automotor&nbsp;hasta que, finalmente, logr\u00f3 ingresar en contrav\u00eda a la Escuela de la Polic\u00eda Nacional. A las 00:27&nbsp;se observa el ingreso de la cadete&nbsp;Joselyn S.&nbsp;La joven descendi\u00f3 de un veh\u00edculo particular y luego ingres\u00f3 a la Escuela de la Polic\u00eda por la&nbsp;garita principal. All\u00ed, la estudiante se encontr\u00f3 con C\u00e1ceres. Ellos habr\u00edan&nbsp;subido juntos a la habitaci\u00f3n&nbsp;del teniente de la Polic\u00eda. A las 01:14 las c\u00e1maras registraron el ingreso de&nbsp;Mar\u00eda Bel\u00e9n Bernal, esposa de C\u00e1ceres en su veh\u00edculo. Esa fue la \u00faltima vez que se vio con vida a la&nbsp;abogada. Lo que sucedi\u00f3 dentro de la Escuela Policial a\u00fan est\u00e1&nbsp;en investigaci\u00f3n. Hasta el momento, el principal sospechoso es el teniente C\u00e1ceres, quien est\u00e1&nbsp;pr\u00f3fugo&nbsp;de la Justicia. Mientras tanto, la cadete\u00a0Joselyn S.\u00a0mantiene prisi\u00f3n preventiva con fines investigativos por su presunta participaci\u00f3n en este caso de\u00a0femicidio. Fuente: Vistazo<\/p>\n","protected":false},"author":1,"featured_media":6194,"comment_status":"open","ping_status":"open","sticky":false,"template":"","format":"standard","meta":{"footnotes":""},"categories":[268],"tags":[],"class_list":["post-6193","post","type-post","status-publish","format-standard","has-post-thumbnail","hentry","category-nacionales"],"_links":{"self":[{"href":"https:\/\/www.elamazonico.com\/portal\/wp-json\/wp\/v2\/posts\/6193","targetHints":{"allow":["GET"]}}],"collection":[{"href":"https:\/\/www.elamazonico.com\/portal\/wp-json\/wp\/v2\/posts"}],"about":[{"href":"https:\/\/www.elamazonico.com\/portal\/wp-json\/wp\/v2\/types\/post"}],"author":[{"embeddable":true,"href":"https:\/\/www.elamazonico.com\/portal\/wp-json\/wp\/v2\/users\/1"}],"replies":[{"embeddable":true,"href":"https:\/\/www.elamazonico.com\/portal\/wp-json\/wp\/v2\/comments?post=6193"}],"version-history":[{"count":1,"href":"https:\/\/www.elamazonico.com\/portal\/wp-json\/wp\/v2\/posts\/6193\/revisions"}],"predecessor-version":[{"id":6195,"href":"https:\/\/www.elamazonico.com\/portal\/wp-json\/wp\/v2\/posts\/6193\/revisions\/6195"}],"wp:featuredmedia":[{"embeddable":true,"href":"https:\/\/www.elamazonico.com\/portal\/wp-json\/wp\/v2\/media\/6194"}],"wp:attachment":[{"href":"https:\/\/www.elamazonico.com\/portal\/wp-json\/wp\/v2\/media?parent=6193"}],"wp:term":[{"taxonomy":"category","embeddable":true,"href":"https:\/\/www.elamazonico.com\/portal\/wp-json\/wp\/v2\/categories?post=6193"},{"taxonomy":"post_tag","embeddable":true,"href":"https:\/\/www.elamazonico.com\/portal\/wp-json\/wp\/v2\/tags?post=6193"}],"curies":[{"name":"wp","href":"https:\/\/api.w.org\/{rel}","templated":true}]}}