{"id":6187,"date":"2022-10-13T08:19:51","date_gmt":"2022-10-13T13:19:51","guid":{"rendered":"https:\/\/www.elamazonico.com\/portal\/?p=6187"},"modified":"2022-10-13T08:19:54","modified_gmt":"2022-10-13T13:19:54","slug":"exalcalde-y-exconcejales-de-tiwintza-deben-cumplir-condena-por-concusion-pidieron-dinero-por-las-fiestas-del-canton","status":"publish","type":"post","link":"https:\/\/www.elamazonico.com\/portal\/exalcalde-y-exconcejales-de-tiwintza-deben-cumplir-condena-por-concusion-pidieron-dinero-por-las-fiestas-del-canton\/","title":{"rendered":"Exalcalde y exconcejales de Tiwintza deben cumplir condena por concusi\u00f3n: pidieron dinero por las fiestas del cant\u00f3n"},"content":{"rendered":"\n<p>Ratifican condena contra el&nbsp;<strong>excalde<\/strong>&nbsp;de&nbsp;<strong>Tiwintza<\/strong>, Tuits Oswaldo M., y los<strong>&nbsp;exconcejales&nbsp;<\/strong>Luis Germ\u00e1n L. y Pirish Nancy M, por su participaci\u00f3n en el delito de&nbsp;<strong>concusi\u00f3n<\/strong>. Por voto de mayor\u00eda, los jueces de la Sala de la Corte Provincial de Justicia de Morona Santiago ratificaron la sentencia impuesta a los procesados.<\/p>\n\n\n\n<p>Seg\u00fan la investigaci\u00f3n dirigida por la fiscal provincial, Anita Madero, los sentenciados \u2013<strong>aprovech\u00e1ndose de sus cargos<\/strong>\u2013 solicitaron contribuciones no debidas a los representantes de una empresa, a cambio de otorgarles un contrato para organizar las<strong>&nbsp;fiestas del cant\u00f3n<\/strong>, que iban a desarrollarse en octubre de 2018.<\/p>\n\n\n\n<p>El alcalde solicit\u00f3<strong>&nbsp;1.500 d\u00f3lares&nbsp;<\/strong>para \u00e9l y los dos concejales. Durante una reuni\u00f3n en Macas, las v\u00edctimas entregaron 500 d\u00f3lares a cada uno. Debido a que les hab\u00edan exigido un valor mayor, no les otorgaron el contrato y por la insistencia de las v\u00edctimas, los sentenciados les devolvieron el dinero, mediante transacciones bancarias a la cuenta de uno de ellos.<\/p>\n\n\n\n<p>Fiscal\u00eda sustent\u00f3 la acusaci\u00f3n con reportes telef\u00f3nicos respecto a las conversaciones mantenidas por las v\u00edctimas y que hacen referencia a los hechos, transacciones de dep\u00f3sitos realizados por parte de los sentenciados, certificaciones del director financiero y del analista de compras p\u00fablicas del GAD de Tiwintza, resoluci\u00f3n con la que se reforma el Plan Anual de Contrataciones (PAC) para contratar eventos y espect\u00e1culos, resoluci\u00f3n en la que se aprueban los pliegos y el cronograma del proceso de r\u00e9gimen especial y se dispone el inicio del proceso contractual respectivo con un proveedor.<\/p>\n\n\n\n<p>Adem\u00e1s, el contrato adjudicado a un proveedor por la cantidad de 118.649,98 d\u00f3lares e informaci\u00f3n del Servicio de Rentas Internas (SRI), respecto a la actividad comercial de una de las v\u00edctimas y de proveedores.<\/p>\n\n\n\n<p><strong>SUSPENSI\u00d3N CONDICIONAL DE LA PENA<\/strong><\/p>\n\n\n\n<p>Tuits Oswaldo M. fue sentenciado a seis a\u00f1os y ocho meses de privaci\u00f3n de libertad, en calidad de autor; mientras que a Luis Germ\u00e1n L. y Pirish Nancy M. se les impuso la pena de dos a\u00f1os, dos meses y veinte d\u00edas de prisi\u00f3n.<\/p>\n\n\n\n<p>Sin embargo, durante la audiencia de apelaci\u00f3n, la Sala concedi\u00f3 la suspensi\u00f3n condicional de la pena a los tres ciudadanos,&nbsp;<strong>bajo seis condiciones<\/strong>: residir en el lugar indicado e informar a la autoridad competente sobre un eventual cambio de lugar de residencia, prohibici\u00f3n de salida del pa\u00eds sin previa autorizaci\u00f3n del Juez de Garant\u00edas Penitenciaras, presentarse peri\u00f3dicamente ante la autoridad competente.<\/p>\n\n\n\n<p>Adem\u00e1s, deber\u00e1n someterse a un<strong>\u00a0tratamiento psicol\u00f3gico<\/strong>\u00a0que sea destinado a entender la gravedad de sus acciones, realizar trabajo comunitario por 200 horas en el Centro de Privaci\u00f3n de Libertad de Macas y los sentenciados no deber\u00e1n ser reincidentes, ni tener una instrucci\u00f3n fiscal por un nuevo delito. <strong>Fuente: Vistazo<\/strong><\/p>\n","protected":false},"excerpt":{"rendered":"<p>Ratifican condena contra el&nbsp;excalde&nbsp;de&nbsp;Tiwintza, Tuits Oswaldo M., y los&nbsp;exconcejales&nbsp;Luis Germ\u00e1n L. y Pirish Nancy M, por su participaci\u00f3n en el delito de&nbsp;concusi\u00f3n. Por voto de mayor\u00eda, los jueces de la Sala de la Corte Provincial de Justicia de Morona Santiago ratificaron la sentencia impuesta a los procesados. Seg\u00fan la investigaci\u00f3n dirigida por la fiscal provincial, Anita Madero, los sentenciados \u2013aprovech\u00e1ndose de sus cargos\u2013 solicitaron contribuciones no debidas a los representantes de una empresa, a cambio de otorgarles un contrato para organizar las&nbsp;fiestas del cant\u00f3n, que iban a desarrollarse en octubre de 2018. El alcalde solicit\u00f3&nbsp;1.500 d\u00f3lares&nbsp;para \u00e9l y los dos concejales. Durante una reuni\u00f3n en Macas, las v\u00edctimas entregaron 500 d\u00f3lares a cada uno. Debido a que les hab\u00edan exigido un valor mayor, no les otorgaron el contrato y por la insistencia de las v\u00edctimas, los sentenciados les devolvieron el dinero, mediante transacciones bancarias a la cuenta de uno de ellos. Fiscal\u00eda sustent\u00f3 la acusaci\u00f3n con reportes telef\u00f3nicos respecto a las conversaciones mantenidas por las v\u00edctimas y que hacen referencia a los hechos, transacciones de dep\u00f3sitos realizados por parte de los sentenciados, certificaciones del director financiero y del analista de compras p\u00fablicas del GAD de Tiwintza, resoluci\u00f3n con la que se reforma el Plan Anual de Contrataciones (PAC) para contratar eventos y espect\u00e1culos, resoluci\u00f3n en la que se aprueban los pliegos y el cronograma del proceso de r\u00e9gimen especial y se dispone el inicio del proceso contractual respectivo con un proveedor. Adem\u00e1s, el contrato adjudicado a un proveedor por la cantidad de 118.649,98 d\u00f3lares e informaci\u00f3n del Servicio de Rentas Internas (SRI), respecto a la actividad comercial de una de las v\u00edctimas y de proveedores. SUSPENSI\u00d3N CONDICIONAL DE LA PENA Tuits Oswaldo M. fue sentenciado a seis a\u00f1os y ocho meses de privaci\u00f3n de libertad, en calidad de autor; mientras que a Luis Germ\u00e1n L. y Pirish Nancy M. se les impuso la pena de dos a\u00f1os, dos meses y veinte d\u00edas de prisi\u00f3n. Sin embargo, durante la audiencia de apelaci\u00f3n, la Sala concedi\u00f3 la suspensi\u00f3n condicional de la pena a los tres ciudadanos,&nbsp;bajo seis condiciones: residir en el lugar indicado e informar a la autoridad competente sobre un eventual cambio de lugar de residencia, prohibici\u00f3n de salida del pa\u00eds sin previa autorizaci\u00f3n del Juez de Garant\u00edas Penitenciaras, presentarse peri\u00f3dicamente ante la autoridad competente. Adem\u00e1s, deber\u00e1n someterse a un\u00a0tratamiento psicol\u00f3gico\u00a0que sea destinado a entender la gravedad de sus acciones, realizar trabajo comunitario por 200 horas en el Centro de Privaci\u00f3n de Libertad de Macas y los sentenciados no deber\u00e1n ser reincidentes, ni tener una instrucci\u00f3n fiscal por un nuevo delito. Fuente: Vistazo<\/p>\n","protected":false},"author":1,"featured_media":6188,"comment_status":"open","ping_status":"open","sticky":false,"template":"","format":"standard","meta":{"footnotes":""},"categories":[1],"tags":[],"class_list":["post-6187","post","type-post","status-publish","format-standard","has-post-thumbnail","hentry","category-uncategorized"],"_links":{"self":[{"href":"https:\/\/www.elamazonico.com\/portal\/wp-json\/wp\/v2\/posts\/6187","targetHints":{"allow":["GET"]}}],"collection":[{"href":"https:\/\/www.elamazonico.com\/portal\/wp-json\/wp\/v2\/posts"}],"about":[{"href":"https:\/\/www.elamazonico.com\/portal\/wp-json\/wp\/v2\/types\/post"}],"author":[{"embeddable":true,"href":"https:\/\/www.elamazonico.com\/portal\/wp-json\/wp\/v2\/users\/1"}],"replies":[{"embeddable":true,"href":"https:\/\/www.elamazonico.com\/portal\/wp-json\/wp\/v2\/comments?post=6187"}],"version-history":[{"count":1,"href":"https:\/\/www.elamazonico.com\/portal\/wp-json\/wp\/v2\/posts\/6187\/revisions"}],"predecessor-version":[{"id":6189,"href":"https:\/\/www.elamazonico.com\/portal\/wp-json\/wp\/v2\/posts\/6187\/revisions\/6189"}],"wp:featuredmedia":[{"embeddable":true,"href":"https:\/\/www.elamazonico.com\/portal\/wp-json\/wp\/v2\/media\/6188"}],"wp:attachment":[{"href":"https:\/\/www.elamazonico.com\/portal\/wp-json\/wp\/v2\/media?parent=6187"}],"wp:term":[{"taxonomy":"category","embeddable":true,"href":"https:\/\/www.elamazonico.com\/portal\/wp-json\/wp\/v2\/categories?post=6187"},{"taxonomy":"post_tag","embeddable":true,"href":"https:\/\/www.elamazonico.com\/portal\/wp-json\/wp\/v2\/tags?post=6187"}],"curies":[{"name":"wp","href":"https:\/\/api.w.org\/{rel}","templated":true}]}}