{"id":6184,"date":"2022-10-13T08:14:38","date_gmt":"2022-10-13T13:14:38","guid":{"rendered":"https:\/\/www.elamazonico.com\/portal\/?p=6184"},"modified":"2022-10-13T08:15:01","modified_gmt":"2022-10-13T13:15:01","slug":"aun-no-se-concreta-la-baja-de-german-caceres-de-la-policia-nacional","status":"publish","type":"post","link":"https:\/\/www.elamazonico.com\/portal\/aun-no-se-concreta-la-baja-de-german-caceres-de-la-policia-nacional\/","title":{"rendered":"A\u00fan no se concreta la baja de Germ\u00e1n C\u00e1ceres de la Polic\u00eda Nacional"},"content":{"rendered":"\n<p>El teniente de la Polic\u00eda Nacional,&nbsp;<strong>Germ\u00e1n C\u00e1ceres<\/strong>, todav\u00eda no ha sido desvinculado de la instituci\u00f3n. \u00c9l es el esposo y principal sospechoso del femicidio de&nbsp;<strong>Mar\u00eda Bel\u00e9n Bernal<\/strong>, hecho ocurrido hace un mes.<\/p>\n\n\n\n<p>C\u00e1ceres era instructor en la<strong>\u00a0Escuela de Polic\u00eda<\/strong>, en Quito, donde el pasado 11 de septiembre fue vista por \u00faltima vez la abogada Mar\u00eda Bel\u00e9n, quien d\u00edas despu\u00e9s fue\u00a0<strong>hallada muerta.<\/strong><\/p>\n\n\n\n<p>El comandante de la Polic\u00eda Nacional,\u00a0<strong>Fausto Salinas<\/strong>, confirm\u00f3 que el teniente C\u00e1ceres todav\u00eda<strong>\u00a0no ha sido removido de la instituci\u00f3n<\/strong>\u00a0e indic\u00f3 que el \u00faltimo\u00a0<strong>rastro<\/strong>\u00a0del sospechoso fue en\u00a0<strong>Medell\u00edn<\/strong>,\u00a0<strong>Colombia<\/strong>.<\/p>\n\n\n\n<p>Seg\u00fan Salinas, el<strong>&nbsp;proceso administrativo<\/strong>&nbsp;para la baja&nbsp;<strong>demora al menos 48 d\u00edas h\u00e1biles.&nbsp;<\/strong>Aclar\u00f3 que este tr\u00e1mite busca corregirse, mediante una propuestapara que, a futuro, las desvinculaciones sean&nbsp;<strong>inmediatas<\/strong>.<\/p>\n\n\n\n<p>Sus declaraciones fueron parte de su&nbsp;<strong>comparecencia<\/strong>&nbsp;ante la comisi\u00f3n ocasional de la Asamblea Nacional que investiga el&nbsp;<strong>asesinato de Bernal,&nbsp;<\/strong>realizada el martes 11 de octubre.<\/p>\n\n\n\n<p>Durante su intervenci\u00f3n, el uniformado agreg\u00f3 que actualmente existen&nbsp;<strong>13 procesos administrativos<\/strong>&nbsp;abiertos en contra de servidores policiales, en fase de investigaci\u00f3n, por presuntas&nbsp;<strong>acciones u omisiones<\/strong>.<\/p>\n\n\n\n<p><strong>LAS &#8216;REGLAS&#8217; EXTRAOFICIALES QUE SE APLICABA ENTRE CADETES<\/strong><\/p>\n\n\n\n<p>Durante la comparecencia, la asamble\u00edsta del Partido Social Cristiano (PSC),&nbsp;<strong>Marjorie Ch\u00e1vez<\/strong>, consult\u00f3 a Salinas si era cierto que dentro de la Escuela de Polic\u00eda exist\u00edan tres reglas de oro de los cadetes:&nbsp;<strong>el que obedece, no padece; prohibido delatar; todo est\u00e1 permitido, menos dejarse trincar<\/strong>.<\/p>\n\n\n\n<p>\u201cS\u00ed he escuchado y me parece que\u00a0<strong>es antag\u00f3nico<\/strong>\u00a0a los principios que tenemos y es una de las batallas que debemos seguir cumpliendo, contra eso, para eso debemos generar un\u00a0<strong>nuevo reglamento disciplinario<\/strong>\u201d, mencion\u00f3 Salinas. Fuente: Vistazo<\/p>\n","protected":false},"excerpt":{"rendered":"<p>El teniente de la Polic\u00eda Nacional,&nbsp;Germ\u00e1n C\u00e1ceres, todav\u00eda no ha sido desvinculado de la instituci\u00f3n. \u00c9l es el esposo y principal sospechoso del femicidio de&nbsp;Mar\u00eda Bel\u00e9n Bernal, hecho ocurrido hace un mes. C\u00e1ceres era instructor en la\u00a0Escuela de Polic\u00eda, en Quito, donde el pasado 11 de septiembre fue vista por \u00faltima vez la abogada Mar\u00eda Bel\u00e9n, quien d\u00edas despu\u00e9s fue\u00a0hallada muerta. El comandante de la Polic\u00eda Nacional,\u00a0Fausto Salinas, confirm\u00f3 que el teniente C\u00e1ceres todav\u00eda\u00a0no ha sido removido de la instituci\u00f3n\u00a0e indic\u00f3 que el \u00faltimo\u00a0rastro\u00a0del sospechoso fue en\u00a0Medell\u00edn,\u00a0Colombia. Seg\u00fan Salinas, el&nbsp;proceso administrativo&nbsp;para la baja&nbsp;demora al menos 48 d\u00edas h\u00e1biles.&nbsp;Aclar\u00f3 que este tr\u00e1mite busca corregirse, mediante una propuestapara que, a futuro, las desvinculaciones sean&nbsp;inmediatas. Sus declaraciones fueron parte de su&nbsp;comparecencia&nbsp;ante la comisi\u00f3n ocasional de la Asamblea Nacional que investiga el&nbsp;asesinato de Bernal,&nbsp;realizada el martes 11 de octubre. Durante su intervenci\u00f3n, el uniformado agreg\u00f3 que actualmente existen&nbsp;13 procesos administrativos&nbsp;abiertos en contra de servidores policiales, en fase de investigaci\u00f3n, por presuntas&nbsp;acciones u omisiones. LAS &#8216;REGLAS&#8217; EXTRAOFICIALES QUE SE APLICABA ENTRE CADETES Durante la comparecencia, la asamble\u00edsta del Partido Social Cristiano (PSC),&nbsp;Marjorie Ch\u00e1vez, consult\u00f3 a Salinas si era cierto que dentro de la Escuela de Polic\u00eda exist\u00edan tres reglas de oro de los cadetes:&nbsp;el que obedece, no padece; prohibido delatar; todo est\u00e1 permitido, menos dejarse trincar. \u201cS\u00ed he escuchado y me parece que\u00a0es antag\u00f3nico\u00a0a los principios que tenemos y es una de las batallas que debemos seguir cumpliendo, contra eso, para eso debemos generar un\u00a0nuevo reglamento disciplinario\u201d, mencion\u00f3 Salinas. Fuente: Vistazo<\/p>\n","protected":false},"author":1,"featured_media":6185,"comment_status":"open","ping_status":"open","sticky":false,"template":"","format":"standard","meta":{"footnotes":""},"categories":[268],"tags":[],"class_list":["post-6184","post","type-post","status-publish","format-standard","has-post-thumbnail","hentry","category-nacionales"],"_links":{"self":[{"href":"https:\/\/www.elamazonico.com\/portal\/wp-json\/wp\/v2\/posts\/6184","targetHints":{"allow":["GET"]}}],"collection":[{"href":"https:\/\/www.elamazonico.com\/portal\/wp-json\/wp\/v2\/posts"}],"about":[{"href":"https:\/\/www.elamazonico.com\/portal\/wp-json\/wp\/v2\/types\/post"}],"author":[{"embeddable":true,"href":"https:\/\/www.elamazonico.com\/portal\/wp-json\/wp\/v2\/users\/1"}],"replies":[{"embeddable":true,"href":"https:\/\/www.elamazonico.com\/portal\/wp-json\/wp\/v2\/comments?post=6184"}],"version-history":[{"count":1,"href":"https:\/\/www.elamazonico.com\/portal\/wp-json\/wp\/v2\/posts\/6184\/revisions"}],"predecessor-version":[{"id":6186,"href":"https:\/\/www.elamazonico.com\/portal\/wp-json\/wp\/v2\/posts\/6184\/revisions\/6186"}],"wp:featuredmedia":[{"embeddable":true,"href":"https:\/\/www.elamazonico.com\/portal\/wp-json\/wp\/v2\/media\/6185"}],"wp:attachment":[{"href":"https:\/\/www.elamazonico.com\/portal\/wp-json\/wp\/v2\/media?parent=6184"}],"wp:term":[{"taxonomy":"category","embeddable":true,"href":"https:\/\/www.elamazonico.com\/portal\/wp-json\/wp\/v2\/categories?post=6184"},{"taxonomy":"post_tag","embeddable":true,"href":"https:\/\/www.elamazonico.com\/portal\/wp-json\/wp\/v2\/tags?post=6184"}],"curies":[{"name":"wp","href":"https:\/\/api.w.org\/{rel}","templated":true}]}}