{"id":6131,"date":"2022-10-06T09:17:51","date_gmt":"2022-10-06T14:17:51","guid":{"rendered":"https:\/\/www.elamazonico.com\/portal\/?p=6131"},"modified":"2022-10-06T09:17:58","modified_gmt":"2022-10-06T14:17:58","slug":"zelenski-pregunta-en-la-oea-de-que-lado-estarian-bolivar-y-san-martin-en-la-guerra-de-ucrania","status":"publish","type":"post","link":"https:\/\/www.elamazonico.com\/portal\/zelenski-pregunta-en-la-oea-de-que-lado-estarian-bolivar-y-san-martin-en-la-guerra-de-ucrania\/","title":{"rendered":"Zelenski pregunta en la OEA \u00bfDe qu\u00e9 lado estar\u00edan Bol\u00edvar y San Mart\u00edn en la guerra de Ucrania?"},"content":{"rendered":"\n<p><strong>\u00ab\u00bfEn qu\u00e9 lado estar\u00eda Sim\u00f3n Bol\u00edvar en una guerra como esta que Rusia desat\u00f3 contra Ucrania, a qui\u00e9n apoyar\u00eda San Mart\u00edn?\u00bb<\/strong>, se pregunt\u00f3 Zelenski al intervenir remotamente en el di\u00e1logo de los jefes de delegaci\u00f3n con los observadores permanentes, previo al inicio de la asamblea.<\/p>\n\n\n\n<p><strong>\u00abCreo que no apoyar\u00edan a alguien que se enfrenta a un pa\u00eds m\u00e1s peque\u00f1o como un t\u00edpico colonizador, a alguien que constantemente miente y que no llama guerra a una guerra\u00bb,<\/strong>\u00a0respondi\u00f3 antes de agregar que no respaldar\u00edan a quien<strong>\u00a0\u00ablleva a gente a la pobreza a trav\u00e9s de los precios y las crisis energ\u00e9ticas, ambas artificiales y que hace la guerra contra los civiles\u00bb.<\/strong><\/p>\n\n\n\n<figure class=\"wp-block-embed is-type-rich is-provider-twitter wp-block-embed-twitter\"><div class=\"wp-block-embed__wrapper\">\n<blockquote class=\"twitter-tweet\" data-width=\"550\" data-dnt=\"true\"><p lang=\"en\" dir=\"ltr\">ZELENSKY: \u201cOn whose side would Sim\u00f3n Bolivar be in such a war that Russia unleashed on Ukraine. Who would Jos\u00e9 de San Mart\u00edn support? Who would Miguel Hidalgo sympathize with?\u201d<a href=\"https:\/\/t.co\/wx5JHYHAV9\">pic.twitter.com\/wx5JHYHAV9<\/a><\/p>&mdash; Jos\u00e9 D\u00edaz Brise\u00f1o (@diazbriseno) <a href=\"https:\/\/twitter.com\/diazbriseno\/status\/1577858855068893186?ref_src=twsrc%5Etfw\">October 6, 2022<\/a><\/blockquote><script async src=\"https:\/\/platform.twitter.com\/widgets.js\" charset=\"utf-8\"><\/script>\n<\/div><\/figure>\n\n\n\n<p>El mandatario ucraniano reconoci\u00f3 que, en algunos de los pa\u00edses que forman parte de la OEA,<strong>&nbsp;\u00abla visi\u00f3n rusa de la guerra es dominante\u00bb<\/strong>&nbsp;y subray\u00f3 que es<strong>&nbsp;\u00abfalsa\u00bb.<\/strong><\/p>\n\n\n\n<p><strong>\u00abLes pido que miren a los hechos, miren desde sus puntos de vista (\u2026) lo que Am\u00e9rica ha visto, la pelea por la independencia\u00bb,<\/strong>&nbsp;coment\u00f3.<\/p>\n\n\n\n<p>Posteriormente, agradeci\u00f3 a aquellos pa\u00edses que han apoyado&nbsp;<strong>\u00abfuertemente\u00bb<\/strong>&nbsp;a Ucrania, si bien no se refiri\u00f3 a ninguno de ellos de manera directa.<\/p>\n\n\n\n<p>No obstante, les pidi\u00f3 que lo mantengan e incrementen&nbsp;<strong>\u00aben varios niveles\u00bb<\/strong>, el primero de ellos en las organizaciones internacionales,<strong>&nbsp;\u00abespecialmente la Asamblea General de la ONU\u00bb,<\/strong>&nbsp;donde les inst\u00f3 a que voten a favor de las iniciativas promovidas por Ucrania.<\/p>\n\n\n\n<p>El segundo de ellos es el orden nacional, pues pidi\u00f3&nbsp;<strong>\u00abintegridad\u00bb<\/strong>&nbsp;a los Estados que forman parte de la OEA para que \u00abno permitan que sus econom\u00edas sean usadas para financiar una guerra criminal\u00bb.<\/p>\n\n\n\n<p><strong>\u00abNo se asocien con aquellos que inevitablemente ser\u00e1n condenados por la comunidad internacional\u00bb<\/strong>, reclam\u00f3 Zelenski.<\/p>\n\n\n\n<p>Por \u00faltimo, le pidi\u00f3 a las&nbsp;<strong>\u00abpersonas ordinarias\u00bb<\/strong>&nbsp;que difundan&nbsp;<strong>\u00ablas verdades de la guerra y las muertes causadas por la agresi\u00f3n rusa\u00bb.<\/strong><\/p>\n\n\n\n<p>Antes de concluir su discurso, se despidi\u00f3 proclamando<strong>\u00a0\u00abviva la libertad\u00bb<\/strong>\u00a0en espa\u00f1ol. EFE <\/p>\n\n\n\n<figure class=\"wp-block-image size-full\"><img fetchpriority=\"high\" decoding=\"async\" width=\"425\" height=\"540\" src=\"https:\/\/www.elamazonico.com\/portal\/wp-content\/uploads\/2022\/10\/Putin-1.jpg\" alt=\"\" class=\"wp-image-6133\" srcset=\"https:\/\/www.elamazonico.com\/portal\/wp-content\/uploads\/2022\/10\/Putin-1.jpg 425w, https:\/\/www.elamazonico.com\/portal\/wp-content\/uploads\/2022\/10\/Putin-1-236x300.jpg 236w\" sizes=\"(max-width: 425px) 100vw, 425px\" \/><\/figure>\n\n\n\n<figure class=\"wp-block-embed is-type-video is-provider-youtube wp-block-embed-youtube wp-embed-aspect-16-9 wp-has-aspect-ratio\"><div class=\"wp-block-embed__wrapper\">\n<iframe title=\"Wrap Venezuela&#039;s president on official visit, meets Putin\" width=\"740\" height=\"416\" src=\"https:\/\/www.youtube.com\/embed\/-inTxsxiios?feature=oembed\" frameborder=\"0\" allow=\"accelerometer; autoplay; clipboard-write; encrypted-media; gyroscope; picture-in-picture\" allowfullscreen><\/iframe>\n<\/div><\/figure>\n","protected":false},"excerpt":{"rendered":"<p>\u00ab\u00bfEn qu\u00e9 lado estar\u00eda Sim\u00f3n Bol\u00edvar en una guerra como esta que Rusia desat\u00f3 contra Ucrania, a qui\u00e9n apoyar\u00eda San Mart\u00edn?\u00bb, se pregunt\u00f3 Zelenski al intervenir remotamente en el di\u00e1logo de los jefes de delegaci\u00f3n con los observadores permanentes, previo al inicio de la asamblea. \u00abCreo que no apoyar\u00edan a alguien que se enfrenta a un pa\u00eds m\u00e1s peque\u00f1o como un t\u00edpico colonizador, a alguien que constantemente miente y que no llama guerra a una guerra\u00bb,\u00a0respondi\u00f3 antes de agregar que no respaldar\u00edan a quien\u00a0\u00ablleva a gente a la pobreza a trav\u00e9s de los precios y las crisis energ\u00e9ticas, ambas artificiales y que hace la guerra contra los civiles\u00bb. El mandatario ucraniano reconoci\u00f3 que, en algunos de los pa\u00edses que forman parte de la OEA,&nbsp;\u00abla visi\u00f3n rusa de la guerra es dominante\u00bb&nbsp;y subray\u00f3 que es&nbsp;\u00abfalsa\u00bb. \u00abLes pido que miren a los hechos, miren desde sus puntos de vista (\u2026) lo que Am\u00e9rica ha visto, la pelea por la independencia\u00bb,&nbsp;coment\u00f3. Posteriormente, agradeci\u00f3 a aquellos pa\u00edses que han apoyado&nbsp;\u00abfuertemente\u00bb&nbsp;a Ucrania, si bien no se refiri\u00f3 a ninguno de ellos de manera directa. No obstante, les pidi\u00f3 que lo mantengan e incrementen&nbsp;\u00aben varios niveles\u00bb, el primero de ellos en las organizaciones internacionales,&nbsp;\u00abespecialmente la Asamblea General de la ONU\u00bb,&nbsp;donde les inst\u00f3 a que voten a favor de las iniciativas promovidas por Ucrania. El segundo de ellos es el orden nacional, pues pidi\u00f3&nbsp;\u00abintegridad\u00bb&nbsp;a los Estados que forman parte de la OEA para que \u00abno permitan que sus econom\u00edas sean usadas para financiar una guerra criminal\u00bb. \u00abNo se asocien con aquellos que inevitablemente ser\u00e1n condenados por la comunidad internacional\u00bb, reclam\u00f3 Zelenski. Por \u00faltimo, le pidi\u00f3 a las&nbsp;\u00abpersonas ordinarias\u00bb&nbsp;que difundan&nbsp;\u00ablas verdades de la guerra y las muertes causadas por la agresi\u00f3n rusa\u00bb. Antes de concluir su discurso, se despidi\u00f3 proclamando\u00a0\u00abviva la libertad\u00bb\u00a0en espa\u00f1ol. EFE<\/p>\n","protected":false},"author":1,"featured_media":6134,"comment_status":"open","ping_status":"open","sticky":false,"template":"","format":"standard","meta":{"footnotes":""},"categories":[1],"tags":[],"class_list":["post-6131","post","type-post","status-publish","format-standard","has-post-thumbnail","hentry","category-uncategorized"],"_links":{"self":[{"href":"https:\/\/www.elamazonico.com\/portal\/wp-json\/wp\/v2\/posts\/6131","targetHints":{"allow":["GET"]}}],"collection":[{"href":"https:\/\/www.elamazonico.com\/portal\/wp-json\/wp\/v2\/posts"}],"about":[{"href":"https:\/\/www.elamazonico.com\/portal\/wp-json\/wp\/v2\/types\/post"}],"author":[{"embeddable":true,"href":"https:\/\/www.elamazonico.com\/portal\/wp-json\/wp\/v2\/users\/1"}],"replies":[{"embeddable":true,"href":"https:\/\/www.elamazonico.com\/portal\/wp-json\/wp\/v2\/comments?post=6131"}],"version-history":[{"count":1,"href":"https:\/\/www.elamazonico.com\/portal\/wp-json\/wp\/v2\/posts\/6131\/revisions"}],"predecessor-version":[{"id":6135,"href":"https:\/\/www.elamazonico.com\/portal\/wp-json\/wp\/v2\/posts\/6131\/revisions\/6135"}],"wp:featuredmedia":[{"embeddable":true,"href":"https:\/\/www.elamazonico.com\/portal\/wp-json\/wp\/v2\/media\/6134"}],"wp:attachment":[{"href":"https:\/\/www.elamazonico.com\/portal\/wp-json\/wp\/v2\/media?parent=6131"}],"wp:term":[{"taxonomy":"category","embeddable":true,"href":"https:\/\/www.elamazonico.com\/portal\/wp-json\/wp\/v2\/categories?post=6131"},{"taxonomy":"post_tag","embeddable":true,"href":"https:\/\/www.elamazonico.com\/portal\/wp-json\/wp\/v2\/tags?post=6131"}],"curies":[{"name":"wp","href":"https:\/\/api.w.org\/{rel}","templated":true}]}}