{"id":6104,"date":"2022-10-05T05:42:39","date_gmt":"2022-10-05T10:42:39","guid":{"rendered":"https:\/\/www.elamazonico.com\/portal\/?p=6104"},"modified":"2022-10-05T05:42:43","modified_gmt":"2022-10-05T10:42:43","slug":"el-pangui-vivio-intensamente-el-dia-mundial-del-turismo","status":"publish","type":"post","link":"https:\/\/www.elamazonico.com\/portal\/el-pangui-vivio-intensamente-el-dia-mundial-del-turismo\/","title":{"rendered":"El Pangui vivi\u00f3 intensamente el d\u00eda mundial del turismo"},"content":{"rendered":"\n<p>Con el desarrollo de casi una decena de actividades, el cant\u00f3n El Pangui vivi\u00f3 la conmemoraci\u00f3n por el D\u00eda Mundial del Turismo evento que se desarroll\u00f3 durante 5 d\u00edas consecutivos. Esta iniciativa la promovi\u00f3 el Gobierno Municipal de El Pangui a trav\u00e9s de la Unidad y Comisi\u00f3n de Turismo.<\/p>\n\n\n\n<p>Durante esta celebraci\u00f3n hubo: Ciclos de conferencias, lanzamiento de un video tur\u00edstico promocional, recorridos en la \u201cRuta Navegable del Zamora\u201d y en la \u201cRuta de las Orqu\u00eddeas\u201d, conciertos, deportes extremos (rafting) y la \u201cGran Feria de la Orqu\u00eddea, Tur\u00edstica, Gastron\u00f3mica y Artesanal El Pangui 2022\u201d actividad que abarc\u00f3 muchas m\u00e1s actividades socio-culturales.<\/p>\n\n\n\n<p>Rolando Segovia, mentalizador del evento y presidente de la Comisi\u00f3n de Turismo del ayuntamiento, indic\u00f3 que como instituci\u00f3n municipal siempre buscan impulsar el turismo en el cant\u00f3n brindando espacios donde los emprendedores den a conocer sus productos o servicios.<\/p>\n\n\n\n<p>Esta opini\u00f3n es compartida por el burgomaestre Carlos Pun\u00edn, quien expres\u00f3 su complacencia al apoyar estos espacios \u00abque esa materia prima a la cual ustedes le dan un valor agregado sea conocida no solo a nivel local y nacional, sino a nivel internacional\u00bb. Asimismo, hizo la entrega de varios proyectos que fortalecen el turismo como: el asfaltado de la calle Mayor Rene Ulloa, la calle Luis Imaicela, el redise\u00f1o del Parque Central (segunda etapa), todo esto como parte de la Regeraci\u00f3n Urbana del cant\u00f3n.<\/p>\n\n\n\n<p>Mar\u00eda Jos\u00e9 Pauta, emprendedora panguense agradeci\u00f3 a las autoridades cantonales por impulsar estas iniciativas tur\u00edsticas \u00abgracias por hacernos part\u00edcipes de este evento que nos ayuda a la reactivaci\u00f3n econ\u00f3mica\u00bb destac\u00f3.<\/p>\n\n\n\n<p>En la antesala de la culminaci\u00f3n de la celebraci\u00f3n hubo sorteo de premios donados por auspiciantes y emprendedores entre ellos se entreg\u00f3: varios art\u00edculos para el hogar y una bicicleta; adem\u00e1s con la presencia de \u00abProyecto Coraza\u00bb y su repertorio de m\u00fasica andina nacional mezclada con ritmos electr\u00f3nicos pusieron a bailar y disfrutar a propios y extra\u00f1os.<\/p>\n","protected":false},"excerpt":{"rendered":"<p>Con el desarrollo de casi una decena de actividades, el cant\u00f3n El Pangui vivi\u00f3 la conmemoraci\u00f3n por el D\u00eda Mundial del Turismo evento que se desarroll\u00f3 durante 5 d\u00edas consecutivos. Esta iniciativa la promovi\u00f3 el Gobierno Municipal de El Pangui a trav\u00e9s de la Unidad y Comisi\u00f3n de Turismo. Durante esta celebraci\u00f3n hubo: Ciclos de conferencias, lanzamiento de un video tur\u00edstico promocional, recorridos en la \u201cRuta Navegable del Zamora\u201d y en la \u201cRuta de las Orqu\u00eddeas\u201d, conciertos, deportes extremos (rafting) y la \u201cGran Feria de la Orqu\u00eddea, Tur\u00edstica, Gastron\u00f3mica y Artesanal El Pangui 2022\u201d actividad que abarc\u00f3 muchas m\u00e1s actividades socio-culturales. Rolando Segovia, mentalizador del evento y presidente de la Comisi\u00f3n de Turismo del ayuntamiento, indic\u00f3 que como instituci\u00f3n municipal siempre buscan impulsar el turismo en el cant\u00f3n brindando espacios donde los emprendedores den a conocer sus productos o servicios. Esta opini\u00f3n es compartida por el burgomaestre Carlos Pun\u00edn, quien expres\u00f3 su complacencia al apoyar estos espacios \u00abque esa materia prima a la cual ustedes le dan un valor agregado sea conocida no solo a nivel local y nacional, sino a nivel internacional\u00bb. Asimismo, hizo la entrega de varios proyectos que fortalecen el turismo como: el asfaltado de la calle Mayor Rene Ulloa, la calle Luis Imaicela, el redise\u00f1o del Parque Central (segunda etapa), todo esto como parte de la Regeraci\u00f3n Urbana del cant\u00f3n. Mar\u00eda Jos\u00e9 Pauta, emprendedora panguense agradeci\u00f3 a las autoridades cantonales por impulsar estas iniciativas tur\u00edsticas \u00abgracias por hacernos part\u00edcipes de este evento que nos ayuda a la reactivaci\u00f3n econ\u00f3mica\u00bb destac\u00f3. En la antesala de la culminaci\u00f3n de la celebraci\u00f3n hubo sorteo de premios donados por auspiciantes y emprendedores entre ellos se entreg\u00f3: varios art\u00edculos para el hogar y una bicicleta; adem\u00e1s con la presencia de \u00abProyecto Coraza\u00bb y su repertorio de m\u00fasica andina nacional mezclada con ritmos electr\u00f3nicos pusieron a bailar y disfrutar a propios y extra\u00f1os.<\/p>\n","protected":false},"author":1,"featured_media":6105,"comment_status":"open","ping_status":"open","sticky":false,"template":"","format":"standard","meta":{"footnotes":""},"categories":[243],"tags":[],"class_list":["post-6104","post","type-post","status-publish","format-standard","has-post-thumbnail","hentry","category-noticias-zamora"],"_links":{"self":[{"href":"https:\/\/www.elamazonico.com\/portal\/wp-json\/wp\/v2\/posts\/6104","targetHints":{"allow":["GET"]}}],"collection":[{"href":"https:\/\/www.elamazonico.com\/portal\/wp-json\/wp\/v2\/posts"}],"about":[{"href":"https:\/\/www.elamazonico.com\/portal\/wp-json\/wp\/v2\/types\/post"}],"author":[{"embeddable":true,"href":"https:\/\/www.elamazonico.com\/portal\/wp-json\/wp\/v2\/users\/1"}],"replies":[{"embeddable":true,"href":"https:\/\/www.elamazonico.com\/portal\/wp-json\/wp\/v2\/comments?post=6104"}],"version-history":[{"count":1,"href":"https:\/\/www.elamazonico.com\/portal\/wp-json\/wp\/v2\/posts\/6104\/revisions"}],"predecessor-version":[{"id":6106,"href":"https:\/\/www.elamazonico.com\/portal\/wp-json\/wp\/v2\/posts\/6104\/revisions\/6106"}],"wp:featuredmedia":[{"embeddable":true,"href":"https:\/\/www.elamazonico.com\/portal\/wp-json\/wp\/v2\/media\/6105"}],"wp:attachment":[{"href":"https:\/\/www.elamazonico.com\/portal\/wp-json\/wp\/v2\/media?parent=6104"}],"wp:term":[{"taxonomy":"category","embeddable":true,"href":"https:\/\/www.elamazonico.com\/portal\/wp-json\/wp\/v2\/categories?post=6104"},{"taxonomy":"post_tag","embeddable":true,"href":"https:\/\/www.elamazonico.com\/portal\/wp-json\/wp\/v2\/tags?post=6104"}],"curies":[{"name":"wp","href":"https:\/\/api.w.org\/{rel}","templated":true}]}}