{"id":6098,"date":"2022-10-05T05:37:17","date_gmt":"2022-10-05T10:37:17","guid":{"rendered":"https:\/\/www.elamazonico.com\/portal\/?p=6098"},"modified":"2022-10-05T05:37:21","modified_gmt":"2022-10-05T10:37:21","slug":"en-zamora-se-realizo-el-primer-festival-de-trios-a-nivel-nacional","status":"publish","type":"post","link":"https:\/\/www.elamazonico.com\/portal\/en-zamora-se-realizo-el-primer-festival-de-trios-a-nivel-nacional\/","title":{"rendered":"En Zamora se realiz\u00f3 el Primer Festival de Tr\u00edos a nivel Nacional"},"content":{"rendered":"\n<p>El reciente fin de semana, en la primera etapa del Malec\u00f3n de Zamora, se desarroll\u00f3 con gran \u00e9xito el Primer Festival Nacional de Tr\u00edos, por el D\u00eda del Pasillo Ecuatoriano, programaci\u00f3n que se realiz\u00f3 en el marco de los 473 a\u00f1os de Fundaci\u00f3n de Zamora.<\/p>\n\n\n\n<p>En el evento, el alcalde del cant\u00f3n, Manuel Gonz\u00e1lez y concejales, recibieron un reconocimiento, como muestra de gratitud, por formar parte en el impulso para hacer realidad el Primer Festival de Pasillos, modalidad tr\u00edos. El GAD Municipal de Zamora, para el festival, hizo el aporte econ\u00f3mico 10 mil d\u00f3lares americanos y la Casa de la cultura Benjam\u00edn Carri\u00f3n de Zamora Chinchipe, fue la ejecutora del evento cultural, mismo que cont\u00f3 con la participaci\u00f3n de 5 Tr\u00edos a nivel nacional.<\/p>\n\n\n\n<p>La lista de ganadores del Primer Festival, qued\u00f3 de la siguiente manera: primer lugar: Tr\u00edo Lo Nuestro de Zamora, Chinchipe, segundo lugar: Tr\u00edo San Blas de Loja, tercer lugar: Tr\u00edo Sandino de Riobamba y cuarto lugar: Los Ilustres del Ca\u00f1ar.<\/p>\n\n\n\n<p>Sandro I\u00f1iguez, concejal del cant\u00f3n Zamora, manifest\u00f3 que el evento ha sido dise\u00f1ado con el prop\u00f3sito de conmemorar el d\u00eda Nacional del Pasillo Ecuatoriano, adem\u00e1s, de ofrecer un programa diferente a la ciudadan\u00eda zamorana. Asimismo, el concejal, invit\u00f3 a los habitantes del cant\u00f3n y turistas a continuar disfrutando de las festividades que culminan el 6 de octubre de 2022. &nbsp;<br>En este contexto, Manuel Gonz\u00e1lez, alcalde del cant\u00f3n Zamora, dijo que la realizaci\u00f3n de este evento, ha permitido promover el rescate y fortalecer las manifestaciones art\u00edsticas tradicionales y patrimoniales, con la finalidad de dinamizar la identidad musical ecuatoriana.<\/p>\n\n\n\n<p>\u201cEl GAD Municipal de Zamora, siempre tendr\u00e1 la predisposici\u00f3n de aportar en este tipo de proyectos, es por ello, que nunca hemos dudado en realizar el aporte econ\u00f3mico, para el desarrollo exitoso del primer festival de tr\u00edos \u00a0a nivel nacional\u201d, agreg\u00f3 finalmente el burgomaestre zamorano.<\/p>\n","protected":false},"excerpt":{"rendered":"<p>El reciente fin de semana, en la primera etapa del Malec\u00f3n de Zamora, se desarroll\u00f3 con gran \u00e9xito el Primer Festival Nacional de Tr\u00edos, por el D\u00eda del Pasillo Ecuatoriano, programaci\u00f3n que se realiz\u00f3 en el marco de los 473 a\u00f1os de Fundaci\u00f3n de Zamora. En el evento, el alcalde del cant\u00f3n, Manuel Gonz\u00e1lez y concejales, recibieron un reconocimiento, como muestra de gratitud, por formar parte en el impulso para hacer realidad el Primer Festival de Pasillos, modalidad tr\u00edos. El GAD Municipal de Zamora, para el festival, hizo el aporte econ\u00f3mico 10 mil d\u00f3lares americanos y la Casa de la cultura Benjam\u00edn Carri\u00f3n de Zamora Chinchipe, fue la ejecutora del evento cultural, mismo que cont\u00f3 con la participaci\u00f3n de 5 Tr\u00edos a nivel nacional. La lista de ganadores del Primer Festival, qued\u00f3 de la siguiente manera: primer lugar: Tr\u00edo Lo Nuestro de Zamora, Chinchipe, segundo lugar: Tr\u00edo San Blas de Loja, tercer lugar: Tr\u00edo Sandino de Riobamba y cuarto lugar: Los Ilustres del Ca\u00f1ar. Sandro I\u00f1iguez, concejal del cant\u00f3n Zamora, manifest\u00f3 que el evento ha sido dise\u00f1ado con el prop\u00f3sito de conmemorar el d\u00eda Nacional del Pasillo Ecuatoriano, adem\u00e1s, de ofrecer un programa diferente a la ciudadan\u00eda zamorana. Asimismo, el concejal, invit\u00f3 a los habitantes del cant\u00f3n y turistas a continuar disfrutando de las festividades que culminan el 6 de octubre de 2022. &nbsp;En este contexto, Manuel Gonz\u00e1lez, alcalde del cant\u00f3n Zamora, dijo que la realizaci\u00f3n de este evento, ha permitido promover el rescate y fortalecer las manifestaciones art\u00edsticas tradicionales y patrimoniales, con la finalidad de dinamizar la identidad musical ecuatoriana. \u201cEl GAD Municipal de Zamora, siempre tendr\u00e1 la predisposici\u00f3n de aportar en este tipo de proyectos, es por ello, que nunca hemos dudado en realizar el aporte econ\u00f3mico, para el desarrollo exitoso del primer festival de tr\u00edos \u00a0a nivel nacional\u201d, agreg\u00f3 finalmente el burgomaestre zamorano.<\/p>\n","protected":false},"author":1,"featured_media":6099,"comment_status":"open","ping_status":"open","sticky":false,"template":"","format":"standard","meta":{"footnotes":""},"categories":[243],"tags":[],"class_list":["post-6098","post","type-post","status-publish","format-standard","has-post-thumbnail","hentry","category-noticias-zamora"],"_links":{"self":[{"href":"https:\/\/www.elamazonico.com\/portal\/wp-json\/wp\/v2\/posts\/6098","targetHints":{"allow":["GET"]}}],"collection":[{"href":"https:\/\/www.elamazonico.com\/portal\/wp-json\/wp\/v2\/posts"}],"about":[{"href":"https:\/\/www.elamazonico.com\/portal\/wp-json\/wp\/v2\/types\/post"}],"author":[{"embeddable":true,"href":"https:\/\/www.elamazonico.com\/portal\/wp-json\/wp\/v2\/users\/1"}],"replies":[{"embeddable":true,"href":"https:\/\/www.elamazonico.com\/portal\/wp-json\/wp\/v2\/comments?post=6098"}],"version-history":[{"count":1,"href":"https:\/\/www.elamazonico.com\/portal\/wp-json\/wp\/v2\/posts\/6098\/revisions"}],"predecessor-version":[{"id":6100,"href":"https:\/\/www.elamazonico.com\/portal\/wp-json\/wp\/v2\/posts\/6098\/revisions\/6100"}],"wp:featuredmedia":[{"embeddable":true,"href":"https:\/\/www.elamazonico.com\/portal\/wp-json\/wp\/v2\/media\/6099"}],"wp:attachment":[{"href":"https:\/\/www.elamazonico.com\/portal\/wp-json\/wp\/v2\/media?parent=6098"}],"wp:term":[{"taxonomy":"category","embeddable":true,"href":"https:\/\/www.elamazonico.com\/portal\/wp-json\/wp\/v2\/categories?post=6098"},{"taxonomy":"post_tag","embeddable":true,"href":"https:\/\/www.elamazonico.com\/portal\/wp-json\/wp\/v2\/tags?post=6098"}],"curies":[{"name":"wp","href":"https:\/\/api.w.org\/{rel}","templated":true}]}}