{"id":6085,"date":"2022-10-04T06:06:35","date_gmt":"2022-10-04T11:06:35","guid":{"rendered":"https:\/\/www.elamazonico.com\/portal\/?p=6085"},"modified":"2022-10-04T06:06:53","modified_gmt":"2022-10-04T11:06:53","slug":"via-lateral-de-paso-una-de-las-prioridades-de-hector-apolo-para-zamora","status":"publish","type":"post","link":"https:\/\/www.elamazonico.com\/portal\/via-lateral-de-paso-una-de-las-prioridades-de-hector-apolo-para-zamora\/","title":{"rendered":"V\u00eda lateral de paso, una de las prioridades de H\u00e9ctor Apolo para Zamora"},"content":{"rendered":"\n<p>En el contexto de las elecciones seccionales 2023, los candidatos informan a la ciudadan\u00eda el trabajo que vienen realizando con la finalidad de que la ciudadan\u00eda conozca su perfil. En esta ocasi\u00f3n, H\u00e9ctor Apolo, candidato por la Alcald\u00eda de Zamora, convers\u00f3 para Diario El Amaz\u00f3nico y dio a conocer como candidato y movimiento los procesos que vienen desarrollando conforme lo establece la delegaci\u00f3n provincial del CNE.<\/p>\n\n\n\n<p>Se encuentran finalizando la etapa de calificaci\u00f3n y subsanaci\u00f3n de inconvenientes, en los pr\u00f3ximos d\u00edas ser\u00e1n oficiales las candidaturas y puedan ser difundidas en la provincia. Apolo terciar\u00e1 por conseguir su tercera administraci\u00f3n dentro de gobierno municipal; viene participando por la alianza Frente de Unidad por la Equidad y la Renovaci\u00f3n de Zamora Chinchipe, lista 18-2.<\/p>\n\n\n\n<p>El candidato no concuerda con la fecha de celebraci\u00f3n por la Fundaci\u00f3n de Zamora, en vista de que hay tres fechas, es por ello, que, si llega a ocupar la silla principal en la Alcald\u00eda, piensa derogar la Ordenanza que dictamina la celebraci\u00f3n en esta fecha, pese a que en los tres eventos que se celebr\u00f3 este evento hist\u00f3rico, reza el 06 de octubre.<\/p>\n\n\n\n<p><strong>\u00bfQu\u00e9 le hace falta a Zamora?<\/strong><\/p>\n\n\n\n<p>\u201cSi somos verdaderos zamoranos nos debe interesar el desarrollo en el cant\u00f3n y ciudad. Hemos visto durante el \u00faltimo tiempo que ha habido una paralizaci\u00f3n de obras, poniendo como excusa la pandemia\u201d. Cree que en menor dimensi\u00f3n pudo haber sido por ese motivo, pero no en su totalidad, en relaci\u00f3n a otros cantones que han tenido un mejoramiento en cuanto a la ejecuci\u00f3n de obras y proyectos, seg\u00fan su visi\u00f3n, en Zamora no se ha realizado obras.<\/p>\n\n\n\n<p>La visi\u00f3n a futuro que tiene el candidato es unificar las instalaciones del terminal terrestre y el mercado central con la intenci\u00f3n de crear un \u2018gran centro comercial\u2019 y el terminal terrestre debe trasladarse hasta el mirador. Dice siempre estar hablando acerca de este tema, pero no puede dedicarse directamente, solo ha comunicado a las autoridades de control.<\/p>\n\n\n\n<p>Anteriormente su trabajo estaba centrado en la construcci\u00f3n del terminal terrestre en la parte norte de Zamora. Actualmente existe un estudio y delimitaci\u00f3n realizada por una administraci\u00f3n. En el terminal terrestre del norte podr\u00edan tener unido con el paso lateral de Zamora para buscar el financiamiento que costee esta obra, que seg\u00fan Apolo es trascendental para el cant\u00f3n.<\/p>\n\n\n\n<p>Seg\u00fan Apolo, hay una aproximaci\u00f3n estimada de 1 mill\u00f3n de d\u00f3lares por concepto de cobros por el paso de transporte pesado en el sector El Lim\u00f3n. Las empresas mineras que operan dentro de la provincia de Zamora Chinchipe, aportan por el uso de las v\u00edas para transportar cargas en grandes dimensiones. La construcci\u00f3n del paso peatonal por lo cual est\u00e1 buscando formas de auspicio de parte de empresas aur\u00edferas e incluso de los gobiernos nacionales y provinciales.<\/p>\n\n\n\n<p>El planteamiento para resolver esta obra es concesionarla y la constructora pueda obtener retribuir ese dinero a trav\u00e9s del cobro del peaje, pues el proyecto estar\u00eda costando un valor aproximado de 30 millones de d\u00f3lares y cree que el proyecto debe estar bien estructurado, planificado para ser llevado a cabo.<\/p>\n\n\n\n<p><strong>El<\/strong> <strong>candidato da a conocer la lista de candidatos a concejal\u00edas y vocal\u00edas.<\/strong><\/p>\n\n\n\n<p>&nbsp;<strong>Concejales urbanos<\/strong><\/p>\n\n\n\n<ol class=\"wp-block-list\" type=\"1\"><li>Blanca Carri\u00f3n<\/li><li>Jasson Valencia<\/li><li>Jenny Maza<\/li><\/ol>\n\n\n\n<p><strong>Concejales rurales<\/strong><\/p>\n\n\n\n<ol class=\"wp-block-list\" type=\"1\"><li>Polibio Gonz\u00e1lez<\/li><li>G\u00e9nesis Chinchay<\/li><\/ol>\n\n\n\n<p><strong>Vocales de junta parroquial Imbana<\/strong><\/p>\n\n\n\n<ol class=\"wp-block-list\" type=\"1\"><li>Fabi\u00e1n Lozano<\/li><li>Elsa Chal\u00e1n<\/li><li>Abel Morocho<\/li><li>Mar\u00eda Chimbo<\/li><li>Jorge Quizhpe<\/li><\/ol>\n\n\n\n<p><strong>Vocales de junta parroquial Timbara<\/strong><\/p>\n\n\n\n<ol class=\"wp-block-list\" type=\"1\"><li>Vicente S\u00e1nchez<\/li><li>Melva Macas<\/li><li>Segundo Andrango<\/li><li>Erika Jima<\/li><li>H\u00e9ctor Ord\u00f3\u00f1ez<\/li><\/ol>\n\n\n\n<p><strong>Vocales de junta parroquial San Carlos<\/strong><\/p>\n\n\n\n<ol class=\"wp-block-list\" type=\"1\"><li>Luis Chal\u00e1n<\/li><li>Blanca Naula<\/li><li>Estalin Ar\u00e9valo<\/li><li>Rosarito Calva<\/li><li>Fabricio Salinas<\/li><\/ol>\n\n\n\n<p><strong>Vocales de junta parroquial Guadalupe<\/strong><\/p>\n\n\n\n<ol class=\"wp-block-list\" type=\"1\"><li>Rita Jap\u00f3n<\/li><li>Flavio Suquisupa<\/li><li>M\u00f3nica Herrera<\/li><li>Julio Rivera<\/li><li>Erika Herrera<\/li><\/ol>\n\n\n\n<p><strong>Vocales de junta parroquial Sabanilla<\/strong><\/p>\n\n\n\n<ol class=\"wp-block-list\" type=\"1\"><li>Ximena Jap\u00f3n<\/li><li>Diego Godoy<\/li><li>Sandra Abrigo<\/li><li>Marco Morocho<\/li><li>Ruth Guayllas<\/li><\/ol>\n\n\n\n<p><strong>Vocales de junta parroquial Cumbaratza<\/strong><\/p>\n\n\n\n<ol class=\"wp-block-list\" type=\"1\"><li>Hern\u00e1n Reyes<\/li><li>Aleja Palacios<\/li><li>Edwin Pullaguari<\/li><li>Keabet Maza<\/li><li>Nixon Castillo<\/li><\/ol>\n","protected":false},"excerpt":{"rendered":"<p>En el contexto de las elecciones seccionales 2023, los candidatos informan a la ciudadan\u00eda el trabajo que vienen realizando con la finalidad de que la ciudadan\u00eda conozca su perfil. En esta ocasi\u00f3n, H\u00e9ctor Apolo, candidato por la Alcald\u00eda de Zamora, convers\u00f3 para Diario El Amaz\u00f3nico y dio a conocer como candidato y movimiento los procesos que vienen desarrollando conforme lo establece la delegaci\u00f3n provincial del CNE. Se encuentran finalizando la etapa de calificaci\u00f3n y subsanaci\u00f3n de inconvenientes, en los pr\u00f3ximos d\u00edas ser\u00e1n oficiales las candidaturas y puedan ser difundidas en la provincia. Apolo terciar\u00e1 por conseguir su tercera administraci\u00f3n dentro de gobierno municipal; viene participando por la alianza Frente de Unidad por la Equidad y la Renovaci\u00f3n de Zamora Chinchipe, lista 18-2. El candidato no concuerda con la fecha de celebraci\u00f3n por la Fundaci\u00f3n de Zamora, en vista de que hay tres fechas, es por ello, que, si llega a ocupar la silla principal en la Alcald\u00eda, piensa derogar la Ordenanza que dictamina la celebraci\u00f3n en esta fecha, pese a que en los tres eventos que se celebr\u00f3 este evento hist\u00f3rico, reza el 06 de octubre. \u00bfQu\u00e9 le hace falta a Zamora? \u201cSi somos verdaderos zamoranos nos debe interesar el desarrollo en el cant\u00f3n y ciudad. Hemos visto durante el \u00faltimo tiempo que ha habido una paralizaci\u00f3n de obras, poniendo como excusa la pandemia\u201d. Cree que en menor dimensi\u00f3n pudo haber sido por ese motivo, pero no en su totalidad, en relaci\u00f3n a otros cantones que han tenido un mejoramiento en cuanto a la ejecuci\u00f3n de obras y proyectos, seg\u00fan su visi\u00f3n, en Zamora no se ha realizado obras. La visi\u00f3n a futuro que tiene el candidato es unificar las instalaciones del terminal terrestre y el mercado central con la intenci\u00f3n de crear un \u2018gran centro comercial\u2019 y el terminal terrestre debe trasladarse hasta el mirador. Dice siempre estar hablando acerca de este tema, pero no puede dedicarse directamente, solo ha comunicado a las autoridades de control. Anteriormente su trabajo estaba centrado en la construcci\u00f3n del terminal terrestre en la parte norte de Zamora. Actualmente existe un estudio y delimitaci\u00f3n realizada por una administraci\u00f3n. En el terminal terrestre del norte podr\u00edan tener unido con el paso lateral de Zamora para buscar el financiamiento que costee esta obra, que seg\u00fan Apolo es trascendental para el cant\u00f3n. Seg\u00fan Apolo, hay una aproximaci\u00f3n estimada de 1 mill\u00f3n de d\u00f3lares por concepto de cobros por el paso de transporte pesado en el sector El Lim\u00f3n. Las empresas mineras que operan dentro de la provincia de Zamora Chinchipe, aportan por el uso de las v\u00edas para transportar cargas en grandes dimensiones. La construcci\u00f3n del paso peatonal por lo cual est\u00e1 buscando formas de auspicio de parte de empresas aur\u00edferas e incluso de los gobiernos nacionales y provinciales. El planteamiento para resolver esta obra es concesionarla y la constructora pueda obtener retribuir ese dinero a trav\u00e9s del cobro del peaje, pues el proyecto estar\u00eda costando un valor aproximado de 30 millones de d\u00f3lares y cree que el proyecto debe estar bien estructurado, planificado para ser llevado a cabo. El candidato da a conocer la lista de candidatos a concejal\u00edas y vocal\u00edas. &nbsp;Concejales urbanos Blanca Carri\u00f3n Jasson Valencia Jenny Maza Concejales rurales Polibio Gonz\u00e1lez G\u00e9nesis Chinchay Vocales de junta parroquial Imbana Fabi\u00e1n Lozano Elsa Chal\u00e1n Abel Morocho Mar\u00eda Chimbo Jorge Quizhpe Vocales de junta parroquial Timbara Vicente S\u00e1nchez Melva Macas Segundo Andrango Erika Jima H\u00e9ctor Ord\u00f3\u00f1ez Vocales de junta parroquial San Carlos Luis Chal\u00e1n Blanca Naula Estalin Ar\u00e9valo Rosarito Calva Fabricio Salinas Vocales de junta parroquial Guadalupe Rita Jap\u00f3n Flavio Suquisupa M\u00f3nica Herrera Julio Rivera Erika Herrera Vocales de junta parroquial Sabanilla Ximena Jap\u00f3n Diego Godoy Sandra Abrigo Marco Morocho Ruth Guayllas Vocales de junta parroquial Cumbaratza Hern\u00e1n Reyes Aleja Palacios Edwin Pullaguari Keabet Maza Nixon Castillo<\/p>\n","protected":false},"author":1,"featured_media":6086,"comment_status":"open","ping_status":"open","sticky":false,"template":"","format":"standard","meta":{"footnotes":""},"categories":[243],"tags":[],"class_list":["post-6085","post","type-post","status-publish","format-standard","has-post-thumbnail","hentry","category-noticias-zamora"],"_links":{"self":[{"href":"https:\/\/www.elamazonico.com\/portal\/wp-json\/wp\/v2\/posts\/6085","targetHints":{"allow":["GET"]}}],"collection":[{"href":"https:\/\/www.elamazonico.com\/portal\/wp-json\/wp\/v2\/posts"}],"about":[{"href":"https:\/\/www.elamazonico.com\/portal\/wp-json\/wp\/v2\/types\/post"}],"author":[{"embeddable":true,"href":"https:\/\/www.elamazonico.com\/portal\/wp-json\/wp\/v2\/users\/1"}],"replies":[{"embeddable":true,"href":"https:\/\/www.elamazonico.com\/portal\/wp-json\/wp\/v2\/comments?post=6085"}],"version-history":[{"count":1,"href":"https:\/\/www.elamazonico.com\/portal\/wp-json\/wp\/v2\/posts\/6085\/revisions"}],"predecessor-version":[{"id":6088,"href":"https:\/\/www.elamazonico.com\/portal\/wp-json\/wp\/v2\/posts\/6085\/revisions\/6088"}],"wp:featuredmedia":[{"embeddable":true,"href":"https:\/\/www.elamazonico.com\/portal\/wp-json\/wp\/v2\/media\/6086"}],"wp:attachment":[{"href":"https:\/\/www.elamazonico.com\/portal\/wp-json\/wp\/v2\/media?parent=6085"}],"wp:term":[{"taxonomy":"category","embeddable":true,"href":"https:\/\/www.elamazonico.com\/portal\/wp-json\/wp\/v2\/categories?post=6085"},{"taxonomy":"post_tag","embeddable":true,"href":"https:\/\/www.elamazonico.com\/portal\/wp-json\/wp\/v2\/tags?post=6085"}],"curies":[{"name":"wp","href":"https:\/\/api.w.org\/{rel}","templated":true}]}}