{"id":6081,"date":"2022-10-04T06:03:08","date_gmt":"2022-10-04T11:03:08","guid":{"rendered":"https:\/\/www.elamazonico.com\/portal\/?p=6081"},"modified":"2022-10-04T06:03:16","modified_gmt":"2022-10-04T11:03:16","slug":"yantzaza-abre-sus-puertas-a-la-expoferia-de-encadenamiento-productivo-y-mineria","status":"publish","type":"post","link":"https:\/\/www.elamazonico.com\/portal\/yantzaza-abre-sus-puertas-a-la-expoferia-de-encadenamiento-productivo-y-mineria\/","title":{"rendered":"Yantzaza abre sus puertas a la EXPOFERIA de encadenamiento productivo y miner\u00eda"},"content":{"rendered":"\n<p>Con el patrocinio del GAD Municipal de Yantzaza, se desarrollar\u00e1 la primera \u201cExpoferia de Encadenamiento Productivo y Miner\u00eda \u2013 Yantzaza 2022\u201d, evento que tiene como objetivo visibilizar la importancia de la actividad minera y la vinculaci\u00f3n con el desarrollo de las poblaciones cercanas a las zonas de influencia de cada proyecto en esta provincia.<\/p>\n\n\n\n<p>El evento, organizado por la empresa SERIA (Software \u2013 Engagement \u2013 Results \u2013 Intelligence &#8211; Apps), se desarrollar\u00e1 el 14 y 15 de octubre del presente a\u00f1o, en el Colegio de Bachillerato Primero de Mayo y contar\u00e1 con el auspicio de: Lundin Gold, Ecuacorriente S.A., Importadora Minasur, IASA, UTPL y NETTPLUS; entre otras grandes empresas que operan en la regi\u00f3n sur y que a trav\u00e9s de stands empresariales ofertar\u00e1n sus productos y servicios, exhibir\u00e1n maquinaria para toda la cadena de valor de la miner\u00eda, as\u00ed como equipo para v\u00edas, estructuras y todo lo concerniente a construcci\u00f3n.<\/p>\n\n\n\n<p>El alcalde Mart\u00edn Jim\u00e9nez, a trav\u00e9s de rueda de prensa, realiz\u00f3 la invitaci\u00f3n a toda la ciudadan\u00eda, \u201ccreemos que es necesario generar una conexi\u00f3n entre la sociedad y las empresas mineras, y a su vez, informar sobre el aporte que constituye la operaci\u00f3n de \u00e9stas en cada jurisdicci\u00f3n\u201d. Anunci\u00f3 que el evento contar\u00e1 con la presencia de autoridades ministeriales, quienes mantendr\u00e1n reuniones con representantes de empresas, para coordinar acciones que impulsen esta actividad productiva en beneficio de la poblaci\u00f3n.<\/p>\n\n\n\n<p>Por su parte, Pablo Espinosa Loaiza, director general de la empresa organizadora, manifest\u00f3 que es necesario informarse, capacitarse y mejorar las t\u00e9cnicas, \u201c<em>la miner\u00eda encadena muchos comercios y dinamiza la econom\u00eda de los sectores, en este espacio se facilitar\u00e1 la presentaci\u00f3n y demostraci\u00f3n de insumos, suministros, equipos y nuevas tecnolog\u00edas, permitiendo un intercambio de informaci\u00f3n y conocimiento de las tendencias<\/em>\u201d resalt\u00f3.<\/p>\n\n\n\n<p>Durante la jornada, se tiene previsto el desarrollo de mesas de di\u00e1logo, mesas redondas y conferencias magistrales relacionados con los procesos de explotaci\u00f3n, certificaci\u00f3n del oro y otras exposiciones a cargo de la Academia, que tambi\u00e9n cumple un importante rol durante esta jornada, con la difusi\u00f3n y promoci\u00f3n de carreras de tercer y cuarto nivel.<\/p>\n","protected":false},"excerpt":{"rendered":"<p>Con el patrocinio del GAD Municipal de Yantzaza, se desarrollar\u00e1 la primera \u201cExpoferia de Encadenamiento Productivo y Miner\u00eda \u2013 Yantzaza 2022\u201d, evento que tiene como objetivo visibilizar la importancia de la actividad minera y la vinculaci\u00f3n con el desarrollo de las poblaciones cercanas a las zonas de influencia de cada proyecto en esta provincia. El evento, organizado por la empresa SERIA (Software \u2013 Engagement \u2013 Results \u2013 Intelligence &#8211; Apps), se desarrollar\u00e1 el 14 y 15 de octubre del presente a\u00f1o, en el Colegio de Bachillerato Primero de Mayo y contar\u00e1 con el auspicio de: Lundin Gold, Ecuacorriente S.A., Importadora Minasur, IASA, UTPL y NETTPLUS; entre otras grandes empresas que operan en la regi\u00f3n sur y que a trav\u00e9s de stands empresariales ofertar\u00e1n sus productos y servicios, exhibir\u00e1n maquinaria para toda la cadena de valor de la miner\u00eda, as\u00ed como equipo para v\u00edas, estructuras y todo lo concerniente a construcci\u00f3n. El alcalde Mart\u00edn Jim\u00e9nez, a trav\u00e9s de rueda de prensa, realiz\u00f3 la invitaci\u00f3n a toda la ciudadan\u00eda, \u201ccreemos que es necesario generar una conexi\u00f3n entre la sociedad y las empresas mineras, y a su vez, informar sobre el aporte que constituye la operaci\u00f3n de \u00e9stas en cada jurisdicci\u00f3n\u201d. Anunci\u00f3 que el evento contar\u00e1 con la presencia de autoridades ministeriales, quienes mantendr\u00e1n reuniones con representantes de empresas, para coordinar acciones que impulsen esta actividad productiva en beneficio de la poblaci\u00f3n. Por su parte, Pablo Espinosa Loaiza, director general de la empresa organizadora, manifest\u00f3 que es necesario informarse, capacitarse y mejorar las t\u00e9cnicas, \u201cla miner\u00eda encadena muchos comercios y dinamiza la econom\u00eda de los sectores, en este espacio se facilitar\u00e1 la presentaci\u00f3n y demostraci\u00f3n de insumos, suministros, equipos y nuevas tecnolog\u00edas, permitiendo un intercambio de informaci\u00f3n y conocimiento de las tendencias\u201d resalt\u00f3. Durante la jornada, se tiene previsto el desarrollo de mesas de di\u00e1logo, mesas redondas y conferencias magistrales relacionados con los procesos de explotaci\u00f3n, certificaci\u00f3n del oro y otras exposiciones a cargo de la Academia, que tambi\u00e9n cumple un importante rol durante esta jornada, con la difusi\u00f3n y promoci\u00f3n de carreras de tercer y cuarto nivel.<\/p>\n","protected":false},"author":1,"featured_media":6082,"comment_status":"open","ping_status":"open","sticky":false,"template":"","format":"standard","meta":{"footnotes":""},"categories":[243],"tags":[],"class_list":["post-6081","post","type-post","status-publish","format-standard","has-post-thumbnail","hentry","category-noticias-zamora"],"_links":{"self":[{"href":"https:\/\/www.elamazonico.com\/portal\/wp-json\/wp\/v2\/posts\/6081","targetHints":{"allow":["GET"]}}],"collection":[{"href":"https:\/\/www.elamazonico.com\/portal\/wp-json\/wp\/v2\/posts"}],"about":[{"href":"https:\/\/www.elamazonico.com\/portal\/wp-json\/wp\/v2\/types\/post"}],"author":[{"embeddable":true,"href":"https:\/\/www.elamazonico.com\/portal\/wp-json\/wp\/v2\/users\/1"}],"replies":[{"embeddable":true,"href":"https:\/\/www.elamazonico.com\/portal\/wp-json\/wp\/v2\/comments?post=6081"}],"version-history":[{"count":1,"href":"https:\/\/www.elamazonico.com\/portal\/wp-json\/wp\/v2\/posts\/6081\/revisions"}],"predecessor-version":[{"id":6083,"href":"https:\/\/www.elamazonico.com\/portal\/wp-json\/wp\/v2\/posts\/6081\/revisions\/6083"}],"wp:featuredmedia":[{"embeddable":true,"href":"https:\/\/www.elamazonico.com\/portal\/wp-json\/wp\/v2\/media\/6082"}],"wp:attachment":[{"href":"https:\/\/www.elamazonico.com\/portal\/wp-json\/wp\/v2\/media?parent=6081"}],"wp:term":[{"taxonomy":"category","embeddable":true,"href":"https:\/\/www.elamazonico.com\/portal\/wp-json\/wp\/v2\/categories?post=6081"},{"taxonomy":"post_tag","embeddable":true,"href":"https:\/\/www.elamazonico.com\/portal\/wp-json\/wp\/v2\/tags?post=6081"}],"curies":[{"name":"wp","href":"https:\/\/api.w.org\/{rel}","templated":true}]}}