{"id":607,"date":"2021-08-11T12:56:15","date_gmt":"2021-08-11T17:56:15","guid":{"rendered":"https:\/\/elamazonico.com\/portal\/?p=607"},"modified":"2021-08-11T12:56:22","modified_gmt":"2021-08-11T17:56:22","slug":"gobierno-de-guillermo-lasso-enfrentara-una-primera-movilizacion-convocada-por-los-sindicalistas","status":"publish","type":"post","link":"https:\/\/www.elamazonico.com\/portal\/gobierno-de-guillermo-lasso-enfrentara-una-primera-movilizacion-convocada-por-los-sindicalistas\/","title":{"rendered":"Gobierno de Guillermo Lasso enfrentar\u00e1 una primera movilizaci\u00f3n convocada por los sindicalistas"},"content":{"rendered":"\n<p>En sus casi 80 d\u00edas de gesti\u00f3n, sectores sociales realizar\u00e1n una protesta en contra del incremento gradual de los precios de los combustibles.<\/p>\n\n\n\n<p>Hoy, el gobierno de<strong> Guillermo Lasso<\/strong> enfrentar\u00e1 una primera protesta organizada por el gremio sindical, agrupado en el <strong>Frente Unitario de Trabajadores (FUT)<\/strong> y que aglutinar\u00e1 a sectores de estudiantes, maestros y del transporte pesado.<\/p>\n\n\n\n<p>La movilizaci\u00f3n est\u00e1 convocada a las 16:00 a nivel nacional y tendr\u00e1 como sede Quito. La consigna <strong>es exigir al presidente Lasso que derogue los decretos ejecutivos que disponen la liberaci\u00f3n de los precios de los combustibles que est\u00e1n experimentando incrementos de forma gradual.<\/strong><\/p>\n\n\n\n<p><a href=\"https:\/\/www.eluniverso.com\/noticias\/politica\/presidente-guillermo-lasso-protestas-nunca-cederemos-amenazas-nota\/\">Presidente Guillermo Lasso: Nunca cederemos a amenazas porque eso echar\u00eda abajo el buen trabajo que estamos haciendo<\/a><\/p>\n\n\n\n<p>Desde el Gobierno ayer hubo una respuesta a este llamado.<\/p>\n\n\n\n<p>Durante una ceremonia castrense a prop\u00f3sito de los 212 a\u00f1os de la conmemoraci\u00f3n del Primer Grito de Independencia, Lasso se\u00f1al\u00f3: <strong>\u201cSurgen voces que pretenden sumergirnos en el despotismo, el autoritarismo y la amenaza\u201d<\/strong> pese a que el pa\u00eds est\u00e1 reactiv\u00e1ndose econ\u00f3micamente<strong>.<\/strong><\/p>\n\n\n\n<p>\u201cSon voces que no ofrecen di\u00e1logo, sino ultim\u00e1tum. Esos ultim\u00e1tums solo los dan aquellos que no se sienten capaces de mover a sus semejantes con la fuerza de sus ideas, sino con la fuerza de la violencia\u201d, manifest\u00f3<\/p>\n\n\n\n<p>Previamente, y en el mismo acto, el <strong>comandante general del Ej\u00e9rcito, Fabi\u00e1n Fuel,<\/strong> apunt\u00f3 que los pa\u00edses est\u00e1n enfrentando nuevos desaf\u00edos como el crimen organizado y la \u201cgrave alteraci\u00f3n interna, como se evidenci\u00f3 en octubre del 2019\u201d.<\/p>\n\n\n\n<p>\u201cEstos deben ser enfrentados con absoluta decisi\u00f3n y firmeza, pues afectan no solo contra la soberan\u00eda nacional, sino contra la existencia misma de los Estados\u201d, a\u00f1adi\u00f3 Fuel.<\/p>\n\n\n\n<p>A las protestas convocadas por el FUT han anunciado su apoyo el sector del transporte pesado, la Federaci\u00f3n de Estudiantes Universitarios (FEUE), la Uni\u00f3n Nacional de Educadores (UNE), quienes adem\u00e1s de rechazar la subida de los precios de los derivados del petr\u00f3leo piden soluciones a sus reclamos respecto de las reformas a la <strong>Ley Org\u00e1nica de Educaci\u00f3n Intercultural (LOEI).<\/strong><\/p>\n\n\n\n<p>Aunque no hay una decisi\u00f3n unificada para convocar a una futura movilizaci\u00f3n nacional, los dirigentes de la <strong>Confederaci\u00f3n de Nacionalidades Ind\u00edgenas del Ecuador (Conaie) y su brazo pol\u00edtico Pachakutik (PK)<\/strong> se har\u00e1n presentes para respaldar esta acci\u00f3n.<\/p>\n\n\n\n<p>Ayer en la ma\u00f1ana, durante una rueda de prensa<strong>, Marlon Santi, coordinador de PK,<\/strong> dijo que no ser\u00e1n \u201cindolentes frente a los pronunciamientos de las organizaciones sociales\u201d, por lo que har\u00e1n \u201cun acompa\u00f1amiento a esta y a todas las convocatorias\u201d a manifestarse.<\/p>\n\n\n\n<p><a href=\"https:\/\/www.eluniverso.com\/noticias\/politica\/protestas-sindicales-contra-precios-de-los-combustibles-suman-apoyo-del-movimiento-indigena-y-transportistas-pesados-nota\/\">Protestas sindicales contra precios de los combustibles suman apoyo del movimiento ind\u00edgena y transportistas pesados<\/a><\/p>\n\n\n\n<p><strong>Leonidas Iza, presidente de la Conaie,<\/strong> cuestion\u00f3 al primer mandatario por continuar y sostener la misma pol\u00edtica del expresidente Len\u00edn Moreno, y reconoci\u00f3 que el \u201cpueblo ecuatoriano no soportar\u00eda un levantamiento ind\u00edgena, pero tampoco soporta una econom\u00eda devastada como lo que tenemos hoy\u201d.<\/p>\n\n\n\n<p>Record\u00f3 que los actos violentos que se registraron en las protestas de octubre del 2019 se debieron a que Moreno, en ese entonces, se hizo de \u201co\u00eddos sordos\u201d a las demandas del colectivo al no eliminar los subsidios a los combustibles.<\/p>\n\n\n\n<p>\u201cTodos los temas anunciados lo hacemos a partir de la cruda realidad. \u00bfLasso decidir\u00e1 transitar por el camino de Moreno o realmente escuchar al pueblo?\u201d, desafi\u00f3 Iza.<\/p>\n\n\n\n<p>Por su parte, el presidente de la<strong> Ecuarunari, Carlos Sucuzha\u00f1ay, <\/strong>fue m\u00e1s prudente, y si bien record\u00f3 que el derecho a la resistencia est\u00e1 contemplado en la Constituci\u00f3n, dijo que ser\u00e1n las bases del movimiento las que decidan las acciones que se emprender\u00e1n.<\/p>\n\n\n\n<p>\u201cSer\u00e1n las estructuras del movimiento las que tomen la decisi\u00f3n. Pero somos claros, en el momento en que se comiencen a vulnerar derechos, que se quiera atentar, ah\u00ed estar\u00e1n presentes. Nuestra reacci\u00f3n no es para buscar intereses individuales. Somos la organizaci\u00f3n regional y tomaremos las decisiones\u201d, afirm\u00f3.<\/p>\n\n\n\n<p>Justamente ayer, Iza convoc\u00f3 a las regionales de la Conaie, como son la<strong> Ecuarunari (Sierra), la Conaice (Costa) y Confeniae (Amazon\u00eda), <\/strong>a un consejo ampliado para discutir su postura frente a la crisis econ\u00f3mica.<\/p>\n\n\n\n<figure class=\"wp-block-image size-full is-resized\"><img fetchpriority=\"high\" decoding=\"async\" src=\"https:\/\/elamazonico.com\/portal\/wp-content\/uploads\/2021\/08\/reunion.jpg\" alt=\"\" class=\"wp-image-608\" width=\"739\" height=\"493\" srcset=\"https:\/\/www.elamazonico.com\/portal\/wp-content\/uploads\/2021\/08\/reunion.jpg 360w, https:\/\/www.elamazonico.com\/portal\/wp-content\/uploads\/2021\/08\/reunion-300x200.jpg 300w\" sizes=\"(max-width: 739px) 100vw, 739px\" \/><\/figure>\n\n\n\n<p>La Conaice no hab\u00eda asistido, pero en una reuni\u00f3n mantenida el pasado lunes, esta regional resolvi\u00f3 conformar una comisi\u00f3n t\u00e9cnica para actualizar su propuesta de Minka por la Vida, que se present\u00f3 en octubre del 2019.<\/p>\n\n\n\n<p>Por su parte, el gremio de los <strong>transportes pesados del Ecuador, representado por \u00c1lex Bustillos, <\/strong>anunci\u00f3 que se acoger\u00e1n al derecho a la resistencia porque no cuentan con los recursos para \u201chacer operar\u201d sus unidades, debido al incremento del precio del di\u00e9sel.<\/p>\n\n\n\n<p>Por ello, este mi\u00e9rcoles desde las 07:00 y de forma progresiva las unidades no trabajar\u00e1n por falta de recursos, y se concentrar\u00e1n en puntos estrat\u00e9gicos en las v\u00edas del pa\u00eds de manera pac\u00edfica para hacer escuchar sus pedidos, se anunci\u00f3 en un comunicado.<\/p>\n\n\n\n<p>Por su parte, Abel G\u00f3mez, presidente de la<strong> Federaci\u00f3n Nacional de Cooperativas de Transporte P\u00fablico de Pasajeros del Ecuador (Fenacotip)<\/strong>, dijo que rechazan \u201ccualquier actitud de paro, porque eso es un problema pol\u00edtico\u201d, y que est\u00e1n esperando la respuesta, como parte de los an\u00e1lisis que realiza una comisi\u00f3n t\u00e9cnica, integrada por representantes del r\u00e9gimen y de los transportistas, respecto de una posible focalizaci\u00f3n de los subsidios a los combustibles.<\/p>\n\n\n\n<p>\u201cLa transportaci\u00f3n ha venido aceptando la invitaci\u00f3n del Gobierno para conversar. Estamos esperando la decisi\u00f3n que tome el presidente frente a las conclusiones que tome esa comisi\u00f3n\u201d, se\u00f1al\u00f3 ayer G\u00f3mez, en una entrevista con radio <em>Centro <\/em>de Quito. (I)<\/p>\n","protected":false},"excerpt":{"rendered":"<p>En sus casi 80 d\u00edas de gesti\u00f3n, sectores sociales realizar\u00e1n una protesta en contra del incremento gradual de los precios de los combustibles. Hoy, el gobierno de Guillermo Lasso enfrentar\u00e1 una primera protesta organizada por el gremio sindical, agrupado en el Frente Unitario de Trabajadores (FUT) y que aglutinar\u00e1 a sectores de estudiantes, maestros y del transporte pesado. La movilizaci\u00f3n est\u00e1 convocada a las 16:00 a nivel nacional y tendr\u00e1 como sede Quito. La consigna es exigir al presidente Lasso que derogue los decretos ejecutivos que disponen la liberaci\u00f3n de los precios de los combustibles que est\u00e1n experimentando incrementos de forma gradual. Presidente Guillermo Lasso: Nunca cederemos a amenazas porque eso echar\u00eda abajo el buen trabajo que estamos haciendo Desde el Gobierno ayer hubo una respuesta a este llamado. Durante una ceremonia castrense a prop\u00f3sito de los 212 a\u00f1os de la conmemoraci\u00f3n del Primer Grito de Independencia, Lasso se\u00f1al\u00f3: \u201cSurgen voces que pretenden sumergirnos en el despotismo, el autoritarismo y la amenaza\u201d pese a que el pa\u00eds est\u00e1 reactiv\u00e1ndose econ\u00f3micamente. \u201cSon voces que no ofrecen di\u00e1logo, sino ultim\u00e1tum. Esos ultim\u00e1tums solo los dan aquellos que no se sienten capaces de mover a sus semejantes con la fuerza de sus ideas, sino con la fuerza de la violencia\u201d, manifest\u00f3 Previamente, y en el mismo acto, el comandante general del Ej\u00e9rcito, Fabi\u00e1n Fuel, apunt\u00f3 que los pa\u00edses est\u00e1n enfrentando nuevos desaf\u00edos como el crimen organizado y la \u201cgrave alteraci\u00f3n interna, como se evidenci\u00f3 en octubre del 2019\u201d. \u201cEstos deben ser enfrentados con absoluta decisi\u00f3n y firmeza, pues afectan no solo contra la soberan\u00eda nacional, sino contra la existencia misma de los Estados\u201d, a\u00f1adi\u00f3 Fuel. A las protestas convocadas por el FUT han anunciado su apoyo el sector del transporte pesado, la Federaci\u00f3n de Estudiantes Universitarios (FEUE), la Uni\u00f3n Nacional de Educadores (UNE), quienes adem\u00e1s de rechazar la subida de los precios de los derivados del petr\u00f3leo piden soluciones a sus reclamos respecto de las reformas a la Ley Org\u00e1nica de Educaci\u00f3n Intercultural (LOEI). Aunque no hay una decisi\u00f3n unificada para convocar a una futura movilizaci\u00f3n nacional, los dirigentes de la Confederaci\u00f3n de Nacionalidades Ind\u00edgenas del Ecuador (Conaie) y su brazo pol\u00edtico Pachakutik (PK) se har\u00e1n presentes para respaldar esta acci\u00f3n. Ayer en la ma\u00f1ana, durante una rueda de prensa, Marlon Santi, coordinador de PK, dijo que no ser\u00e1n \u201cindolentes frente a los pronunciamientos de las organizaciones sociales\u201d, por lo que har\u00e1n \u201cun acompa\u00f1amiento a esta y a todas las convocatorias\u201d a manifestarse. Protestas sindicales contra precios de los combustibles suman apoyo del movimiento ind\u00edgena y transportistas pesados Leonidas Iza, presidente de la Conaie, cuestion\u00f3 al primer mandatario por continuar y sostener la misma pol\u00edtica del expresidente Len\u00edn Moreno, y reconoci\u00f3 que el \u201cpueblo ecuatoriano no soportar\u00eda un levantamiento ind\u00edgena, pero tampoco soporta una econom\u00eda devastada como lo que tenemos hoy\u201d. Record\u00f3 que los actos violentos que se registraron en las protestas de octubre del 2019 se debieron a que Moreno, en ese entonces, se hizo de \u201co\u00eddos sordos\u201d a las demandas del colectivo al no eliminar los subsidios a los combustibles. \u201cTodos los temas anunciados lo hacemos a partir de la cruda realidad. \u00bfLasso decidir\u00e1 transitar por el camino de Moreno o realmente escuchar al pueblo?\u201d, desafi\u00f3 Iza. Por su parte, el presidente de la Ecuarunari, Carlos Sucuzha\u00f1ay, fue m\u00e1s prudente, y si bien record\u00f3 que el derecho a la resistencia est\u00e1 contemplado en la Constituci\u00f3n, dijo que ser\u00e1n las bases del movimiento las que decidan las acciones que se emprender\u00e1n. \u201cSer\u00e1n las estructuras del movimiento las que tomen la decisi\u00f3n. Pero somos claros, en el momento en que se comiencen a vulnerar derechos, que se quiera atentar, ah\u00ed estar\u00e1n presentes. Nuestra reacci\u00f3n no es para buscar intereses individuales. Somos la organizaci\u00f3n regional y tomaremos las decisiones\u201d, afirm\u00f3. Justamente ayer, Iza convoc\u00f3 a las regionales de la Conaie, como son la Ecuarunari (Sierra), la Conaice (Costa) y Confeniae (Amazon\u00eda), a un consejo ampliado para discutir su postura frente a la crisis econ\u00f3mica. La Conaice no hab\u00eda asistido, pero en una reuni\u00f3n mantenida el pasado lunes, esta regional resolvi\u00f3 conformar una comisi\u00f3n t\u00e9cnica para actualizar su propuesta de Minka por la Vida, que se present\u00f3 en octubre del 2019. Por su parte, el gremio de los transportes pesados del Ecuador, representado por \u00c1lex Bustillos, anunci\u00f3 que se acoger\u00e1n al derecho a la resistencia porque no cuentan con los recursos para \u201chacer operar\u201d sus unidades, debido al incremento del precio del di\u00e9sel. Por ello, este mi\u00e9rcoles desde las 07:00 y de forma progresiva las unidades no trabajar\u00e1n por falta de recursos, y se concentrar\u00e1n en puntos estrat\u00e9gicos en las v\u00edas del pa\u00eds de manera pac\u00edfica para hacer escuchar sus pedidos, se anunci\u00f3 en un comunicado. Por su parte, Abel G\u00f3mez, presidente de la Federaci\u00f3n Nacional de Cooperativas de Transporte P\u00fablico de Pasajeros del Ecuador (Fenacotip), dijo que rechazan \u201ccualquier actitud de paro, porque eso es un problema pol\u00edtico\u201d, y que est\u00e1n esperando la respuesta, como parte de los an\u00e1lisis que realiza una comisi\u00f3n t\u00e9cnica, integrada por representantes del r\u00e9gimen y de los transportistas, respecto de una posible focalizaci\u00f3n de los subsidios a los combustibles. \u201cLa transportaci\u00f3n ha venido aceptando la invitaci\u00f3n del Gobierno para conversar. Estamos esperando la decisi\u00f3n que tome el presidente frente a las conclusiones que tome esa comisi\u00f3n\u201d, se\u00f1al\u00f3 ayer G\u00f3mez, en una entrevista con radio Centro de Quito. (I)<\/p>\n","protected":false},"author":1,"featured_media":610,"comment_status":"open","ping_status":"open","sticky":false,"template":"","format":"standard","meta":{"footnotes":""},"categories":[263],"tags":[],"class_list":["post-607","post","type-post","status-publish","format-standard","has-post-thumbnail","hentry","category-politica"],"_links":{"self":[{"href":"https:\/\/www.elamazonico.com\/portal\/wp-json\/wp\/v2\/posts\/607","targetHints":{"allow":["GET"]}}],"collection":[{"href":"https:\/\/www.elamazonico.com\/portal\/wp-json\/wp\/v2\/posts"}],"about":[{"href":"https:\/\/www.elamazonico.com\/portal\/wp-json\/wp\/v2\/types\/post"}],"author":[{"embeddable":true,"href":"https:\/\/www.elamazonico.com\/portal\/wp-json\/wp\/v2\/users\/1"}],"replies":[{"embeddable":true,"href":"https:\/\/www.elamazonico.com\/portal\/wp-json\/wp\/v2\/comments?post=607"}],"version-history":[{"count":1,"href":"https:\/\/www.elamazonico.com\/portal\/wp-json\/wp\/v2\/posts\/607\/revisions"}],"predecessor-version":[{"id":611,"href":"https:\/\/www.elamazonico.com\/portal\/wp-json\/wp\/v2\/posts\/607\/revisions\/611"}],"wp:featuredmedia":[{"embeddable":true,"href":"https:\/\/www.elamazonico.com\/portal\/wp-json\/wp\/v2\/media\/610"}],"wp:attachment":[{"href":"https:\/\/www.elamazonico.com\/portal\/wp-json\/wp\/v2\/media?parent=607"}],"wp:term":[{"taxonomy":"category","embeddable":true,"href":"https:\/\/www.elamazonico.com\/portal\/wp-json\/wp\/v2\/categories?post=607"},{"taxonomy":"post_tag","embeddable":true,"href":"https:\/\/www.elamazonico.com\/portal\/wp-json\/wp\/v2\/tags?post=607"}],"curies":[{"name":"wp","href":"https:\/\/api.w.org\/{rel}","templated":true}]}}