{"id":6063,"date":"2022-10-03T09:27:15","date_gmt":"2022-10-03T14:27:15","guid":{"rendered":"https:\/\/www.elamazonico.com\/portal\/?p=6063"},"modified":"2022-10-03T09:27:19","modified_gmt":"2022-10-03T14:27:19","slug":"el-presidente-definira-hoy-la-permanencia-de-fausto-salinas-segun-zapata","status":"publish","type":"post","link":"https:\/\/www.elamazonico.com\/portal\/el-presidente-definira-hoy-la-permanencia-de-fausto-salinas-segun-zapata\/","title":{"rendered":"El Presidente definir\u00e1 hoy la permanencia de Fausto Salinas, seg\u00fan Zapata"},"content":{"rendered":"\n<p>El plazo para la detenci\u00f3n del presunto femicida de&nbsp;<strong>Mar\u00eda Bel\u00e9n Bernal<\/strong>, el teniente de la Polic\u00eda, Germ\u00e1n C\u00e1ceres termin\u00f3 el pasado viernes 30 de septiembre; sin embargo, el<a rel=\"noreferrer noopener\" href=\"https:\/\/www.ecuavisa.com\/noticias\/ecuador\/lasso-reitera-que-la-policia-tiene-hasta-el-fin-de-semana-para-encontrar-a-caceres-JE3251803\" target=\"_blank\">&nbsp;presidente Guillermo Lasso dio una pr\u00f3rroga<\/a>, dijo que la Polic\u00eda ten\u00eda el fin de semana para dar respuestas.<\/p>\n\n\n\n<p>Lo cierto es que hasta este lunes 3 de octubre, C\u00e1ceres sigue pr\u00f3fugo. El\u00a0<a rel=\"noreferrer noopener\" href=\"https:\/\/www.ecuavisa.com\/noticias\/politica\/quien-es-juan-zapata-el-nuevo-ministro-del-interior-CN3197114\" target=\"_blank\">ministro del Interior, Juan Zapata<\/a>, en entrevista para Contacto Directo, dijo que el presidente dar\u00e1 el anuncio en las pr\u00f3ximas horas sobre la permanencia de Fausto Salinas,\u00a0<strong>Comandante General de la Polic\u00eda.<\/strong><\/p>\n\n\n\n<p>\u00abRespetar\u00e9 mucho la decisi\u00f3n del Presidente (&#8230;) sin embargo hemos conversado de que es el momento de fortalecer y tener la Polic\u00eda completa; no podemos descabezar ni tomar decisiones con cabeza caliente\u00bb, asegur\u00f3 el ministro&nbsp;<strong>Zapata<\/strong>.<\/p>\n\n\n\n<p>Lea:&nbsp;<strong><a rel=\"noreferrer noopener\" href=\"https:\/\/www.ecuavisa.com\/noticias\/ecuador\/juan-zapata-dice-que-su-permanencia-esta-a-prueba-HA3222801\" target=\"_blank\">Juan Zapata dice que su permanencia est\u00e1 a prueba<\/a><\/strong><\/p>\n\n\n\n<p>Para el titular del Interior, la disposici\u00f3n de que los generales presenten la baja para que sea considerada por el presidente&nbsp;<strong>Lasso<\/strong>&nbsp;fue adecuada, aunque insiste en la importancia de mantener una instituci\u00f3n s\u00f3lida.<\/p>\n\n\n\n<p>Sobre la localizaci\u00f3n de C\u00e1ceres, la autoridad no dio detalles pero pidi\u00f3 paciencia y garantiz\u00f3 que ser\u00e1 puesto ante la justicia.<\/p>\n\n\n\n<h2 class=\"wp-block-heading\">Zapata sobre la reestructuraci\u00f3n de la Polic\u00eda<\/h2>\n\n\n\n<p>La reestructuraci\u00f3n de la&nbsp;<strong>Polic\u00eda<\/strong>&nbsp;atraviesa cinco ejes. El primero es conformar un frente&nbsp;<strong>ciudadano<\/strong>&nbsp;y cercano con la gente. El segundo, en cambio, permite el equipamiento de los uniformados.<\/p>\n\n\n\n<p>Sobre eso, Zapata dijo que se destinar\u00e1n&nbsp;<strong>$317 millones para la potencializaci\u00f3n de la Polic\u00eda,<\/strong>&nbsp;que se dividir\u00e1n en algunos montos:$128 millones para la compra de equipos b\u00e1sicos destinados para la&nbsp;<strong>protecci\u00f3n de los polic\u00edas&nbsp;<\/strong>y dotaci\u00f3n de medios tecnol\u00f3gicos; $2.9 millones para sistema de&nbsp;<strong>drones<\/strong>; $4,7 millones para fortalecimiento de&nbsp;<strong>servicios de fronteras<\/strong>; $9,6 millones destinado para los&nbsp;<strong>buses y camiones<\/strong>; y $307 millones para la renovaci\u00f3n de la<strong>&nbsp;flota vehicular<\/strong>.<\/p>\n\n\n\n<p>Lea:&nbsp;<strong><a rel=\"noreferrer noopener\" href=\"https:\/\/www.ecuavisa.com\/lo-nuevo-ecuavisa\/caso-maria-belen-bernal-que-viene-despues-MK3185781\" target=\"_blank\">Caso Mar\u00eda Bel\u00e9n Bernal: \u00bfqu\u00e9 viene despu\u00e9s?<\/a><\/strong><\/p>\n\n\n\n<p>Inform\u00f3 que el pr\u00f3ximo jueves, 6 de octubre, realizar\u00e1n un taller para determinar que necesidades tienen las unidades de la Polic\u00eda, requerimiento que pasar\u00e1n a la Presidencia, a trav\u00e9s de la&nbsp;<strong>Secretar\u00eda de Seguridad<\/strong>, para que se genere un Decreto, que permita la compra inmediata, a trav\u00e9s de r\u00e9gimen especial.<\/p>\n\n\n\n<p>Un caso que ha retratado la falta de recursos, es el de los polic\u00edas de&nbsp;<strong>Atacames<\/strong>, que estaban pernoctando en un hotel; Zapata dijo que en noviembre empieza la construcci\u00f3n de su cuartel.<\/p>\n\n\n\n<h2 class=\"wp-block-heading\">Formaci\u00f3n de los polic\u00edas con enfoque de g\u00e9nero<\/h2>\n\n\n\n<p>El ministro dijo que los&nbsp;<strong>8.500 polic\u00edas&nbsp;<\/strong>que ingresar\u00e1n a formarse en las escuelas de la Polic\u00eda, ingresar\u00e1n con una nueva malla acad\u00e9mica que incluye un enfoque de g\u00e9nero y acompa\u00f1amiento de organismos internacionales, eso, luego de registrarse el&nbsp;<a rel=\"noreferrer noopener\" href=\"https:\/\/www.ecuavisa.com\/noticias\/cronicaroja\/maria-belen-bernal-victima-de-femicidio-confirma-el-presidente-guillermo-lasso-EK3158134\" target=\"_blank\">femicidio de Mar\u00eda Bel\u00e9n Bernal en la Escuela Superior de la Polic\u00eda<\/a>, en Pusuqu\u00ed.<\/p>\n\n\n\n<p>En cuanto a la reforma al\u00a0<strong>C\u00f3digo Org\u00e1nico de Entidades de Seguridad Ciudadana y de Orden P\u00fablico<\/strong>, el Ministro dijo que no es posible esperar 45 d\u00edas para garantizar el debido proceso, ante faltas graves de polic\u00edas. Para lograr un cambio, necesitan del respaldo de la Asamblea.<\/p>\n\n\n\n<p><\/p>\n","protected":false},"excerpt":{"rendered":"<p>El plazo para la detenci\u00f3n del presunto femicida de&nbsp;Mar\u00eda Bel\u00e9n Bernal, el teniente de la Polic\u00eda, Germ\u00e1n C\u00e1ceres termin\u00f3 el pasado viernes 30 de septiembre; sin embargo, el&nbsp;presidente Guillermo Lasso dio una pr\u00f3rroga, dijo que la Polic\u00eda ten\u00eda el fin de semana para dar respuestas. Lo cierto es que hasta este lunes 3 de octubre, C\u00e1ceres sigue pr\u00f3fugo. El\u00a0ministro del Interior, Juan Zapata, en entrevista para Contacto Directo, dijo que el presidente dar\u00e1 el anuncio en las pr\u00f3ximas horas sobre la permanencia de Fausto Salinas,\u00a0Comandante General de la Polic\u00eda. \u00abRespetar\u00e9 mucho la decisi\u00f3n del Presidente (&#8230;) sin embargo hemos conversado de que es el momento de fortalecer y tener la Polic\u00eda completa; no podemos descabezar ni tomar decisiones con cabeza caliente\u00bb, asegur\u00f3 el ministro&nbsp;Zapata. Lea:&nbsp;Juan Zapata dice que su permanencia est\u00e1 a prueba Para el titular del Interior, la disposici\u00f3n de que los generales presenten la baja para que sea considerada por el presidente&nbsp;Lasso&nbsp;fue adecuada, aunque insiste en la importancia de mantener una instituci\u00f3n s\u00f3lida. Sobre la localizaci\u00f3n de C\u00e1ceres, la autoridad no dio detalles pero pidi\u00f3 paciencia y garantiz\u00f3 que ser\u00e1 puesto ante la justicia. Zapata sobre la reestructuraci\u00f3n de la Polic\u00eda La reestructuraci\u00f3n de la&nbsp;Polic\u00eda&nbsp;atraviesa cinco ejes. El primero es conformar un frente&nbsp;ciudadano&nbsp;y cercano con la gente. El segundo, en cambio, permite el equipamiento de los uniformados. Sobre eso, Zapata dijo que se destinar\u00e1n&nbsp;$317 millones para la potencializaci\u00f3n de la Polic\u00eda,&nbsp;que se dividir\u00e1n en algunos montos:$128 millones para la compra de equipos b\u00e1sicos destinados para la&nbsp;protecci\u00f3n de los polic\u00edas&nbsp;y dotaci\u00f3n de medios tecnol\u00f3gicos; $2.9 millones para sistema de&nbsp;drones; $4,7 millones para fortalecimiento de&nbsp;servicios de fronteras; $9,6 millones destinado para los&nbsp;buses y camiones; y $307 millones para la renovaci\u00f3n de la&nbsp;flota vehicular. Lea:&nbsp;Caso Mar\u00eda Bel\u00e9n Bernal: \u00bfqu\u00e9 viene despu\u00e9s? Inform\u00f3 que el pr\u00f3ximo jueves, 6 de octubre, realizar\u00e1n un taller para determinar que necesidades tienen las unidades de la Polic\u00eda, requerimiento que pasar\u00e1n a la Presidencia, a trav\u00e9s de la&nbsp;Secretar\u00eda de Seguridad, para que se genere un Decreto, que permita la compra inmediata, a trav\u00e9s de r\u00e9gimen especial. Un caso que ha retratado la falta de recursos, es el de los polic\u00edas de&nbsp;Atacames, que estaban pernoctando en un hotel; Zapata dijo que en noviembre empieza la construcci\u00f3n de su cuartel. Formaci\u00f3n de los polic\u00edas con enfoque de g\u00e9nero El ministro dijo que los&nbsp;8.500 polic\u00edas&nbsp;que ingresar\u00e1n a formarse en las escuelas de la Polic\u00eda, ingresar\u00e1n con una nueva malla acad\u00e9mica que incluye un enfoque de g\u00e9nero y acompa\u00f1amiento de organismos internacionales, eso, luego de registrarse el&nbsp;femicidio de Mar\u00eda Bel\u00e9n Bernal en la Escuela Superior de la Polic\u00eda, en Pusuqu\u00ed. En cuanto a la reforma al\u00a0C\u00f3digo Org\u00e1nico de Entidades de Seguridad Ciudadana y de Orden P\u00fablico, el Ministro dijo que no es posible esperar 45 d\u00edas para garantizar el debido proceso, ante faltas graves de polic\u00edas. Para lograr un cambio, necesitan del respaldo de la Asamblea.<\/p>\n","protected":false},"author":1,"featured_media":6064,"comment_status":"open","ping_status":"open","sticky":false,"template":"","format":"standard","meta":{"footnotes":""},"categories":[268],"tags":[],"class_list":["post-6063","post","type-post","status-publish","format-standard","has-post-thumbnail","hentry","category-nacionales"],"_links":{"self":[{"href":"https:\/\/www.elamazonico.com\/portal\/wp-json\/wp\/v2\/posts\/6063","targetHints":{"allow":["GET"]}}],"collection":[{"href":"https:\/\/www.elamazonico.com\/portal\/wp-json\/wp\/v2\/posts"}],"about":[{"href":"https:\/\/www.elamazonico.com\/portal\/wp-json\/wp\/v2\/types\/post"}],"author":[{"embeddable":true,"href":"https:\/\/www.elamazonico.com\/portal\/wp-json\/wp\/v2\/users\/1"}],"replies":[{"embeddable":true,"href":"https:\/\/www.elamazonico.com\/portal\/wp-json\/wp\/v2\/comments?post=6063"}],"version-history":[{"count":1,"href":"https:\/\/www.elamazonico.com\/portal\/wp-json\/wp\/v2\/posts\/6063\/revisions"}],"predecessor-version":[{"id":6065,"href":"https:\/\/www.elamazonico.com\/portal\/wp-json\/wp\/v2\/posts\/6063\/revisions\/6065"}],"wp:featuredmedia":[{"embeddable":true,"href":"https:\/\/www.elamazonico.com\/portal\/wp-json\/wp\/v2\/media\/6064"}],"wp:attachment":[{"href":"https:\/\/www.elamazonico.com\/portal\/wp-json\/wp\/v2\/media?parent=6063"}],"wp:term":[{"taxonomy":"category","embeddable":true,"href":"https:\/\/www.elamazonico.com\/portal\/wp-json\/wp\/v2\/categories?post=6063"},{"taxonomy":"post_tag","embeddable":true,"href":"https:\/\/www.elamazonico.com\/portal\/wp-json\/wp\/v2\/tags?post=6063"}],"curies":[{"name":"wp","href":"https:\/\/api.w.org\/{rel}","templated":true}]}}