{"id":6038,"date":"2022-09-30T05:57:59","date_gmt":"2022-09-30T10:57:59","guid":{"rendered":"https:\/\/www.elamazonico.com\/portal\/?p=6038"},"modified":"2022-09-30T05:58:05","modified_gmt":"2022-09-30T10:58:05","slug":"zamora-conmemora-sus-473-anos-de-fundacion-con-una-nutrida-agenda-de-actividades","status":"publish","type":"post","link":"https:\/\/www.elamazonico.com\/portal\/zamora-conmemora-sus-473-anos-de-fundacion-con-una-nutrida-agenda-de-actividades\/","title":{"rendered":"Zamora conmemora sus 473 a\u00f1os de Fundaci\u00f3n con una nutrida agenda de actividades"},"content":{"rendered":"\n<p>El 22 de septiembre de 2022, se dio cumplimiento con la celebraci\u00f3n de la Misa de Acci\u00f3n de Gracias, donde autoridades del cant\u00f3n Zamora, la Familia Municipal y ciudadan\u00eda en general, formaron parte de este acto religioso, mediante el cual se abri\u00f3 el tel\u00f3n para el cumplimiento de la Agenda Cultural por los 473 a\u00f1os de Fundaci\u00f3n de Zamora, as\u00ed mismo, se llev\u00f3 a cabo el engalanamiento y encendido de luces de la calle Diego de Vaca, escenario donde las candidatas a Reinas del cant\u00f3n Zamora, autoridades y ciudadan\u00eda zamorana, recorrieron y disfrutaron los diferentes espacios de sano esparcimiento.<\/p>\n\n\n\n<p>El 23 de septiembre de 2022, las calles se llenaron de color, arte y m\u00fasica con el preg\u00f3n de fiestas y carros aleg\u00f3ricos, donde se cont\u00f3 con la participaci\u00f3n de Gobiernos parroquiales, cooperativas de transporte p\u00fablico, asociaciones y direcciones del GAD Municipal, integrantes de Monocirco y la presencia de las diferentes candidatas que lucieron trajes de coctel en cada uno de los carros aleg\u00f3ricos. Continuando con la programaci\u00f3n y en una noche de glamour y belleza, se desarroll\u00f3 el evento galante de elecci\u00f3n de las Reinas de la Interculturalidad del cant\u00f3n Zamora, para el periodo 2021-2022, el mismo se desarroll\u00f3 en el Malec\u00f3n de Zamora y se cont\u00f3 con la participaci\u00f3n de ocho candidatas del Pueblo Hispano, dos candidatas del Pueblo Saraguro y dos candidatas de la nacionalidad Shuar.<\/p>\n\n\n\n<p>Por su parte, el jurado comenz\u00f3 la deliberaci\u00f3n final para conocer a las nuevas reinas de la Fundaci\u00f3n de Zamora, cuyas dignidades recayeron en: Pueblo Hispano, Alexa Adamari Jim\u00e9nez Pineda, representante de la parroquia de Cumbaratza; Pueblo Saraguro, Jhulayda Vanesa Ortega Guam\u00e1n, representante de la parroquia de Guadalupe; y, Nacionalidad Shuar, Mayline Stephania Nantip Yuzuma, representante de la parroquia de Timbara.&nbsp; Este evento tambi\u00e9n cont\u00f3 con la destacada participaci\u00f3n art\u00edstica del reconocido cantante de fama nacional Daniel Betancourt.<\/p>\n\n\n\n<p>El 24 de septiembre de 2022, se dio inici\u00f3 al cuadrangular de Ecuavoley, el cual se desarroll\u00f3 en el Coliseo de deportes de la Unidad Educativa \u201cLuis Felipe Borja\u201d de Zamora y se cont\u00f3 con la participaci\u00f3n de los equipos de Azuay, El Oro, Pichincha y Zamora. Continuando con la programaci\u00f3n, se desarroll\u00f3 la Expo C\u00e1mara de Comercio IV Edici\u00f3n-Zamora 2022, con la participaci\u00f3n de emprendedores de diferentes parroquias y provincias del pa\u00eds. Seguidamente, se desarroll\u00f3 el Festival de Arte Juvenil Urbano en el Malec\u00f3n de Zamora, actividades como Skate, Monopatinaje y patinaje sobre ruedas, fueron los deportes, que permitieron congregar a decenas de espectadores. A las 17:00 hora se dio comenz\u00f3 el Expo-Tuning, autos cl\u00e1sicos y motos, evento donde varios apasionados y ciudadana en general pudieron tomarse fotograf\u00edas, y disfrutar de la m\u00fasica CAR AUDIO. Finalmente, se efectu\u00f3 el evento de Fomento al Arte y la Cultura Zamorana a trav\u00e9s del \u201cFestival de M\u00fasica Electr\u00f3nica-Noche Juvenil\u201d, programa se cont\u00f3 con la participaci\u00f3n de Dj&#8217;s en vivo, artistas locales, m\u00fasica retro y la presentaci\u00f3n art\u00edstica del internacional AU-D, donde miles de ciudadanos y juventud zamorana, corearon sus canciones preferidas y bailaron al son de la m\u00fasica.<\/p>\n\n\n\n<p>El 25 de septiembre de 2022, en el Malec\u00f3n de Zamora, se continu\u00f3 con la Expo C\u00e1mara de Comercio IV Edici\u00f3n-Zamora 2022, mientras que el Coliseo de deportes de la Unidad Educativa \u201cLuis Felipe Borja\u201d, se convirti\u00f3 en el escenario en d\u00f3nde se llev\u00f3 a cabo la gran final del cuadrangular de Ecuavoley. El evento deportivo dej\u00f3 la siguiente tabla de resultados: 4.\u00ba lugar. Azuay, 3.\u00ba lugar. El Oro, 2.\u00ba lugar Zamora y 1.\u00ba lugar. Pichincha.<\/p>\n\n\n\n<p>La Tierra de Aves y Cascadas contin\u00faa celebrando hasta el 06 de octubre de 2022, sus 473 a\u00f1os de fundaci\u00f3n.<\/p>\n","protected":false},"excerpt":{"rendered":"<p>El 22 de septiembre de 2022, se dio cumplimiento con la celebraci\u00f3n de la Misa de Acci\u00f3n de Gracias, donde autoridades del cant\u00f3n Zamora, la Familia Municipal y ciudadan\u00eda en general, formaron parte de este acto religioso, mediante el cual se abri\u00f3 el tel\u00f3n para el cumplimiento de la Agenda Cultural por los 473 a\u00f1os de Fundaci\u00f3n de Zamora, as\u00ed mismo, se llev\u00f3 a cabo el engalanamiento y encendido de luces de la calle Diego de Vaca, escenario donde las candidatas a Reinas del cant\u00f3n Zamora, autoridades y ciudadan\u00eda zamorana, recorrieron y disfrutaron los diferentes espacios de sano esparcimiento. El 23 de septiembre de 2022, las calles se llenaron de color, arte y m\u00fasica con el preg\u00f3n de fiestas y carros aleg\u00f3ricos, donde se cont\u00f3 con la participaci\u00f3n de Gobiernos parroquiales, cooperativas de transporte p\u00fablico, asociaciones y direcciones del GAD Municipal, integrantes de Monocirco y la presencia de las diferentes candidatas que lucieron trajes de coctel en cada uno de los carros aleg\u00f3ricos. Continuando con la programaci\u00f3n y en una noche de glamour y belleza, se desarroll\u00f3 el evento galante de elecci\u00f3n de las Reinas de la Interculturalidad del cant\u00f3n Zamora, para el periodo 2021-2022, el mismo se desarroll\u00f3 en el Malec\u00f3n de Zamora y se cont\u00f3 con la participaci\u00f3n de ocho candidatas del Pueblo Hispano, dos candidatas del Pueblo Saraguro y dos candidatas de la nacionalidad Shuar. Por su parte, el jurado comenz\u00f3 la deliberaci\u00f3n final para conocer a las nuevas reinas de la Fundaci\u00f3n de Zamora, cuyas dignidades recayeron en: Pueblo Hispano, Alexa Adamari Jim\u00e9nez Pineda, representante de la parroquia de Cumbaratza; Pueblo Saraguro, Jhulayda Vanesa Ortega Guam\u00e1n, representante de la parroquia de Guadalupe; y, Nacionalidad Shuar, Mayline Stephania Nantip Yuzuma, representante de la parroquia de Timbara.&nbsp; Este evento tambi\u00e9n cont\u00f3 con la destacada participaci\u00f3n art\u00edstica del reconocido cantante de fama nacional Daniel Betancourt. El 24 de septiembre de 2022, se dio inici\u00f3 al cuadrangular de Ecuavoley, el cual se desarroll\u00f3 en el Coliseo de deportes de la Unidad Educativa \u201cLuis Felipe Borja\u201d de Zamora y se cont\u00f3 con la participaci\u00f3n de los equipos de Azuay, El Oro, Pichincha y Zamora. Continuando con la programaci\u00f3n, se desarroll\u00f3 la Expo C\u00e1mara de Comercio IV Edici\u00f3n-Zamora 2022, con la participaci\u00f3n de emprendedores de diferentes parroquias y provincias del pa\u00eds. Seguidamente, se desarroll\u00f3 el Festival de Arte Juvenil Urbano en el Malec\u00f3n de Zamora, actividades como Skate, Monopatinaje y patinaje sobre ruedas, fueron los deportes, que permitieron congregar a decenas de espectadores. A las 17:00 hora se dio comenz\u00f3 el Expo-Tuning, autos cl\u00e1sicos y motos, evento donde varios apasionados y ciudadana en general pudieron tomarse fotograf\u00edas, y disfrutar de la m\u00fasica CAR AUDIO. Finalmente, se efectu\u00f3 el evento de Fomento al Arte y la Cultura Zamorana a trav\u00e9s del \u201cFestival de M\u00fasica Electr\u00f3nica-Noche Juvenil\u201d, programa se cont\u00f3 con la participaci\u00f3n de Dj&#8217;s en vivo, artistas locales, m\u00fasica retro y la presentaci\u00f3n art\u00edstica del internacional AU-D, donde miles de ciudadanos y juventud zamorana, corearon sus canciones preferidas y bailaron al son de la m\u00fasica. El 25 de septiembre de 2022, en el Malec\u00f3n de Zamora, se continu\u00f3 con la Expo C\u00e1mara de Comercio IV Edici\u00f3n-Zamora 2022, mientras que el Coliseo de deportes de la Unidad Educativa \u201cLuis Felipe Borja\u201d, se convirti\u00f3 en el escenario en d\u00f3nde se llev\u00f3 a cabo la gran final del cuadrangular de Ecuavoley. El evento deportivo dej\u00f3 la siguiente tabla de resultados: 4.\u00ba lugar. Azuay, 3.\u00ba lugar. El Oro, 2.\u00ba lugar Zamora y 1.\u00ba lugar. Pichincha. La Tierra de Aves y Cascadas contin\u00faa celebrando hasta el 06 de octubre de 2022, sus 473 a\u00f1os de fundaci\u00f3n.<\/p>\n","protected":false},"author":1,"featured_media":6039,"comment_status":"open","ping_status":"open","sticky":false,"template":"","format":"standard","meta":{"footnotes":""},"categories":[243],"tags":[],"class_list":["post-6038","post","type-post","status-publish","format-standard","has-post-thumbnail","hentry","category-noticias-zamora"],"_links":{"self":[{"href":"https:\/\/www.elamazonico.com\/portal\/wp-json\/wp\/v2\/posts\/6038","targetHints":{"allow":["GET"]}}],"collection":[{"href":"https:\/\/www.elamazonico.com\/portal\/wp-json\/wp\/v2\/posts"}],"about":[{"href":"https:\/\/www.elamazonico.com\/portal\/wp-json\/wp\/v2\/types\/post"}],"author":[{"embeddable":true,"href":"https:\/\/www.elamazonico.com\/portal\/wp-json\/wp\/v2\/users\/1"}],"replies":[{"embeddable":true,"href":"https:\/\/www.elamazonico.com\/portal\/wp-json\/wp\/v2\/comments?post=6038"}],"version-history":[{"count":1,"href":"https:\/\/www.elamazonico.com\/portal\/wp-json\/wp\/v2\/posts\/6038\/revisions"}],"predecessor-version":[{"id":6040,"href":"https:\/\/www.elamazonico.com\/portal\/wp-json\/wp\/v2\/posts\/6038\/revisions\/6040"}],"wp:featuredmedia":[{"embeddable":true,"href":"https:\/\/www.elamazonico.com\/portal\/wp-json\/wp\/v2\/media\/6039"}],"wp:attachment":[{"href":"https:\/\/www.elamazonico.com\/portal\/wp-json\/wp\/v2\/media?parent=6038"}],"wp:term":[{"taxonomy":"category","embeddable":true,"href":"https:\/\/www.elamazonico.com\/portal\/wp-json\/wp\/v2\/categories?post=6038"},{"taxonomy":"post_tag","embeddable":true,"href":"https:\/\/www.elamazonico.com\/portal\/wp-json\/wp\/v2\/tags?post=6038"}],"curies":[{"name":"wp","href":"https:\/\/api.w.org\/{rel}","templated":true}]}}