{"id":6030,"date":"2022-09-29T06:32:20","date_gmt":"2022-09-29T11:32:20","guid":{"rendered":"https:\/\/www.elamazonico.com\/portal\/?p=6030"},"modified":"2022-09-29T06:32:29","modified_gmt":"2022-09-29T11:32:29","slug":"gorky-bravo-desiste-de-su-candidatura-para-viceprefecto-de-zamora-ch","status":"publish","type":"post","link":"https:\/\/www.elamazonico.com\/portal\/gorky-bravo-desiste-de-su-candidatura-para-viceprefecto-de-zamora-ch\/","title":{"rendered":"Gorky Bravo desiste de su candidatura para viceprefecto de Zamora Ch."},"content":{"rendered":"\n<p>El pasado domingo, 24 de septiembre, se conoci\u00f3 que el candidato a viceprefecto por la alianza Frente de la Unidad por la Equidad y Renovaci\u00f3n de Zamora Chinchipe, Gorky Bravo present\u00f3 una solicitud de renuncia ante la Delegaci\u00f3n Provincial Electoral de Zamora Chinchipe.<\/p>\n\n\n\n<p>Ante esa inc\u00f3gnita, el candidato convers\u00f3 para Diario El Amaz\u00f3nico y explic\u00f3 los motivos por los cuales se vio obligado a renunciar para seguir participando a la viceprefectura, acompa\u00f1ando a la candidata Karla Re\u00e1tegui. \u201cHubo un acoso, hostigamiento por parte de Karla Re\u00e1tegui\u201d<\/p>\n\n\n\n<p>Seg\u00fan relata Bravo, el acercamiento entre estos dos actores pol\u00edticos se dio cuando Re\u00e1tegui acudi\u00f3 a casa de Bravo acompa\u00f1ada de una comitiva y en las cosas que le propusieron, es que ella trabajar\u00eda con \u00e9l, porque es conocido dentro de la provincia y tiene conocimiento dentro del \u00e1mbito cultural y de emprendimiento.<\/p>\n\n\n\n<p>Desde un inicio hablaron que trabajar\u00edan en binomio, exista o no una alianza. Comenta que en ning\u00fan momento hablaron sobre ceder el lugar a otra persona. Pues siempre ha sido adherente con el movimiento Pachakutik; desde antes ya estaba representando a este movimiento en el cargo p\u00fablico como concejal alterno y vio en esta ocasi\u00f3n la oportunidad de servir a la provincia, motivo por el cual se inclin\u00f3 por esta candidatura.<\/p>\n\n\n\n<p>Hasta el viernes 23 de septiembre, la candidatura estaba vigente, de ah\u00ed para ac\u00e1, se enter\u00f3 que: \u201cKarla Re\u00e1tegui desde el primer d\u00eda, nombr\u00f3 a otra persona como candidato a la viceprefectura, que se trata de V\u00edctor Sarango\u201d, sintetiza Bravo al sentirse \u2018traicionado\u2019 por la candidata a prefecta por no cumplir con su palabra.<\/p>\n\n\n\n<p>Anteriormente se hab\u00eda negado rotundamente a presentar su renuncia y que iba a respetar su decisi\u00f3n de seguir participando en estas elecciones y seg\u00fan comenta, Re\u00e1tegui tambi\u00e9n se hab\u00eda comprometido con la resoluci\u00f3n de Bravo. \u201cPero en los \u00faltimos d\u00edas ha presenciado acoso y hostigamiento para que presente su renuncia\u201d, tambi\u00e9n manifiesta que el aporte econ\u00f3mico ha sido \u2018exagerado\u2019 a tal punto de tener que financiar otra candidatura de una Alcald\u00eda.<\/p>\n\n\n\n<p>E indica que fue rezagado al momento de trabajar para las campa\u00f1as y deb\u00eda buscar su propio equipo de trabajo y solventarlo econ\u00f3micamente. Es por eso, que muestra su gratitud ante las personas que le mostraron su apoyo de Movimiento Pachakutik, Unidad Popular, del Distrito Minero de Chinapintza que est\u00e1n comprometidos con la provincia. Desde la parte cultural seguir\u00e1 trabajando y planea en un futuro volver a trabajar por la provincia.<\/p>\n\n\n\n<p>Deja claro que, ante comentarios vertidos desde fuera, que indican que este paso lo est\u00e1 haciendo por causarle da\u00f1o a Karla Re\u00e1tegui, pero deja claro que fue ella, quien insisti\u00f3 para que desistiera de esta candidatura. Adem\u00e1s, no planea aferrarse a esta candidatura donde no podr\u00e1 trabajar.<\/p>\n\n\n\n<p>Aclara esta situaci\u00f3n con la finalidad de que la ciudadan\u00eda conozca de esta situaci\u00f3n y tambi\u00e9n por rescatar su honra y dignidad, pues dice haber atravesado por una situaci\u00f3n compleja.<\/p>\n","protected":false},"excerpt":{"rendered":"<p>El pasado domingo, 24 de septiembre, se conoci\u00f3 que el candidato a viceprefecto por la alianza Frente de la Unidad por la Equidad y Renovaci\u00f3n de Zamora Chinchipe, Gorky Bravo present\u00f3 una solicitud de renuncia ante la Delegaci\u00f3n Provincial Electoral de Zamora Chinchipe. Ante esa inc\u00f3gnita, el candidato convers\u00f3 para Diario El Amaz\u00f3nico y explic\u00f3 los motivos por los cuales se vio obligado a renunciar para seguir participando a la viceprefectura, acompa\u00f1ando a la candidata Karla Re\u00e1tegui. \u201cHubo un acoso, hostigamiento por parte de Karla Re\u00e1tegui\u201d Seg\u00fan relata Bravo, el acercamiento entre estos dos actores pol\u00edticos se dio cuando Re\u00e1tegui acudi\u00f3 a casa de Bravo acompa\u00f1ada de una comitiva y en las cosas que le propusieron, es que ella trabajar\u00eda con \u00e9l, porque es conocido dentro de la provincia y tiene conocimiento dentro del \u00e1mbito cultural y de emprendimiento. Desde un inicio hablaron que trabajar\u00edan en binomio, exista o no una alianza. Comenta que en ning\u00fan momento hablaron sobre ceder el lugar a otra persona. Pues siempre ha sido adherente con el movimiento Pachakutik; desde antes ya estaba representando a este movimiento en el cargo p\u00fablico como concejal alterno y vio en esta ocasi\u00f3n la oportunidad de servir a la provincia, motivo por el cual se inclin\u00f3 por esta candidatura. Hasta el viernes 23 de septiembre, la candidatura estaba vigente, de ah\u00ed para ac\u00e1, se enter\u00f3 que: \u201cKarla Re\u00e1tegui desde el primer d\u00eda, nombr\u00f3 a otra persona como candidato a la viceprefectura, que se trata de V\u00edctor Sarango\u201d, sintetiza Bravo al sentirse \u2018traicionado\u2019 por la candidata a prefecta por no cumplir con su palabra. Anteriormente se hab\u00eda negado rotundamente a presentar su renuncia y que iba a respetar su decisi\u00f3n de seguir participando en estas elecciones y seg\u00fan comenta, Re\u00e1tegui tambi\u00e9n se hab\u00eda comprometido con la resoluci\u00f3n de Bravo. \u201cPero en los \u00faltimos d\u00edas ha presenciado acoso y hostigamiento para que presente su renuncia\u201d, tambi\u00e9n manifiesta que el aporte econ\u00f3mico ha sido \u2018exagerado\u2019 a tal punto de tener que financiar otra candidatura de una Alcald\u00eda. E indica que fue rezagado al momento de trabajar para las campa\u00f1as y deb\u00eda buscar su propio equipo de trabajo y solventarlo econ\u00f3micamente. Es por eso, que muestra su gratitud ante las personas que le mostraron su apoyo de Movimiento Pachakutik, Unidad Popular, del Distrito Minero de Chinapintza que est\u00e1n comprometidos con la provincia. Desde la parte cultural seguir\u00e1 trabajando y planea en un futuro volver a trabajar por la provincia. Deja claro que, ante comentarios vertidos desde fuera, que indican que este paso lo est\u00e1 haciendo por causarle da\u00f1o a Karla Re\u00e1tegui, pero deja claro que fue ella, quien insisti\u00f3 para que desistiera de esta candidatura. Adem\u00e1s, no planea aferrarse a esta candidatura donde no podr\u00e1 trabajar. Aclara esta situaci\u00f3n con la finalidad de que la ciudadan\u00eda conozca de esta situaci\u00f3n y tambi\u00e9n por rescatar su honra y dignidad, pues dice haber atravesado por una situaci\u00f3n compleja.<\/p>\n","protected":false},"author":1,"featured_media":6031,"comment_status":"open","ping_status":"open","sticky":false,"template":"","format":"standard","meta":{"footnotes":""},"categories":[243],"tags":[],"class_list":["post-6030","post","type-post","status-publish","format-standard","has-post-thumbnail","hentry","category-noticias-zamora"],"_links":{"self":[{"href":"https:\/\/www.elamazonico.com\/portal\/wp-json\/wp\/v2\/posts\/6030","targetHints":{"allow":["GET"]}}],"collection":[{"href":"https:\/\/www.elamazonico.com\/portal\/wp-json\/wp\/v2\/posts"}],"about":[{"href":"https:\/\/www.elamazonico.com\/portal\/wp-json\/wp\/v2\/types\/post"}],"author":[{"embeddable":true,"href":"https:\/\/www.elamazonico.com\/portal\/wp-json\/wp\/v2\/users\/1"}],"replies":[{"embeddable":true,"href":"https:\/\/www.elamazonico.com\/portal\/wp-json\/wp\/v2\/comments?post=6030"}],"version-history":[{"count":1,"href":"https:\/\/www.elamazonico.com\/portal\/wp-json\/wp\/v2\/posts\/6030\/revisions"}],"predecessor-version":[{"id":6032,"href":"https:\/\/www.elamazonico.com\/portal\/wp-json\/wp\/v2\/posts\/6030\/revisions\/6032"}],"wp:featuredmedia":[{"embeddable":true,"href":"https:\/\/www.elamazonico.com\/portal\/wp-json\/wp\/v2\/media\/6031"}],"wp:attachment":[{"href":"https:\/\/www.elamazonico.com\/portal\/wp-json\/wp\/v2\/media?parent=6030"}],"wp:term":[{"taxonomy":"category","embeddable":true,"href":"https:\/\/www.elamazonico.com\/portal\/wp-json\/wp\/v2\/categories?post=6030"},{"taxonomy":"post_tag","embeddable":true,"href":"https:\/\/www.elamazonico.com\/portal\/wp-json\/wp\/v2\/tags?post=6030"}],"curies":[{"name":"wp","href":"https:\/\/api.w.org\/{rel}","templated":true}]}}