{"id":6014,"date":"2022-09-29T06:03:43","date_gmt":"2022-09-29T11:03:43","guid":{"rendered":"https:\/\/www.elamazonico.com\/portal\/?p=6014"},"modified":"2022-09-29T06:03:51","modified_gmt":"2022-09-29T11:03:51","slug":"etapa-de-calificacion-de-candidaturas-ante-la-junta-provincial-electoral","status":"publish","type":"post","link":"https:\/\/www.elamazonico.com\/portal\/etapa-de-calificacion-de-candidaturas-ante-la-junta-provincial-electoral\/","title":{"rendered":"Etapa de calificaci\u00f3n de candidaturas ante la junta provincial electoral"},"content":{"rendered":"\n<p>De a poco se va cumpliendo con el proceso que conlleva la oficializaci\u00f3n de las candidaturas para prefecturas, alcald\u00edas, concejal\u00edas y juntas parroquiales. Una vez superada la etapa de inscripci\u00f3n de candidaturas, se procedi\u00f3 a la etapa de impugnaci\u00f3n, en esta etapa se est\u00e1 consolidando la calificaci\u00f3n de los candidatos, esto despu\u00e9s de haber aprobado requisitos y de no hacerlo as\u00ed, deber\u00e1n solucionar cualquier situaci\u00f3n que les impida continuar con el proceso.<\/p>\n\n\n\n<p>En la Junta Provincial de Zamora Chinchipe, presidida por Carlos Sarango, quien informa a la ciudadan\u00eda que hasta el momento las organizaciones y movimientos pol\u00edticos, deben realizar ciertos cambios, pero sin ninguna novedad.<\/p>\n\n\n\n<p>\u201cHasta el momento est\u00e1n planificado con normalidad, sin ning\u00fan inconveniente, pero con retrasos, precisamente por el tema de que el 20 de septiembre todas las organizaciones se inscribieron y se congestiono el sistema por la elevada carga de informaci\u00f3n a nivel nacional, pero fueron solventando y todo marcha tal cual estaba estructurado\u201d, sintetiza Sarango.<\/p>\n\n\n\n<p><strong>La renuncia de Gorky Bravo<\/strong><\/p>\n\n\n\n<p>El presidente de la Junta Provincial indic\u00f3 que el pasado 24 de septiembre ingres\u00f3 la solicitud de la procuradora, Daysi Cuenca y ellos lo remitieron porque en horas de la ma\u00f1ana hab\u00edan solicitado un informe t\u00e9cnico-jur\u00eddico del binomio de Karla Re\u00e1tegui. Lo consideran como una renuncia irrevocable de manera voluntaria y aceptada a lo interno de la organizaci\u00f3n de manera aut\u00f3noma, por ello era procedente y el d\u00eda lunes 26 como Junta Provincial, conocieron de ese informe t\u00e9cnico-jur\u00eddico.<\/p>\n\n\n\n<p>Sintetiza que un candidato puede ingresar o renunciar antes que la Junta Provincial haya emitido una calificaci\u00f3n. La Ley Org\u00e1nica en el Art. 108 del C\u00f3digo de la Democracia, reza que \u2018una candidatura es irrenunciable cuando est\u00e1 inscrito y calificado\u2019.<\/p>\n\n\n\n<p>A partir de ah\u00ed, la alianza presenta un nuevo candidato nombrado como V\u00edctor Sarango y receptaron ese reemplazo para que elaboren el informe t\u00e9cnico-jur\u00eddico si ya han cumplido todos los requisitos en la organizaci\u00f3n.<\/p>\n\n\n\n<p><strong>Movimiento Amigo<\/strong><\/p>\n\n\n\n<p>En este movimiento, el titular de este \u00f3rgano de control, recalca que el candidato a la Viceprefectura tiene que realizar algunos cambios en vista que no cumplen con los requisitos fundamentales sobre la \u2018alternabilidad e inclusi\u00f3n\u2019 de j\u00f3venes. La organizaci\u00f3n debe solucionar para que les procedan a calificar en el lapso de dos d\u00edas, desde la fecha de notificaci\u00f3n.<\/p>\n\n\n\n<p>Los candidatos: Cl\u00e9ver Jim\u00e9nez, Karla Re\u00e1tegui y Patricio Quezada deben realizar ciertos cambios y solucionar algunas situaciones. Por su parte, Bladimir Armijos y Pa\u00fal Ortega, calificaron directamente, en el caso de la dignidad a la Prefectura de la provincia. Cabe recalcar que los movimientos pueden impugnar las calificaciones a la Junta Provincial de Zamora Chinchipe.<\/p>\n","protected":false},"excerpt":{"rendered":"<p>De a poco se va cumpliendo con el proceso que conlleva la oficializaci\u00f3n de las candidaturas para prefecturas, alcald\u00edas, concejal\u00edas y juntas parroquiales. Una vez superada la etapa de inscripci\u00f3n de candidaturas, se procedi\u00f3 a la etapa de impugnaci\u00f3n, en esta etapa se est\u00e1 consolidando la calificaci\u00f3n de los candidatos, esto despu\u00e9s de haber aprobado requisitos y de no hacerlo as\u00ed, deber\u00e1n solucionar cualquier situaci\u00f3n que les impida continuar con el proceso. En la Junta Provincial de Zamora Chinchipe, presidida por Carlos Sarango, quien informa a la ciudadan\u00eda que hasta el momento las organizaciones y movimientos pol\u00edticos, deben realizar ciertos cambios, pero sin ninguna novedad. \u201cHasta el momento est\u00e1n planificado con normalidad, sin ning\u00fan inconveniente, pero con retrasos, precisamente por el tema de que el 20 de septiembre todas las organizaciones se inscribieron y se congestiono el sistema por la elevada carga de informaci\u00f3n a nivel nacional, pero fueron solventando y todo marcha tal cual estaba estructurado\u201d, sintetiza Sarango. La renuncia de Gorky Bravo El presidente de la Junta Provincial indic\u00f3 que el pasado 24 de septiembre ingres\u00f3 la solicitud de la procuradora, Daysi Cuenca y ellos lo remitieron porque en horas de la ma\u00f1ana hab\u00edan solicitado un informe t\u00e9cnico-jur\u00eddico del binomio de Karla Re\u00e1tegui. Lo consideran como una renuncia irrevocable de manera voluntaria y aceptada a lo interno de la organizaci\u00f3n de manera aut\u00f3noma, por ello era procedente y el d\u00eda lunes 26 como Junta Provincial, conocieron de ese informe t\u00e9cnico-jur\u00eddico. Sintetiza que un candidato puede ingresar o renunciar antes que la Junta Provincial haya emitido una calificaci\u00f3n. La Ley Org\u00e1nica en el Art. 108 del C\u00f3digo de la Democracia, reza que \u2018una candidatura es irrenunciable cuando est\u00e1 inscrito y calificado\u2019. A partir de ah\u00ed, la alianza presenta un nuevo candidato nombrado como V\u00edctor Sarango y receptaron ese reemplazo para que elaboren el informe t\u00e9cnico-jur\u00eddico si ya han cumplido todos los requisitos en la organizaci\u00f3n. Movimiento Amigo En este movimiento, el titular de este \u00f3rgano de control, recalca que el candidato a la Viceprefectura tiene que realizar algunos cambios en vista que no cumplen con los requisitos fundamentales sobre la \u2018alternabilidad e inclusi\u00f3n\u2019 de j\u00f3venes. La organizaci\u00f3n debe solucionar para que les procedan a calificar en el lapso de dos d\u00edas, desde la fecha de notificaci\u00f3n. Los candidatos: Cl\u00e9ver Jim\u00e9nez, Karla Re\u00e1tegui y Patricio Quezada deben realizar ciertos cambios y solucionar algunas situaciones. Por su parte, Bladimir Armijos y Pa\u00fal Ortega, calificaron directamente, en el caso de la dignidad a la Prefectura de la provincia. Cabe recalcar que los movimientos pueden impugnar las calificaciones a la Junta Provincial de Zamora Chinchipe.<\/p>\n","protected":false},"author":1,"featured_media":6016,"comment_status":"open","ping_status":"open","sticky":false,"template":"","format":"standard","meta":{"footnotes":""},"categories":[243],"tags":[],"class_list":["post-6014","post","type-post","status-publish","format-standard","has-post-thumbnail","hentry","category-noticias-zamora"],"_links":{"self":[{"href":"https:\/\/www.elamazonico.com\/portal\/wp-json\/wp\/v2\/posts\/6014","targetHints":{"allow":["GET"]}}],"collection":[{"href":"https:\/\/www.elamazonico.com\/portal\/wp-json\/wp\/v2\/posts"}],"about":[{"href":"https:\/\/www.elamazonico.com\/portal\/wp-json\/wp\/v2\/types\/post"}],"author":[{"embeddable":true,"href":"https:\/\/www.elamazonico.com\/portal\/wp-json\/wp\/v2\/users\/1"}],"replies":[{"embeddable":true,"href":"https:\/\/www.elamazonico.com\/portal\/wp-json\/wp\/v2\/comments?post=6014"}],"version-history":[{"count":1,"href":"https:\/\/www.elamazonico.com\/portal\/wp-json\/wp\/v2\/posts\/6014\/revisions"}],"predecessor-version":[{"id":6017,"href":"https:\/\/www.elamazonico.com\/portal\/wp-json\/wp\/v2\/posts\/6014\/revisions\/6017"}],"wp:featuredmedia":[{"embeddable":true,"href":"https:\/\/www.elamazonico.com\/portal\/wp-json\/wp\/v2\/media\/6016"}],"wp:attachment":[{"href":"https:\/\/www.elamazonico.com\/portal\/wp-json\/wp\/v2\/media?parent=6014"}],"wp:term":[{"taxonomy":"category","embeddable":true,"href":"https:\/\/www.elamazonico.com\/portal\/wp-json\/wp\/v2\/categories?post=6014"},{"taxonomy":"post_tag","embeddable":true,"href":"https:\/\/www.elamazonico.com\/portal\/wp-json\/wp\/v2\/tags?post=6014"}],"curies":[{"name":"wp","href":"https:\/\/api.w.org\/{rel}","templated":true}]}}