{"id":6005,"date":"2022-09-27T16:00:01","date_gmt":"2022-09-27T21:00:01","guid":{"rendered":"https:\/\/www.elamazonico.com\/portal\/?p=6005"},"modified":"2022-09-27T16:00:39","modified_gmt":"2022-09-27T21:00:39","slug":"feria-de-la-orquidea-turistica-gastronomica-y-artesanal-en-el-pangui","status":"publish","type":"post","link":"https:\/\/www.elamazonico.com\/portal\/feria-de-la-orquidea-turistica-gastronomica-y-artesanal-en-el-pangui\/","title":{"rendered":"Feria de la orqu\u00eddea tur\u00edstica, gastron\u00f3mica y artesanal en El Pangui"},"content":{"rendered":"\n<p>El Pangui se ha caracterizado por ser \u2018la orqu\u00eddea de la Amazon\u00eda\u2019, es por ello, que en estas fechas est\u00e1n prestos a celebrar una versi\u00f3n m\u00e1s de la Feria de la Orqu\u00eddea Tur\u00edstica, Gastron\u00f3mica y Artesanal, que se inicia desde hoy, martes 27 de septiembre hasta el d\u00eda s\u00e1bado 01 de octubre. Rolando Segovia concejal y presidente de la Comisi\u00f3n de Turismo del GAD municipal.<\/p>\n\n\n\n<p>Por encargo del Sr. alcalde e iniciativa de esta comisi\u00f3n, ha llevado a efecto m\u00faltiples actividades que les permitan reactivar econ\u00f3micamente a lo largo y ancho del cant\u00f3n y provincia, sum\u00e1ndose a las iniciativas que vienen a nivel de pa\u00eds y del gobierno, enfatiza Segovia.<\/p>\n\n\n\n<p>Promoviendo espacios para que la ciudadan\u00eda pueda mostrar sus productos, pues luego de la pandemia surgieron una gran cantidad de emprendimientos. Han estado ofertando talleres de capacitaci\u00f3n que generen actividades. &nbsp;El a\u00f1o anterior realizaron la Feria productiva, tur\u00edstica y gastron\u00f3mica en las tres parroquias del cant\u00f3n con el objetivo de brindar esos espacios y soportes a los emprendedores y productores de la parte rural. Se recalca que esta feria tuvo una gran acogida tambi\u00e9n por parte de los consumidores.<\/p>\n\n\n\n<p>Se articul\u00f3 con instituciones del gobierno y la Prefectura para el tema del plan de capacitaci\u00f3n. Como administraci\u00f3n, le han apuntado al turismo y a la dinamizaci\u00f3n de la econom\u00eda, porque son varios los sectores econ\u00f3micos que se benefician de esta actividad.<\/p>\n\n\n\n<p>Las actividades realizadas van enmarcadas en los recursos que posee el GAD municipal y de no haberlo gestionan para firmar convenios para que se puedan realizar las diferentes actividades. \u201cNosotros como concejales queremos fomentar, apoyar al desarrollo del GAD, con propuestas e ideas al Sr. &nbsp;alcalde para que disponga de recursos y talento humano\u201d. Agrega el edil, al momento de dar luz verde para el tema de capacitaciones.<\/p>\n\n\n\n<p>En este momento se encuentran en el tema de mantenimiento y adecuaci\u00f3n de algunos atractivos tur\u00edsticos. Uno de los referentes es el Muelle Tur\u00edstico en el barrio Chuchumbletza, en la parroquia Guismi, con la finalidad de apoyar al tema cultural y social. Tambi\u00e9n se cre\u00f3 la asociaci\u00f3n de canoeros, mismo que constan en el sistema de capacitaci\u00f3n conjuntamente con la l\u00ednea tur\u00edstica como: hoteles, restaurants, etc., para que se pueda mejor el tema de atenci\u00f3n servicios tur\u00edsticos.<\/p>\n\n\n\n<p>Actividades a ejecutarse por el D\u00eda Mundial del Turismo y las actividades que se van a desarrollar en El Pangui a trav\u00e9s de una agenda festiva que inicia desde hoy, martes 27 de septiembre y finaliza el s\u00e1bado 01 de octubre, para lo cual creen conveniente que se sume la parte p\u00fablica y privada con la finalidad de generar espacios que oferten sus productos.<\/p>\n\n\n\n<p>Hoy hay conferencias alusivas al turismo como ponentes estar\u00e1n delegados de: la Prefectura, del GAD de Gualaquiza, y de la academia. Asimismo, se har\u00e1 el lanzamiento oficial de un v\u00eddeo tur\u00edstico del cant\u00f3n El Pangui. &nbsp;<\/p>\n\n\n\n<p>Eventos socioculturales como danza, exposici\u00f3n de artesan\u00edas de las etnias shuar y saraguro, posteriormente habr\u00e1 un recorrido tur\u00edstico por las aguas del rio Zamora a partir del Muelle de Chuchumbletza y el d\u00eda jueves el recorrido por la \u2018ruta de las orqu\u00eddeas\u2019.<\/p>\n\n\n\n<p>El d\u00eda viernes se efectuar\u00e1 la feria de la orqu\u00eddea tur\u00edstica, gastron\u00f3mica y artesanal del cant\u00f3n, donde estar\u00e1n presentes m\u00e1s de 35 emprendedores durante este d\u00eda. En la noche se presentar\u00e1 una agrupaci\u00f3n muy reconocida como lo es Proyecto Coraza, as\u00ed mismo de talentos locales. Y el d\u00eda s\u00e1bado se realizar\u00e1 un recorrido desde el muelle en el Guismi.<\/p>\n","protected":false},"excerpt":{"rendered":"<p>El Pangui se ha caracterizado por ser \u2018la orqu\u00eddea de la Amazon\u00eda\u2019, es por ello, que en estas fechas est\u00e1n prestos a celebrar una versi\u00f3n m\u00e1s de la Feria de la Orqu\u00eddea Tur\u00edstica, Gastron\u00f3mica y Artesanal, que se inicia desde hoy, martes 27 de septiembre hasta el d\u00eda s\u00e1bado 01 de octubre. Rolando Segovia concejal y presidente de la Comisi\u00f3n de Turismo del GAD municipal. Por encargo del Sr. alcalde e iniciativa de esta comisi\u00f3n, ha llevado a efecto m\u00faltiples actividades que les permitan reactivar econ\u00f3micamente a lo largo y ancho del cant\u00f3n y provincia, sum\u00e1ndose a las iniciativas que vienen a nivel de pa\u00eds y del gobierno, enfatiza Segovia. Promoviendo espacios para que la ciudadan\u00eda pueda mostrar sus productos, pues luego de la pandemia surgieron una gran cantidad de emprendimientos. Han estado ofertando talleres de capacitaci\u00f3n que generen actividades. &nbsp;El a\u00f1o anterior realizaron la Feria productiva, tur\u00edstica y gastron\u00f3mica en las tres parroquias del cant\u00f3n con el objetivo de brindar esos espacios y soportes a los emprendedores y productores de la parte rural. Se recalca que esta feria tuvo una gran acogida tambi\u00e9n por parte de los consumidores. Se articul\u00f3 con instituciones del gobierno y la Prefectura para el tema del plan de capacitaci\u00f3n. Como administraci\u00f3n, le han apuntado al turismo y a la dinamizaci\u00f3n de la econom\u00eda, porque son varios los sectores econ\u00f3micos que se benefician de esta actividad. Las actividades realizadas van enmarcadas en los recursos que posee el GAD municipal y de no haberlo gestionan para firmar convenios para que se puedan realizar las diferentes actividades. \u201cNosotros como concejales queremos fomentar, apoyar al desarrollo del GAD, con propuestas e ideas al Sr. &nbsp;alcalde para que disponga de recursos y talento humano\u201d. Agrega el edil, al momento de dar luz verde para el tema de capacitaciones. En este momento se encuentran en el tema de mantenimiento y adecuaci\u00f3n de algunos atractivos tur\u00edsticos. Uno de los referentes es el Muelle Tur\u00edstico en el barrio Chuchumbletza, en la parroquia Guismi, con la finalidad de apoyar al tema cultural y social. Tambi\u00e9n se cre\u00f3 la asociaci\u00f3n de canoeros, mismo que constan en el sistema de capacitaci\u00f3n conjuntamente con la l\u00ednea tur\u00edstica como: hoteles, restaurants, etc., para que se pueda mejor el tema de atenci\u00f3n servicios tur\u00edsticos. Actividades a ejecutarse por el D\u00eda Mundial del Turismo y las actividades que se van a desarrollar en El Pangui a trav\u00e9s de una agenda festiva que inicia desde hoy, martes 27 de septiembre y finaliza el s\u00e1bado 01 de octubre, para lo cual creen conveniente que se sume la parte p\u00fablica y privada con la finalidad de generar espacios que oferten sus productos. Hoy hay conferencias alusivas al turismo como ponentes estar\u00e1n delegados de: la Prefectura, del GAD de Gualaquiza, y de la academia. Asimismo, se har\u00e1 el lanzamiento oficial de un v\u00eddeo tur\u00edstico del cant\u00f3n El Pangui. &nbsp; Eventos socioculturales como danza, exposici\u00f3n de artesan\u00edas de las etnias shuar y saraguro, posteriormente habr\u00e1 un recorrido tur\u00edstico por las aguas del rio Zamora a partir del Muelle de Chuchumbletza y el d\u00eda jueves el recorrido por la \u2018ruta de las orqu\u00eddeas\u2019. El d\u00eda viernes se efectuar\u00e1 la feria de la orqu\u00eddea tur\u00edstica, gastron\u00f3mica y artesanal del cant\u00f3n, donde estar\u00e1n presentes m\u00e1s de 35 emprendedores durante este d\u00eda. En la noche se presentar\u00e1 una agrupaci\u00f3n muy reconocida como lo es Proyecto Coraza, as\u00ed mismo de talentos locales. Y el d\u00eda s\u00e1bado se realizar\u00e1 un recorrido desde el muelle en el Guismi.<\/p>\n","protected":false},"author":1,"featured_media":6006,"comment_status":"open","ping_status":"open","sticky":false,"template":"","format":"standard","meta":{"footnotes":""},"categories":[243],"tags":[],"class_list":["post-6005","post","type-post","status-publish","format-standard","has-post-thumbnail","hentry","category-noticias-zamora"],"_links":{"self":[{"href":"https:\/\/www.elamazonico.com\/portal\/wp-json\/wp\/v2\/posts\/6005","targetHints":{"allow":["GET"]}}],"collection":[{"href":"https:\/\/www.elamazonico.com\/portal\/wp-json\/wp\/v2\/posts"}],"about":[{"href":"https:\/\/www.elamazonico.com\/portal\/wp-json\/wp\/v2\/types\/post"}],"author":[{"embeddable":true,"href":"https:\/\/www.elamazonico.com\/portal\/wp-json\/wp\/v2\/users\/1"}],"replies":[{"embeddable":true,"href":"https:\/\/www.elamazonico.com\/portal\/wp-json\/wp\/v2\/comments?post=6005"}],"version-history":[{"count":1,"href":"https:\/\/www.elamazonico.com\/portal\/wp-json\/wp\/v2\/posts\/6005\/revisions"}],"predecessor-version":[{"id":6007,"href":"https:\/\/www.elamazonico.com\/portal\/wp-json\/wp\/v2\/posts\/6005\/revisions\/6007"}],"wp:featuredmedia":[{"embeddable":true,"href":"https:\/\/www.elamazonico.com\/portal\/wp-json\/wp\/v2\/media\/6006"}],"wp:attachment":[{"href":"https:\/\/www.elamazonico.com\/portal\/wp-json\/wp\/v2\/media?parent=6005"}],"wp:term":[{"taxonomy":"category","embeddable":true,"href":"https:\/\/www.elamazonico.com\/portal\/wp-json\/wp\/v2\/categories?post=6005"},{"taxonomy":"post_tag","embeddable":true,"href":"https:\/\/www.elamazonico.com\/portal\/wp-json\/wp\/v2\/tags?post=6005"}],"curies":[{"name":"wp","href":"https:\/\/api.w.org\/{rel}","templated":true}]}}