{"id":5988,"date":"2022-09-26T17:05:38","date_gmt":"2022-09-26T22:05:38","guid":{"rendered":"https:\/\/www.elamazonico.com\/portal\/?p=5988"},"modified":"2022-09-26T17:05:52","modified_gmt":"2022-09-26T22:05:52","slug":"estudiantes-de-la-zona-7-rinden-homenaje-a-la-bandera-2","status":"publish","type":"post","link":"https:\/\/www.elamazonico.com\/portal\/estudiantes-de-la-zona-7-rinden-homenaje-a-la-bandera-2\/","title":{"rendered":"Estudiantes de la Zona 7 rinden homenaje a la Bandera"},"content":{"rendered":"\n<p><em>22 mil estudiantes de 3\u00b0 de Bachillerato de la Zona 7 juran y conmemoran el D\u00eda de la Bandera Nacional.&nbsp;&nbsp;&nbsp;&nbsp;&nbsp;<\/em><\/p>\n\n\n\n<p>La ma\u00f1ana de este lunes 26 de septiembre, en las instalaciones del Colegio de Bachillerato Beatriz Cueva de Ayora, se llev\u00f3 a efecto el evento de proclamaci\u00f3n de abanderados, escoltas y Juramento a la Bandera.<\/p>\n\n\n\n<p>Como primera parte del programa se dio la presentaci\u00f3n de los abanderados y escoltas, quienes han obtenido las m\u00e1s altas calificaciones hasta el 2.\u00b0 de Bachillerato.<\/p>\n\n\n\n<p>Luego de entonar las sagradas notas del Himno Nacional del Ecuador, se dio paso a la intervenci\u00f3n de Luz Dolores Salazar, quien ofreci\u00f3 una peque\u00f1a semblanza alusiva a la fecha.<\/p>\n\n\n\n<p>Con la lectura de la secretaria de la instituci\u00f3n M\u00f3nica Duque y la intervenci\u00f3n de Leonor Franco, rectora del plantel educativo, se procedi\u00f3 a la proclamaci\u00f3n de abanderados, portaestandartes y escoltas correspondientes a\u00f1o lectivo 2022-2023.<\/p>\n\n\n\n<p>Acto seguido, las principales autoridades de la instituci\u00f3n educativa y del Ministerio de Educaci\u00f3n encabezados por el coordinador Camilo Espinosa Pereira, se dio paso a la entrega de los pabellones a los abanderados.<\/p>\n\n\n\n<p>La estudiante Hainoa Mayin Robles Gir\u00f3n, en su intervenci\u00f3n como abanderada del Emblema Nacional, destac\u00f3 el apoyo tanto de sus padres y docentes durante sus a\u00f1os de estudio: \u201cPrimero que nada quiero agradecer a mis padres que han sido el pilar m\u00e1s importante en mi vida. Gracias por no dejarme vencer por las adversidades. A mi colegio por haberme dado la oportunidad de superarme cada d\u00eda, me da un gusto enorme pertenecer a esta instituci\u00f3n\u201d.<\/p>\n\n\n\n<p>Finalmente, se dio paso a la toma del Juramento Colectivo por parte del coordinador, Camilo Espinosa Pereira, quien aprovech\u00f3 la oportunidad para felicitar a los abanderados y escoltas por haber alcanzado las m\u00e1s altas calificaciones.\u00a0 \u201cHoy la Patria se siente honrada con 9 estudiantes brillantes, destacados que han demostrado dedicaci\u00f3n en su vida estudiantil, llevando delante los principios de honestidad en sus tareas estudiantiles\u201d, enfatiz\u00f3. En la Zona 7, m\u00e1s de 22 mil j\u00f3venes participan de los eventos en cada una de sus instituciones. En la provincia de Loja hay 8.259 estudiantes del sistema fiscal en 3.\u00b0 de Bachillerato; en la provincia de El Oro son 11.876 y en la provincia de Zamora Chinchipe son 1.973. <\/p>\n","protected":false},"excerpt":{"rendered":"<p>22 mil estudiantes de 3\u00b0 de Bachillerato de la Zona 7 juran y conmemoran el D\u00eda de la Bandera Nacional.&nbsp;&nbsp;&nbsp;&nbsp;&nbsp; La ma\u00f1ana de este lunes 26 de septiembre, en las instalaciones del Colegio de Bachillerato Beatriz Cueva de Ayora, se llev\u00f3 a efecto el evento de proclamaci\u00f3n de abanderados, escoltas y Juramento a la Bandera. Como primera parte del programa se dio la presentaci\u00f3n de los abanderados y escoltas, quienes han obtenido las m\u00e1s altas calificaciones hasta el 2.\u00b0 de Bachillerato. Luego de entonar las sagradas notas del Himno Nacional del Ecuador, se dio paso a la intervenci\u00f3n de Luz Dolores Salazar, quien ofreci\u00f3 una peque\u00f1a semblanza alusiva a la fecha. Con la lectura de la secretaria de la instituci\u00f3n M\u00f3nica Duque y la intervenci\u00f3n de Leonor Franco, rectora del plantel educativo, se procedi\u00f3 a la proclamaci\u00f3n de abanderados, portaestandartes y escoltas correspondientes a\u00f1o lectivo 2022-2023. Acto seguido, las principales autoridades de la instituci\u00f3n educativa y del Ministerio de Educaci\u00f3n encabezados por el coordinador Camilo Espinosa Pereira, se dio paso a la entrega de los pabellones a los abanderados. La estudiante Hainoa Mayin Robles Gir\u00f3n, en su intervenci\u00f3n como abanderada del Emblema Nacional, destac\u00f3 el apoyo tanto de sus padres y docentes durante sus a\u00f1os de estudio: \u201cPrimero que nada quiero agradecer a mis padres que han sido el pilar m\u00e1s importante en mi vida. Gracias por no dejarme vencer por las adversidades. A mi colegio por haberme dado la oportunidad de superarme cada d\u00eda, me da un gusto enorme pertenecer a esta instituci\u00f3n\u201d. Finalmente, se dio paso a la toma del Juramento Colectivo por parte del coordinador, Camilo Espinosa Pereira, quien aprovech\u00f3 la oportunidad para felicitar a los abanderados y escoltas por haber alcanzado las m\u00e1s altas calificaciones.\u00a0 \u201cHoy la Patria se siente honrada con 9 estudiantes brillantes, destacados que han demostrado dedicaci\u00f3n en su vida estudiantil, llevando delante los principios de honestidad en sus tareas estudiantiles\u201d, enfatiz\u00f3. En la Zona 7, m\u00e1s de 22 mil j\u00f3venes participan de los eventos en cada una de sus instituciones. En la provincia de Loja hay 8.259 estudiantes del sistema fiscal en 3.\u00b0 de Bachillerato; en la provincia de El Oro son 11.876 y en la provincia de Zamora Chinchipe son 1.973.<\/p>\n","protected":false},"author":1,"featured_media":5989,"comment_status":"open","ping_status":"open","sticky":false,"template":"","format":"standard","meta":{"footnotes":""},"categories":[243],"tags":[],"class_list":["post-5988","post","type-post","status-publish","format-standard","has-post-thumbnail","hentry","category-noticias-zamora"],"_links":{"self":[{"href":"https:\/\/www.elamazonico.com\/portal\/wp-json\/wp\/v2\/posts\/5988","targetHints":{"allow":["GET"]}}],"collection":[{"href":"https:\/\/www.elamazonico.com\/portal\/wp-json\/wp\/v2\/posts"}],"about":[{"href":"https:\/\/www.elamazonico.com\/portal\/wp-json\/wp\/v2\/types\/post"}],"author":[{"embeddable":true,"href":"https:\/\/www.elamazonico.com\/portal\/wp-json\/wp\/v2\/users\/1"}],"replies":[{"embeddable":true,"href":"https:\/\/www.elamazonico.com\/portal\/wp-json\/wp\/v2\/comments?post=5988"}],"version-history":[{"count":1,"href":"https:\/\/www.elamazonico.com\/portal\/wp-json\/wp\/v2\/posts\/5988\/revisions"}],"predecessor-version":[{"id":5990,"href":"https:\/\/www.elamazonico.com\/portal\/wp-json\/wp\/v2\/posts\/5988\/revisions\/5990"}],"wp:featuredmedia":[{"embeddable":true,"href":"https:\/\/www.elamazonico.com\/portal\/wp-json\/wp\/v2\/media\/5989"}],"wp:attachment":[{"href":"https:\/\/www.elamazonico.com\/portal\/wp-json\/wp\/v2\/media?parent=5988"}],"wp:term":[{"taxonomy":"category","embeddable":true,"href":"https:\/\/www.elamazonico.com\/portal\/wp-json\/wp\/v2\/categories?post=5988"},{"taxonomy":"post_tag","embeddable":true,"href":"https:\/\/www.elamazonico.com\/portal\/wp-json\/wp\/v2\/tags?post=5988"}],"curies":[{"name":"wp","href":"https:\/\/api.w.org\/{rel}","templated":true}]}}