{"id":5981,"date":"2022-09-26T06:05:18","date_gmt":"2022-09-26T11:05:18","guid":{"rendered":"https:\/\/www.elamazonico.com\/portal\/?p=5981"},"modified":"2022-09-26T06:05:33","modified_gmt":"2022-09-26T11:05:33","slug":"secap-finaliza-curso-de-soldadura-smaw","status":"publish","type":"post","link":"https:\/\/www.elamazonico.com\/portal\/secap-finaliza-curso-de-soldadura-smaw\/","title":{"rendered":"Secap finaliza curso de Soldadura SMAW"},"content":{"rendered":"\n<p>El <strong>Servicio Ecuatoriano de Capacitaci\u00f3n Profesional (Secap)<\/strong> clausuro en Zamora el curso de Soldadura por Arco con Electrodo Met\u00e1lico Revestido SMAW este curso se realiz\u00f3 con el fin de fortalecer las capacidades de la ciudadan\u00eda y actualizar y complementar conocimientos.<\/p>\n\n\n\n<p>En este proceso de capacitaci\u00f3n participaron 12 personas donde pondr\u00e1n en pr\u00e1ctica todo lo aprendido.<\/p>\n\n\n\n<p>El proceso de electrodo revestido manual, identificado por la <strong>AWS como Shield Metal Arc Welding, (SMAW),<\/strong> por sus siglas en ingl\u00e9s, es un <strong>proceso de soldadura<\/strong> por arco el\u00e9ctrico entre un electrodo revestido y un metal base.<\/p>\n\n\n\n<p>El arco produce una temperatura aproximadamente de <strong>3 mil 500 grados cent\u00edgrados<\/strong> en la punta del electrodo, superior a la necesaria para fundir la mayor\u00eda de los metales.<\/p>\n\n\n\n<p>El calor funde el metal base y el electrodo revestido, de esta manera, se genera una pileta l\u00edquida o ba\u00f1o de fusi\u00f3n que va solidificando a medida que el electrodo se mueve a lo largo de la junta.<\/p>\n\n\n\n<p><strong>El valor de este proceso de capacitaci\u00f3n tiene un costo de 75 d\u00f3lares,<\/strong> el mismo se llev\u00f3 a cabo en el <strong>Centro Operativo de Zamora.<\/strong><\/p>\n\n\n\n<p>El Director Zonal 7 Jos\u00e9 Antonio Cueva manifiesta que los interesados pueden comunicarse al n\u00famero 0979067826 &#8211; 0959866498para inscribirse o solicitar m\u00e1s informaci\u00f3n. (RMC) o pueden visitar la p\u00e1gina web <a href=\"http:\/\/www.secap.gob.ec\">www.secap.gob.ec<\/a> ah\u00ed podr\u00e1n encontrar toda la oferta de capacitaci\u00f3n y certificaci\u00f3n de competencias laborales.<\/p>\n\n\n\n<p><strong>SECAP Y GAD DE MACAR\u00c1 FIRMAN CONVENIO INTERINSTITUCIONAL.<\/strong><\/p>\n\n\n\n<p>Macar\u00e1. &#8211; El&nbsp;Servicio de Capacitaci\u00f3n Profesional (SECAP) y el Gobierno Aut\u00f3nomo Descentralizado del Cant\u00f3n Macar\u00e1, ,&nbsp; suscribieron un convenio de cooperaci\u00f3n interinstitucional para efectuar la capacitaci\u00f3n enfocada hacia el sector productivo, p\u00fablico ,personas naturales&nbsp; y atender las necesidades institucionales&nbsp; a fin de coadyuvar al desarrollo de las competencias , conocimientos habilidades y destrezas.<\/p>\n\n\n\n<p>Este convenio tiene por objeto realizar varias capacitaciones en distintas \u00e1reas, administrativas, t\u00e9cnicas, salud, productivo que se lo realizar\u00e1 en modalidades, presencial, virtual y online.<\/p>\n\n\n\n<p>El acuerdo busca establecer y delinear mecanismos que permitan a las dos instituciones establecer una alianza estrat\u00e9gica, para realizar actividades conjuntas de modo que coadyuven&nbsp;a lograr los objetivos institucionales, a trav\u00e9s de convenios espec\u00edficos.<\/p>\n\n\n\n<p>Durante la Sesi\u00f3n Solenme por los 120 a\u00f1os de cantonizaci\u00f3n de Macar\u00e1 se suscribi\u00f3 este convenio por parte de las dos instituciones, del SECAP el Director Zonal 7 Jos\u00e9 Antonio Cueva, y el Alcalde, Alfredo Suquilanda, donde se comprometieron a trabajar coordinadamente\u00a0 en funci\u00f3n de la correcta ejecuci\u00f3n del convenio. <\/p>\n","protected":false},"excerpt":{"rendered":"<p>El Servicio Ecuatoriano de Capacitaci\u00f3n Profesional (Secap) clausuro en Zamora el curso de Soldadura por Arco con Electrodo Met\u00e1lico Revestido SMAW este curso se realiz\u00f3 con el fin de fortalecer las capacidades de la ciudadan\u00eda y actualizar y complementar conocimientos. En este proceso de capacitaci\u00f3n participaron 12 personas donde pondr\u00e1n en pr\u00e1ctica todo lo aprendido. El proceso de electrodo revestido manual, identificado por la AWS como Shield Metal Arc Welding, (SMAW), por sus siglas en ingl\u00e9s, es un proceso de soldadura por arco el\u00e9ctrico entre un electrodo revestido y un metal base. El arco produce una temperatura aproximadamente de 3 mil 500 grados cent\u00edgrados en la punta del electrodo, superior a la necesaria para fundir la mayor\u00eda de los metales. El calor funde el metal base y el electrodo revestido, de esta manera, se genera una pileta l\u00edquida o ba\u00f1o de fusi\u00f3n que va solidificando a medida que el electrodo se mueve a lo largo de la junta. El valor de este proceso de capacitaci\u00f3n tiene un costo de 75 d\u00f3lares, el mismo se llev\u00f3 a cabo en el Centro Operativo de Zamora. El Director Zonal 7 Jos\u00e9 Antonio Cueva manifiesta que los interesados pueden comunicarse al n\u00famero 0979067826 &#8211; 0959866498para inscribirse o solicitar m\u00e1s informaci\u00f3n. (RMC) o pueden visitar la p\u00e1gina web www.secap.gob.ec ah\u00ed podr\u00e1n encontrar toda la oferta de capacitaci\u00f3n y certificaci\u00f3n de competencias laborales. SECAP Y GAD DE MACAR\u00c1 FIRMAN CONVENIO INTERINSTITUCIONAL. Macar\u00e1. &#8211; El&nbsp;Servicio de Capacitaci\u00f3n Profesional (SECAP) y el Gobierno Aut\u00f3nomo Descentralizado del Cant\u00f3n Macar\u00e1, ,&nbsp; suscribieron un convenio de cooperaci\u00f3n interinstitucional para efectuar la capacitaci\u00f3n enfocada hacia el sector productivo, p\u00fablico ,personas naturales&nbsp; y atender las necesidades institucionales&nbsp; a fin de coadyuvar al desarrollo de las competencias , conocimientos habilidades y destrezas. Este convenio tiene por objeto realizar varias capacitaciones en distintas \u00e1reas, administrativas, t\u00e9cnicas, salud, productivo que se lo realizar\u00e1 en modalidades, presencial, virtual y online. El acuerdo busca establecer y delinear mecanismos que permitan a las dos instituciones establecer una alianza estrat\u00e9gica, para realizar actividades conjuntas de modo que coadyuven&nbsp;a lograr los objetivos institucionales, a trav\u00e9s de convenios espec\u00edficos. Durante la Sesi\u00f3n Solenme por los 120 a\u00f1os de cantonizaci\u00f3n de Macar\u00e1 se suscribi\u00f3 este convenio por parte de las dos instituciones, del SECAP el Director Zonal 7 Jos\u00e9 Antonio Cueva, y el Alcalde, Alfredo Suquilanda, donde se comprometieron a trabajar coordinadamente\u00a0 en funci\u00f3n de la correcta ejecuci\u00f3n del convenio.<\/p>\n","protected":false},"author":1,"featured_media":5982,"comment_status":"open","ping_status":"open","sticky":false,"template":"","format":"standard","meta":{"footnotes":""},"categories":[268,243],"tags":[],"class_list":["post-5981","post","type-post","status-publish","format-standard","has-post-thumbnail","hentry","category-nacionales","category-noticias-zamora"],"_links":{"self":[{"href":"https:\/\/www.elamazonico.com\/portal\/wp-json\/wp\/v2\/posts\/5981","targetHints":{"allow":["GET"]}}],"collection":[{"href":"https:\/\/www.elamazonico.com\/portal\/wp-json\/wp\/v2\/posts"}],"about":[{"href":"https:\/\/www.elamazonico.com\/portal\/wp-json\/wp\/v2\/types\/post"}],"author":[{"embeddable":true,"href":"https:\/\/www.elamazonico.com\/portal\/wp-json\/wp\/v2\/users\/1"}],"replies":[{"embeddable":true,"href":"https:\/\/www.elamazonico.com\/portal\/wp-json\/wp\/v2\/comments?post=5981"}],"version-history":[{"count":1,"href":"https:\/\/www.elamazonico.com\/portal\/wp-json\/wp\/v2\/posts\/5981\/revisions"}],"predecessor-version":[{"id":5983,"href":"https:\/\/www.elamazonico.com\/portal\/wp-json\/wp\/v2\/posts\/5981\/revisions\/5983"}],"wp:featuredmedia":[{"embeddable":true,"href":"https:\/\/www.elamazonico.com\/portal\/wp-json\/wp\/v2\/media\/5982"}],"wp:attachment":[{"href":"https:\/\/www.elamazonico.com\/portal\/wp-json\/wp\/v2\/media?parent=5981"}],"wp:term":[{"taxonomy":"category","embeddable":true,"href":"https:\/\/www.elamazonico.com\/portal\/wp-json\/wp\/v2\/categories?post=5981"},{"taxonomy":"post_tag","embeddable":true,"href":"https:\/\/www.elamazonico.com\/portal\/wp-json\/wp\/v2\/tags?post=5981"}],"curies":[{"name":"wp","href":"https:\/\/api.w.org\/{rel}","templated":true}]}}