{"id":5974,"date":"2022-09-23T14:33:24","date_gmt":"2022-09-23T19:33:24","guid":{"rendered":"https:\/\/www.elamazonico.com\/portal\/?p=5974"},"modified":"2022-09-23T14:33:34","modified_gmt":"2022-09-23T19:33:34","slug":"el-teniente-caceres-no-actuo-solo-esa-es-una-certeza-que-tenemos","status":"publish","type":"post","link":"https:\/\/www.elamazonico.com\/portal\/el-teniente-caceres-no-actuo-solo-esa-es-una-certeza-que-tenemos\/","title":{"rendered":"&#8216;El teniente C\u00e1ceres no actu\u00f3 solo, esa es una certeza que tenemos&#8217;\u00a0"},"content":{"rendered":"\n<p>Gonzalo Matovelle, abogado de la familia Bernal Otavalo, dijo que la autopsia legal practicada a Mar\u00eda Bel\u00e9n Bernal, determin\u00f3 que \u201chay un traumatismo en la cabeza, pero el cr\u00e1neo est\u00e1 intacto, el cerebro tambi\u00e9n; hay una fractura post mortem en la pierna izquierda a la altura de la tibia. Y la principal causa de su muerte, sino la \u00fanica, es el estrangulamiento\u201d.<\/p>\n\n\n\n<p>Consultado si hay m\u00e1s involucrados, manifest\u00f3 que para ellos \u201ces imposible que el teniente Germ\u00e1n C\u00e1ceres haya actuado solo. Los grados de participaci\u00f3n e involucramiento ser\u00e1n determinados por la Fiscal\u00eda en el trascurso de la investigaci\u00f3n, sin olvidar que el principal sospechoso sigue siendo Germ\u00e1n C\u00e1ceres, que se encuentra pr\u00f3fugo.<\/p>\n\n\n\n<p>Este viernes a C\u00e1ceres ser\u00e1 procesado en ausencia. El caso que se inici\u00f3 como una desaparici\u00f3n, ahora cambiar\u00e1 de delito de femicidio. Ecuavisa\/jtr<\/p>\n","protected":false},"excerpt":{"rendered":"<p>Gonzalo Matovelle, abogado de la familia Bernal Otavalo, dijo que la autopsia legal practicada a Mar\u00eda Bel\u00e9n Bernal, determin\u00f3 que \u201chay un traumatismo en la cabeza, pero el cr\u00e1neo est\u00e1 intacto, el cerebro tambi\u00e9n; hay una fractura post mortem en la pierna izquierda a la altura de la tibia. Y la principal causa de su muerte, sino la \u00fanica, es el estrangulamiento\u201d. Consultado si hay m\u00e1s involucrados, manifest\u00f3 que para ellos \u201ces imposible que el teniente Germ\u00e1n C\u00e1ceres haya actuado solo. Los grados de participaci\u00f3n e involucramiento ser\u00e1n determinados por la Fiscal\u00eda en el trascurso de la investigaci\u00f3n, sin olvidar que el principal sospechoso sigue siendo Germ\u00e1n C\u00e1ceres, que se encuentra pr\u00f3fugo. Este viernes a C\u00e1ceres ser\u00e1 procesado en ausencia. El caso que se inici\u00f3 como una desaparici\u00f3n, ahora cambiar\u00e1 de delito de femicidio. Ecuavisa\/jtr<\/p>\n","protected":false},"author":1,"featured_media":5975,"comment_status":"open","ping_status":"open","sticky":false,"template":"","format":"standard","meta":{"footnotes":""},"categories":[268],"tags":[],"class_list":["post-5974","post","type-post","status-publish","format-standard","has-post-thumbnail","hentry","category-nacionales"],"_links":{"self":[{"href":"https:\/\/www.elamazonico.com\/portal\/wp-json\/wp\/v2\/posts\/5974","targetHints":{"allow":["GET"]}}],"collection":[{"href":"https:\/\/www.elamazonico.com\/portal\/wp-json\/wp\/v2\/posts"}],"about":[{"href":"https:\/\/www.elamazonico.com\/portal\/wp-json\/wp\/v2\/types\/post"}],"author":[{"embeddable":true,"href":"https:\/\/www.elamazonico.com\/portal\/wp-json\/wp\/v2\/users\/1"}],"replies":[{"embeddable":true,"href":"https:\/\/www.elamazonico.com\/portal\/wp-json\/wp\/v2\/comments?post=5974"}],"version-history":[{"count":1,"href":"https:\/\/www.elamazonico.com\/portal\/wp-json\/wp\/v2\/posts\/5974\/revisions"}],"predecessor-version":[{"id":5976,"href":"https:\/\/www.elamazonico.com\/portal\/wp-json\/wp\/v2\/posts\/5974\/revisions\/5976"}],"wp:featuredmedia":[{"embeddable":true,"href":"https:\/\/www.elamazonico.com\/portal\/wp-json\/wp\/v2\/media\/5975"}],"wp:attachment":[{"href":"https:\/\/www.elamazonico.com\/portal\/wp-json\/wp\/v2\/media?parent=5974"}],"wp:term":[{"taxonomy":"category","embeddable":true,"href":"https:\/\/www.elamazonico.com\/portal\/wp-json\/wp\/v2\/categories?post=5974"},{"taxonomy":"post_tag","embeddable":true,"href":"https:\/\/www.elamazonico.com\/portal\/wp-json\/wp\/v2\/tags?post=5974"}],"curies":[{"name":"wp","href":"https:\/\/api.w.org\/{rel}","templated":true}]}}