{"id":5870,"date":"2022-09-15T14:38:30","date_gmt":"2022-09-15T19:38:30","guid":{"rendered":"https:\/\/www.elamazonico.com\/portal\/?p=5870"},"modified":"2022-09-15T14:38:34","modified_gmt":"2022-09-15T19:38:34","slug":"emprendedores-utpl-exponen-sus-productos-en-feria-de-loja","status":"publish","type":"post","link":"https:\/\/www.elamazonico.com\/portal\/emprendedores-utpl-exponen-sus-productos-en-feria-de-loja\/","title":{"rendered":"Emprendedores UTPL exponen sus productos en Feria de Loja"},"content":{"rendered":"\n<p><em>Alimentos, artesan\u00edas y textiles, son algunos de los productos comercializados en la 193 Feria de Loja, por emprendedores beneficiados con capital semilla.<\/em><\/p>\n\n\n\n<p>La Universidad T\u00e9cnica Particular de Loja (UTPL), por medio del financiamiento del Fondo \u00cdtalo Ecuatoriano para el Desarrollo Sostenible (FIEDS), permite que emprendedores lojanos y venezolanos residentes en la localidad consoliden sus ideas de negocio.<\/p>\n\n\n\n<p>En 2020, la UTPL y FIEDS firmaron un convenio denominado: \u201cFortalecimiento de la Red integral de apoyo a la poblaci\u00f3n migrante venezolana y receptora con enfoque en generaci\u00f3n de capacidades y empleo a trav\u00e9s de incubaci\u00f3n de emprendimientos, mediante acceso a capital semilla\u201d. Como parte de este convenio, en 2021, cerca de 80 personas recibieron aportes econ\u00f3micos, lo que les permiti\u00f3 poner en marcha sus emprendimientos. Tras varios meses de arduo trabajo, los beneficiarios han logrado crear innovadores productos, que desde el pasado 27 de agosto de 2022, se exhiben, promocionan y comercializan en la Nave de Emprendimientos de la 193 Feria de Loja. A ello se suman 15 emprendedores que son parte del Centro de Innovaci\u00f3n y Emprendimiento Prendho \u2013 UTPL, quienes tambi\u00e9n socializan sus propuestas con la colectividad.<\/p>\n\n\n\n<p>Vicente Torres, director del proyecto FIEDS UTPL, manifiesta que esta iniciativa, surgida desde la academia, promueve la vinculaci\u00f3n de los emprendedores con el p\u00fablico objetivo, a trav\u00e9s de productos debidamente elaborados, registrados y que cumplen con las normas sanitarias. Explica que la C\u00e1tedra de Innovaci\u00f3n y Emprendimiento UTPL, Prendho, y la Facultad Ciencias Econ\u00f3micas y Empresariales, son algunos de los actores claves que han sumado esfuerzos para ejecutar este proyecto y obtener excelentes resultados.<\/p>\n\n\n\n<p>\u201cTenemos emprendimientos enfocados en la reposter\u00eda, caf\u00e9, bebidas, textiles, alimentos, entre otras iniciativas interesantes de conocer. Considero que el marco para que se puedan exponer estas ideas es la Feria de Loja, ya que permite que la ciudadan\u00eda conozca lo que se est\u00e1 haciendo desde la universidad\u201d, sostiene Torres.<\/p>\n\n\n\n<p>Por su parte, Mar\u00eda Dolores Mahuad, coordinadora de la C\u00e1tedra de Innovaci\u00f3n y Emprendimiento UTPL, indica que desde esta instancia capacitan y dan seguimiento a los emprendedores para crear modelos sustentables. Agrega que la Feria de Loja es una plataforma para que estas propuestas tengan el alcance esperado, reactivando as\u00ed la econom\u00eda y generando mayores plazas de trabajo.<\/p>\n\n\n\n<p>Al dialogar con los emprendedores beneficiarios del capital semilla se puede sentir su entusiasmo y amor por lo que hacen, ya que gracias a las capacitaciones y aportes econ\u00f3micos que les fueron entregados en 2021, han podido hacer realidad su sue\u00f1o de tener su propio negocio, tal como lo se\u00f1ala Enith Ulloa. Esta emprendedora lojana integra el proyecto familiar \u2018Rumpa\u2019, dedicado a la elaboraci\u00f3n de alcoholes org\u00e1nicos y aceites esenciales con aroma a eucalipto, lavanda, naranja, canela y romero, los cuales ayudan a relajar la mente, desinflamar las v\u00edas respiratorias y conciliar el sue\u00f1o.<\/p>\n\n\n\n<p>Con respecto a la aceptaci\u00f3n del p\u00fablico lojano, Enith comenta que \u201cRumpa ha tenido una muy buena acogida dentro de la Feria de Loja, por lo que debemos agradecer a FIEDS y UTPL por el apoyo brindado. Estoy sorprendida porque muchas personas llegan a mi stand y se interesan por lo que presentamos\u201d.<\/p>\n\n\n\n<p>Otra de las beneficiarias del capital semilla es \u00c9rika G\u00f3mez, propietaria de \u2018Hidrocrops\u2019, un emprendimiento lojano pensado en la adaptabilidad de huertos en espacios reducidos dentro del hogar. Explica que con esta iniciativa impulsan la siembra y consumo de alimentos libres de qu\u00edmicos, precautelando la salud de las personas. A su criterio, el financiamiento otorgado por el FIEDS les ha permitido comprar art\u00edculos para consolidar el proyecto y finalmente lanzarlo al mercado.<\/p>\n\n\n\n<p>Finalmente, invit\u00f3 a la ciudadan\u00eda a que visite \u2018Hidrocrops\u2019 y el resto de las propuestas ubicadas en la Nave de Emprendimientos hasta el domingo 18 de septiembre, d\u00eda en que concluye la 193 Feria de Loja.<\/p>\n\n\n\n<p><strong>DATO<\/strong><\/p>\n\n\n\n<p>El convenio UTPL \u2013 FIEDS termina en diciembre de 2022, sin embargo, las autoridades universitarias est\u00e1n dispuestas a seguir postulando por financiamiento internacional, a fin de dar continuidad a este tipo de actividades que dinamizan la econom\u00eda y aportan al desarrollo local.<\/p>\n","protected":false},"excerpt":{"rendered":"<p>Alimentos, artesan\u00edas y textiles, son algunos de los productos comercializados en la 193 Feria de Loja, por emprendedores beneficiados con capital semilla. La Universidad T\u00e9cnica Particular de Loja (UTPL), por medio del financiamiento del Fondo \u00cdtalo Ecuatoriano para el Desarrollo Sostenible (FIEDS), permite que emprendedores lojanos y venezolanos residentes en la localidad consoliden sus ideas de negocio. En 2020, la UTPL y FIEDS firmaron un convenio denominado: \u201cFortalecimiento de la Red integral de apoyo a la poblaci\u00f3n migrante venezolana y receptora con enfoque en generaci\u00f3n de capacidades y empleo a trav\u00e9s de incubaci\u00f3n de emprendimientos, mediante acceso a capital semilla\u201d. Como parte de este convenio, en 2021, cerca de 80 personas recibieron aportes econ\u00f3micos, lo que les permiti\u00f3 poner en marcha sus emprendimientos. Tras varios meses de arduo trabajo, los beneficiarios han logrado crear innovadores productos, que desde el pasado 27 de agosto de 2022, se exhiben, promocionan y comercializan en la Nave de Emprendimientos de la 193 Feria de Loja. A ello se suman 15 emprendedores que son parte del Centro de Innovaci\u00f3n y Emprendimiento Prendho \u2013 UTPL, quienes tambi\u00e9n socializan sus propuestas con la colectividad. Vicente Torres, director del proyecto FIEDS UTPL, manifiesta que esta iniciativa, surgida desde la academia, promueve la vinculaci\u00f3n de los emprendedores con el p\u00fablico objetivo, a trav\u00e9s de productos debidamente elaborados, registrados y que cumplen con las normas sanitarias. Explica que la C\u00e1tedra de Innovaci\u00f3n y Emprendimiento UTPL, Prendho, y la Facultad Ciencias Econ\u00f3micas y Empresariales, son algunos de los actores claves que han sumado esfuerzos para ejecutar este proyecto y obtener excelentes resultados. \u201cTenemos emprendimientos enfocados en la reposter\u00eda, caf\u00e9, bebidas, textiles, alimentos, entre otras iniciativas interesantes de conocer. Considero que el marco para que se puedan exponer estas ideas es la Feria de Loja, ya que permite que la ciudadan\u00eda conozca lo que se est\u00e1 haciendo desde la universidad\u201d, sostiene Torres. Por su parte, Mar\u00eda Dolores Mahuad, coordinadora de la C\u00e1tedra de Innovaci\u00f3n y Emprendimiento UTPL, indica que desde esta instancia capacitan y dan seguimiento a los emprendedores para crear modelos sustentables. Agrega que la Feria de Loja es una plataforma para que estas propuestas tengan el alcance esperado, reactivando as\u00ed la econom\u00eda y generando mayores plazas de trabajo. Al dialogar con los emprendedores beneficiarios del capital semilla se puede sentir su entusiasmo y amor por lo que hacen, ya que gracias a las capacitaciones y aportes econ\u00f3micos que les fueron entregados en 2021, han podido hacer realidad su sue\u00f1o de tener su propio negocio, tal como lo se\u00f1ala Enith Ulloa. Esta emprendedora lojana integra el proyecto familiar \u2018Rumpa\u2019, dedicado a la elaboraci\u00f3n de alcoholes org\u00e1nicos y aceites esenciales con aroma a eucalipto, lavanda, naranja, canela y romero, los cuales ayudan a relajar la mente, desinflamar las v\u00edas respiratorias y conciliar el sue\u00f1o. Con respecto a la aceptaci\u00f3n del p\u00fablico lojano, Enith comenta que \u201cRumpa ha tenido una muy buena acogida dentro de la Feria de Loja, por lo que debemos agradecer a FIEDS y UTPL por el apoyo brindado. Estoy sorprendida porque muchas personas llegan a mi stand y se interesan por lo que presentamos\u201d. Otra de las beneficiarias del capital semilla es \u00c9rika G\u00f3mez, propietaria de \u2018Hidrocrops\u2019, un emprendimiento lojano pensado en la adaptabilidad de huertos en espacios reducidos dentro del hogar. Explica que con esta iniciativa impulsan la siembra y consumo de alimentos libres de qu\u00edmicos, precautelando la salud de las personas. A su criterio, el financiamiento otorgado por el FIEDS les ha permitido comprar art\u00edculos para consolidar el proyecto y finalmente lanzarlo al mercado. Finalmente, invit\u00f3 a la ciudadan\u00eda a que visite \u2018Hidrocrops\u2019 y el resto de las propuestas ubicadas en la Nave de Emprendimientos hasta el domingo 18 de septiembre, d\u00eda en que concluye la 193 Feria de Loja. DATO El convenio UTPL \u2013 FIEDS termina en diciembre de 2022, sin embargo, las autoridades universitarias est\u00e1n dispuestas a seguir postulando por financiamiento internacional, a fin de dar continuidad a este tipo de actividades que dinamizan la econom\u00eda y aportan al desarrollo local.<\/p>\n","protected":false},"author":1,"featured_media":5871,"comment_status":"open","ping_status":"open","sticky":false,"template":"","format":"standard","meta":{"footnotes":""},"categories":[268],"tags":[],"class_list":["post-5870","post","type-post","status-publish","format-standard","has-post-thumbnail","hentry","category-nacionales"],"_links":{"self":[{"href":"https:\/\/www.elamazonico.com\/portal\/wp-json\/wp\/v2\/posts\/5870","targetHints":{"allow":["GET"]}}],"collection":[{"href":"https:\/\/www.elamazonico.com\/portal\/wp-json\/wp\/v2\/posts"}],"about":[{"href":"https:\/\/www.elamazonico.com\/portal\/wp-json\/wp\/v2\/types\/post"}],"author":[{"embeddable":true,"href":"https:\/\/www.elamazonico.com\/portal\/wp-json\/wp\/v2\/users\/1"}],"replies":[{"embeddable":true,"href":"https:\/\/www.elamazonico.com\/portal\/wp-json\/wp\/v2\/comments?post=5870"}],"version-history":[{"count":1,"href":"https:\/\/www.elamazonico.com\/portal\/wp-json\/wp\/v2\/posts\/5870\/revisions"}],"predecessor-version":[{"id":5872,"href":"https:\/\/www.elamazonico.com\/portal\/wp-json\/wp\/v2\/posts\/5870\/revisions\/5872"}],"wp:featuredmedia":[{"embeddable":true,"href":"https:\/\/www.elamazonico.com\/portal\/wp-json\/wp\/v2\/media\/5871"}],"wp:attachment":[{"href":"https:\/\/www.elamazonico.com\/portal\/wp-json\/wp\/v2\/media?parent=5870"}],"wp:term":[{"taxonomy":"category","embeddable":true,"href":"https:\/\/www.elamazonico.com\/portal\/wp-json\/wp\/v2\/categories?post=5870"},{"taxonomy":"post_tag","embeddable":true,"href":"https:\/\/www.elamazonico.com\/portal\/wp-json\/wp\/v2\/tags?post=5870"}],"curies":[{"name":"wp","href":"https:\/\/api.w.org\/{rel}","templated":true}]}}