{"id":5867,"date":"2022-09-15T12:31:57","date_gmt":"2022-09-15T17:31:57","guid":{"rendered":"https:\/\/www.elamazonico.com\/portal\/?p=5867"},"modified":"2022-09-15T12:32:07","modified_gmt":"2022-09-15T17:32:07","slug":"fiscalia-procesa-a-grupo-delincuencial-dedicado-al-robo-de-locales-comerciales","status":"publish","type":"post","link":"https:\/\/www.elamazonico.com\/portal\/fiscalia-procesa-a-grupo-delincuencial-dedicado-al-robo-de-locales-comerciales\/","title":{"rendered":"Fiscal\u00eda procesa a grupo delincuencial dedicado al robo de locales comerciales"},"content":{"rendered":"\n<p>Por el presunto delito de asociaci\u00f3n il\u00edcita y con base en los elementos de convicci\u00f3n presentados por Fiscal\u00eda, Juez de Garant\u00edas Penales dict\u00f3 prisi\u00f3n preventiva en contra de Santiago Alfredo G. A., Marco Vinicio Ch. R., Manuel Mes\u00edas Ch. N. y Luis Alfredo G. F., mientras que para Luz Ang\u00e9lica Ch. R. y M\u00f3nica Adriana B. T., medidas alternativas a la prisi\u00f3n como presentaci\u00f3n peri\u00f3dica y prohibici\u00f3n de salida del pa\u00eds.<\/p>\n\n\n\n<p>El magistrado tambi\u00e9n dispuso una instrucci\u00f3n fiscal de 90 d\u00edas para profundizar en la investigaci\u00f3n (que inici\u00f3 en febrero de 2022) en contra de los procesados.<\/p>\n\n\n\n<p>En la audiencia de formulaci\u00f3n de cargos, el fiscal Jorge Basantes, relat\u00f3 que, desde hace varios meses, los hoy procesados habr\u00edan estado realizando actividades il\u00edcitas en el cant\u00f3n Ambato, como robo de veh\u00edculos, locales comerciales y casas. El \u00faltimo hecho registrado fue el robo de una granja av\u00edcola en donde se habr\u00edan extra\u00eddo toda la producci\u00f3n de la misma.<\/p>\n\n\n\n<p>La madrugada del 14 de septiembre, Fiscal\u00eda, en coordinaci\u00f3n con Polic\u00eda Nacional, desarticul\u00f3 a la banda mediante allanamientos y la ejecuci\u00f3n de boletas de detenci\u00f3n con fines investigativos. El operativo se desarroll\u00f3 en varios sectores de Ambato.<\/p>\n\n\n\n<p>En la diligencia se incautaron 4 veh\u00edculos, 15 terminales m\u00f3viles, 36 paquetes de comida para mascotas, 18 prendas de vestir, 2 relojes, 4 billeteras, 18 autopartes, 310 d\u00f3lares americanos, 5 televisores, 7 equipos electr\u00f3nicos, 1 lector de tarjetas, 7 herramientas, 41 paquetes de limpieza, a m\u00e1s de producci\u00f3n av\u00edcola (905 bandejas de huevos) guardada en bodegas.<\/p>\n\n\n\n<p>Para sustentar el inicio del proceso penal en su contra, Fiscal\u00eda present\u00f3 ante el Juez elementos de cargo como: el informe investigativo de seguimientos y vigilancias emitido por la Polic\u00eda Judicial, en donde se podr\u00eda verificar sus actuaciones y presunta participaci\u00f3n en el hecho, el reconocimiento del lugar de los hechos y evidencias, las \u00f3rdenes de detenci\u00f3n con fines investigativos, las \u00f3rdenes de allanamiento debidamente autorizadas, versiones, entre otros elementos.<\/p>\n\n\n\n<p>En delito de asociaci\u00f3n il\u00edcita est\u00e1 tipificado en el art\u00edculo 370 del C\u00f3digo Org\u00e1nico Integral Penal (COIP). (I)<\/p>\n","protected":false},"excerpt":{"rendered":"<p>Por el presunto delito de asociaci\u00f3n il\u00edcita y con base en los elementos de convicci\u00f3n presentados por Fiscal\u00eda, Juez de Garant\u00edas Penales dict\u00f3 prisi\u00f3n preventiva en contra de Santiago Alfredo G. A., Marco Vinicio Ch. R., Manuel Mes\u00edas Ch. N. y Luis Alfredo G. F., mientras que para Luz Ang\u00e9lica Ch. R. y M\u00f3nica Adriana B. T., medidas alternativas a la prisi\u00f3n como presentaci\u00f3n peri\u00f3dica y prohibici\u00f3n de salida del pa\u00eds. El magistrado tambi\u00e9n dispuso una instrucci\u00f3n fiscal de 90 d\u00edas para profundizar en la investigaci\u00f3n (que inici\u00f3 en febrero de 2022) en contra de los procesados. En la audiencia de formulaci\u00f3n de cargos, el fiscal Jorge Basantes, relat\u00f3 que, desde hace varios meses, los hoy procesados habr\u00edan estado realizando actividades il\u00edcitas en el cant\u00f3n Ambato, como robo de veh\u00edculos, locales comerciales y casas. El \u00faltimo hecho registrado fue el robo de una granja av\u00edcola en donde se habr\u00edan extra\u00eddo toda la producci\u00f3n de la misma. La madrugada del 14 de septiembre, Fiscal\u00eda, en coordinaci\u00f3n con Polic\u00eda Nacional, desarticul\u00f3 a la banda mediante allanamientos y la ejecuci\u00f3n de boletas de detenci\u00f3n con fines investigativos. El operativo se desarroll\u00f3 en varios sectores de Ambato. En la diligencia se incautaron 4 veh\u00edculos, 15 terminales m\u00f3viles, 36 paquetes de comida para mascotas, 18 prendas de vestir, 2 relojes, 4 billeteras, 18 autopartes, 310 d\u00f3lares americanos, 5 televisores, 7 equipos electr\u00f3nicos, 1 lector de tarjetas, 7 herramientas, 41 paquetes de limpieza, a m\u00e1s de producci\u00f3n av\u00edcola (905 bandejas de huevos) guardada en bodegas. Para sustentar el inicio del proceso penal en su contra, Fiscal\u00eda present\u00f3 ante el Juez elementos de cargo como: el informe investigativo de seguimientos y vigilancias emitido por la Polic\u00eda Judicial, en donde se podr\u00eda verificar sus actuaciones y presunta participaci\u00f3n en el hecho, el reconocimiento del lugar de los hechos y evidencias, las \u00f3rdenes de detenci\u00f3n con fines investigativos, las \u00f3rdenes de allanamiento debidamente autorizadas, versiones, entre otros elementos. En delito de asociaci\u00f3n il\u00edcita est\u00e1 tipificado en el art\u00edculo 370 del C\u00f3digo Org\u00e1nico Integral Penal (COIP). (I)<\/p>\n","protected":false},"author":1,"featured_media":5868,"comment_status":"open","ping_status":"open","sticky":false,"template":"","format":"standard","meta":{"footnotes":""},"categories":[268],"tags":[],"class_list":["post-5867","post","type-post","status-publish","format-standard","has-post-thumbnail","hentry","category-nacionales"],"_links":{"self":[{"href":"https:\/\/www.elamazonico.com\/portal\/wp-json\/wp\/v2\/posts\/5867","targetHints":{"allow":["GET"]}}],"collection":[{"href":"https:\/\/www.elamazonico.com\/portal\/wp-json\/wp\/v2\/posts"}],"about":[{"href":"https:\/\/www.elamazonico.com\/portal\/wp-json\/wp\/v2\/types\/post"}],"author":[{"embeddable":true,"href":"https:\/\/www.elamazonico.com\/portal\/wp-json\/wp\/v2\/users\/1"}],"replies":[{"embeddable":true,"href":"https:\/\/www.elamazonico.com\/portal\/wp-json\/wp\/v2\/comments?post=5867"}],"version-history":[{"count":1,"href":"https:\/\/www.elamazonico.com\/portal\/wp-json\/wp\/v2\/posts\/5867\/revisions"}],"predecessor-version":[{"id":5869,"href":"https:\/\/www.elamazonico.com\/portal\/wp-json\/wp\/v2\/posts\/5867\/revisions\/5869"}],"wp:featuredmedia":[{"embeddable":true,"href":"https:\/\/www.elamazonico.com\/portal\/wp-json\/wp\/v2\/media\/5868"}],"wp:attachment":[{"href":"https:\/\/www.elamazonico.com\/portal\/wp-json\/wp\/v2\/media?parent=5867"}],"wp:term":[{"taxonomy":"category","embeddable":true,"href":"https:\/\/www.elamazonico.com\/portal\/wp-json\/wp\/v2\/categories?post=5867"},{"taxonomy":"post_tag","embeddable":true,"href":"https:\/\/www.elamazonico.com\/portal\/wp-json\/wp\/v2\/tags?post=5867"}],"curies":[{"name":"wp","href":"https:\/\/api.w.org\/{rel}","templated":true}]}}