{"id":5777,"date":"2022-09-09T17:29:22","date_gmt":"2022-09-09T22:29:22","guid":{"rendered":"https:\/\/www.elamazonico.com\/portal\/?p=5777"},"modified":"2022-09-09T17:30:32","modified_gmt":"2022-09-09T22:30:32","slug":"mesa-de-control-de-precios-firmo-el-acta-de-cierre-con-cinco-acuerdos%ef%bf%bc","status":"publish","type":"post","link":"https:\/\/www.elamazonico.com\/portal\/mesa-de-control-de-precios-firmo-el-acta-de-cierre-con-cinco-acuerdos%ef%bf%bc\/","title":{"rendered":"Mesa de Control de Precios firm\u00f3 el acta de cierre con cinco acuerdos\ufffc"},"content":{"rendered":"\n<p>La&nbsp;Mesa de Control de Precios inform\u00f3 sobre la firma del acta de cierre con cinco acuerdos, entre los representantes del Gobierno y los dirigentes de organizaciones sociales e ind\u00edgenas, este viernes 9 de septiembre del 2022. As\u00ed lo confirm\u00f3 el Ministerio de Gobierno, a trav\u00e9s de sus canales oficiales.&nbsp;<\/p>\n\n\n\n<p>La firma se estamp\u00f3 en la sede de la Conferencia Episcopal Ecuatoriana, en donde se han desarrollado las mesas de di\u00e1logo tras la finalizaci\u00f3n del paro nacional desde el pasado 30 de junio del 2022.&nbsp;<\/p>\n\n\n\n<p>Esta fue la segunda mesa de di\u00e1logo que cerr\u00f3 con acuerdos tangibles, pues este mismo viernes tambi\u00e9n se confirm\u00f3 el cierre de la de\u00a0Energ\u00eda y Recursos Naturales.\u00a0Fuente: El Tel\u00e9grafo <\/p>\n\n\n\n<figure class=\"wp-block-embed is-type-rich is-provider-twitter wp-block-embed-twitter\"><div class=\"wp-block-embed__wrapper\">\n<blockquote class=\"twitter-tweet\" data-width=\"550\" data-dnt=\"true\"><p lang=\"es\" dir=\"ltr\">En la <a href=\"https:\/\/twitter.com\/Confepec?ref_src=twsrc%5Etfw\">@Confepec<\/a>, con el liderazgo de <a href=\"https:\/\/twitter.com\/achanguin?ref_src=twsrc%5Etfw\">@achanguin<\/a>, viceministra de <a href=\"https:\/\/twitter.com\/MinGobiernoEc?ref_src=twsrc%5Etfw\">@MinGobiernoEc<\/a>, delegados del Gobierno Central y de las organizaciones sociales e ind\u00edgenas, se realiz\u00f3 la firma del acta de cierre de la <a href=\"https:\/\/twitter.com\/hashtag\/MesaControlDePrecios?src=hash&amp;ref_src=twsrc%5Etfw\">#MesaControlDePrecios<\/a>, alcanzando 5 acuerdos. <a href=\"https:\/\/t.co\/fdxoUgAfiA\">pic.twitter.com\/fdxoUgAfiA<\/a><\/p>&mdash; Ministerio de Gobierno Ecuador (@MinGobiernoEc) <a href=\"https:\/\/twitter.com\/MinGobiernoEc\/status\/1568328119336960000?ref_src=twsrc%5Etfw\">September 9, 2022<\/a><\/blockquote><script async src=\"https:\/\/platform.twitter.com\/widgets.js\" charset=\"utf-8\"><\/script>\n<\/div><\/figure>\n","protected":false},"excerpt":{"rendered":"<p>La&nbsp;Mesa de Control de Precios inform\u00f3 sobre la firma del acta de cierre con cinco acuerdos, entre los representantes del Gobierno y los dirigentes de organizaciones sociales e ind\u00edgenas, este viernes 9 de septiembre del 2022. As\u00ed lo confirm\u00f3 el Ministerio de Gobierno, a trav\u00e9s de sus canales oficiales.&nbsp; La firma se estamp\u00f3 en la sede de la Conferencia Episcopal Ecuatoriana, en donde se han desarrollado las mesas de di\u00e1logo tras la finalizaci\u00f3n del paro nacional desde el pasado 30 de junio del 2022.&nbsp; Esta fue la segunda mesa de di\u00e1logo que cerr\u00f3 con acuerdos tangibles, pues este mismo viernes tambi\u00e9n se confirm\u00f3 el cierre de la de\u00a0Energ\u00eda y Recursos Naturales.\u00a0Fuente: El Tel\u00e9grafo<\/p>\n","protected":false},"author":1,"featured_media":5778,"comment_status":"open","ping_status":"open","sticky":false,"template":"","format":"standard","meta":{"footnotes":""},"categories":[268],"tags":[],"class_list":["post-5777","post","type-post","status-publish","format-standard","has-post-thumbnail","hentry","category-nacionales"],"_links":{"self":[{"href":"https:\/\/www.elamazonico.com\/portal\/wp-json\/wp\/v2\/posts\/5777","targetHints":{"allow":["GET"]}}],"collection":[{"href":"https:\/\/www.elamazonico.com\/portal\/wp-json\/wp\/v2\/posts"}],"about":[{"href":"https:\/\/www.elamazonico.com\/portal\/wp-json\/wp\/v2\/types\/post"}],"author":[{"embeddable":true,"href":"https:\/\/www.elamazonico.com\/portal\/wp-json\/wp\/v2\/users\/1"}],"replies":[{"embeddable":true,"href":"https:\/\/www.elamazonico.com\/portal\/wp-json\/wp\/v2\/comments?post=5777"}],"version-history":[{"count":1,"href":"https:\/\/www.elamazonico.com\/portal\/wp-json\/wp\/v2\/posts\/5777\/revisions"}],"predecessor-version":[{"id":5779,"href":"https:\/\/www.elamazonico.com\/portal\/wp-json\/wp\/v2\/posts\/5777\/revisions\/5779"}],"wp:featuredmedia":[{"embeddable":true,"href":"https:\/\/www.elamazonico.com\/portal\/wp-json\/wp\/v2\/media\/5778"}],"wp:attachment":[{"href":"https:\/\/www.elamazonico.com\/portal\/wp-json\/wp\/v2\/media?parent=5777"}],"wp:term":[{"taxonomy":"category","embeddable":true,"href":"https:\/\/www.elamazonico.com\/portal\/wp-json\/wp\/v2\/categories?post=5777"},{"taxonomy":"post_tag","embeddable":true,"href":"https:\/\/www.elamazonico.com\/portal\/wp-json\/wp\/v2\/tags?post=5777"}],"curies":[{"name":"wp","href":"https:\/\/api.w.org\/{rel}","templated":true}]}}