{"id":5774,"date":"2022-09-09T15:45:54","date_gmt":"2022-09-09T20:45:54","guid":{"rendered":"https:\/\/www.elamazonico.com\/portal\/?p=5774"},"modified":"2022-09-09T15:46:04","modified_gmt":"2022-09-09T20:46:04","slug":"cinco-mesas-de-dialogo-han-logrado-coincidencias-y-consensos-entre-gobierno-y-movimientos-indigenas","status":"publish","type":"post","link":"https:\/\/www.elamazonico.com\/portal\/cinco-mesas-de-dialogo-han-logrado-coincidencias-y-consensos-entre-gobierno-y-movimientos-indigenas\/","title":{"rendered":"Cinco mesas de di\u00e1logo han logrado coincidencias y consensos entre Gobierno y movimientos ind\u00edgenas"},"content":{"rendered":"\n<p>A dos meses de que arrancaran las mesas de di\u00e1logo entre el Gobierno Nacional y los movimientos ind\u00edgenas, los representantes de las carteras p\u00fablicas destacaron los avances y consensos alcanzados para establecer acuerdos en beneficio de todos los ecuatorianos.&nbsp;<\/p>\n\n\n\n<p>La noche de este jueves 8 de septiembre de 2022, Ecuador TV realiz\u00f3 un panel para conocer los progresos durante la ejecuci\u00f3n de las mesas relacionadas a tem\u00e1ticas como&nbsp;Subsidios, Banca P\u00fablica y Privada, Fomento Productivo, Control de Precios y Recursos Naturales.<\/p>\n\n\n\n<p>Bernardo Manzano, ministro de Agricultura, se\u00f1al\u00f3 que en la mesa t\u00e9cnica de Fomento Productivo han existido cuatro puntos relacionados a acuerdos comerciales, regal\u00edas flor\u00edcolas, agricultura campesina y control de precios e intermediaci\u00f3n. El Ministro se\u00f1al\u00f3 que se integrar\u00e1n comisiones agr\u00edcolas para entablar las negociaciones por los Tratados de Libre Comercio. La idea es que los productos locales no se vean afectados y adem\u00e1s tengan presencia en mercados internacionales.&nbsp;<\/p>\n\n\n\n<p>Sobre los controles de precios, Manzano apunt\u00f3 a 13 productos agr\u00edcolas en los que se definir\u00e1 un valor establecido para su compra a los productores y su venta posterior en los mercados. Tambi\u00e9n se plantea un control a la intermediaci\u00f3n.&nbsp;<\/p>\n\n\n\n<p>\u00abEstamos buscando precios comunes tanto de los mayoristas como de los productores. De esta manera se ayuda al productor a conocer al productor c\u00f3mo est\u00e1 el mercado en los diferentes puntos del pa\u00eds para as\u00ed aceptar un precio. Queremos quitar de las cadenas al intermediario que hace que se distorcione y hace que gane menos el peque\u00f1o productor\u00bb, apunt\u00f3 Manzano.&nbsp;<\/p>\n\n\n\n<p>Ana Changu\u00edn, viceministra de Gobernabilidad, apunt\u00f3 al valor democr\u00e1tico que han tenido las mesas de di\u00e1logo y dijo que fruto de los acuerdos de paza firmados en junio se han logrado beneficios para los ecuatorianos como la condonaci\u00f3n de deudas de hasta USD 3 000 con Ban Ecuador y entrega de cr\u00e9ditos productivos al 1% de inter\u00e9s, a 30 a\u00f1os plazo.&nbsp;<\/p>\n\n\n\n<p>Por su parte, Gustavo Manrique, ministro de Ambiente, Agua y Transici\u00f3n Ecol\u00f3gica, destac\u00f3 que los avances en la mesa de Recursos Naturales han propiciado acuerdos como la derogatoria de nuevas actividades petroleras, la consulta previa con las comunidades en temas de extracci\u00f3n minera, la protecci\u00f3n de los recursos h\u00eddricos y la remediaci\u00f3n que recibir\u00e1n las comunidades por los impactos ambientales, como los casos suscitados con Sinangoe o Chevron-Texaco.&nbsp;<\/p>\n\n\n\n<p>Dar\u00edo Herrera, ministro de Obras P\u00fablicas, apunt\u00f3 a cuatro acuerdos en las 13 tem\u00e1ticas que se plantearon en la mesa de Focalizaci\u00f3n de Subsidios. Entre los puntos en com\u00fan con las organizaciones sociales se propuso encontrar metodolog\u00edas para enfocar los subsidios a los combustibles a la poblaci\u00f3n m\u00e1s vulnerable y los sectores productivos del pa\u00eds.<\/p>\n\n\n\n<p>Por \u00faltimo, monse\u00f1or Luis Cabrera, presidente la Conferencia Episcopal Ecuatoriana, subray\u00f3 la importancia de haber conseguido un acuerdo de paz, tras los 18 d\u00edas de paralizaciones en junio de 2022. El sacerdote destac\u00f3 el esp\u00edritu respetuoso que se mantiene en los di\u00e1logos e invit\u00f3 a m\u00e1s actores sociales a plantear soluciones a los puntos en los que no se han llegado a consensos.&nbsp;<\/p>\n\n\n\n<p>Los representantes del Gobierno Nacional finalizaron su intervenci\u00f3n con una necesidad de continuar con el proceso de di\u00e1logo en democracia y fortalecer los acuerdos que ser\u00e1n en beneficio de los ecuatorianos.\u00a0 Fuente: El Tel\u00e9grafo<\/p>\n\n\n\n<figure class=\"wp-block-embed is-type-rich is-provider-twitter wp-block-embed-twitter\"><div class=\"wp-block-embed__wrapper\">\n<blockquote class=\"twitter-tweet\" data-width=\"550\" data-dnt=\"true\"><p lang=\"es\" dir=\"ltr\">Empieza por <a href=\"https:\/\/twitter.com\/EcuadorTV?ref_src=twsrc%5Etfw\">@EcuadorTV<\/a>, \u27a1\ufe0f <a href=\"https:\/\/twitter.com\/hashtag\/HablemosDelDi%C3%A1logo?src=hash&amp;ref_src=twsrc%5Etfw\">#HablemosDelDi\u00e1logo<\/a>, un espacio para abordar los temas alcanzados en las mesas t\u00e9cnicas entre el Gobierno y las organizaciones sociales.<br><br>Sigue, en vivo en el siguiente enlace:<a href=\"https:\/\/t.co\/0oIyzZXoCz\">https:\/\/t.co\/0oIyzZXoCz<\/a> <a href=\"https:\/\/t.co\/COnJ0DXP2I\">pic.twitter.com\/COnJ0DXP2I<\/a><\/p>&mdash; El Tel\u00e9grafo Ecuador (@el_telegrafo) <a href=\"https:\/\/twitter.com\/el_telegrafo\/status\/1568057006522507265?ref_src=twsrc%5Etfw\">September 9, 2022<\/a><\/blockquote><script async src=\"https:\/\/platform.twitter.com\/widgets.js\" charset=\"utf-8\"><\/script>\n<\/div><\/figure>\n","protected":false},"excerpt":{"rendered":"<p>A dos meses de que arrancaran las mesas de di\u00e1logo entre el Gobierno Nacional y los movimientos ind\u00edgenas, los representantes de las carteras p\u00fablicas destacaron los avances y consensos alcanzados para establecer acuerdos en beneficio de todos los ecuatorianos.&nbsp; La noche de este jueves 8 de septiembre de 2022, Ecuador TV realiz\u00f3 un panel para conocer los progresos durante la ejecuci\u00f3n de las mesas relacionadas a tem\u00e1ticas como&nbsp;Subsidios, Banca P\u00fablica y Privada, Fomento Productivo, Control de Precios y Recursos Naturales. Bernardo Manzano, ministro de Agricultura, se\u00f1al\u00f3 que en la mesa t\u00e9cnica de Fomento Productivo han existido cuatro puntos relacionados a acuerdos comerciales, regal\u00edas flor\u00edcolas, agricultura campesina y control de precios e intermediaci\u00f3n. El Ministro se\u00f1al\u00f3 que se integrar\u00e1n comisiones agr\u00edcolas para entablar las negociaciones por los Tratados de Libre Comercio. La idea es que los productos locales no se vean afectados y adem\u00e1s tengan presencia en mercados internacionales.&nbsp; Sobre los controles de precios, Manzano apunt\u00f3 a 13 productos agr\u00edcolas en los que se definir\u00e1 un valor establecido para su compra a los productores y su venta posterior en los mercados. Tambi\u00e9n se plantea un control a la intermediaci\u00f3n.&nbsp; \u00abEstamos buscando precios comunes tanto de los mayoristas como de los productores. De esta manera se ayuda al productor a conocer al productor c\u00f3mo est\u00e1 el mercado en los diferentes puntos del pa\u00eds para as\u00ed aceptar un precio. Queremos quitar de las cadenas al intermediario que hace que se distorcione y hace que gane menos el peque\u00f1o productor\u00bb, apunt\u00f3 Manzano.&nbsp; Ana Changu\u00edn, viceministra de Gobernabilidad, apunt\u00f3 al valor democr\u00e1tico que han tenido las mesas de di\u00e1logo y dijo que fruto de los acuerdos de paza firmados en junio se han logrado beneficios para los ecuatorianos como la condonaci\u00f3n de deudas de hasta USD 3 000 con Ban Ecuador y entrega de cr\u00e9ditos productivos al 1% de inter\u00e9s, a 30 a\u00f1os plazo.&nbsp; Por su parte, Gustavo Manrique, ministro de Ambiente, Agua y Transici\u00f3n Ecol\u00f3gica, destac\u00f3 que los avances en la mesa de Recursos Naturales han propiciado acuerdos como la derogatoria de nuevas actividades petroleras, la consulta previa con las comunidades en temas de extracci\u00f3n minera, la protecci\u00f3n de los recursos h\u00eddricos y la remediaci\u00f3n que recibir\u00e1n las comunidades por los impactos ambientales, como los casos suscitados con Sinangoe o Chevron-Texaco.&nbsp; Dar\u00edo Herrera, ministro de Obras P\u00fablicas, apunt\u00f3 a cuatro acuerdos en las 13 tem\u00e1ticas que se plantearon en la mesa de Focalizaci\u00f3n de Subsidios. Entre los puntos en com\u00fan con las organizaciones sociales se propuso encontrar metodolog\u00edas para enfocar los subsidios a los combustibles a la poblaci\u00f3n m\u00e1s vulnerable y los sectores productivos del pa\u00eds. Por \u00faltimo, monse\u00f1or Luis Cabrera, presidente la Conferencia Episcopal Ecuatoriana, subray\u00f3 la importancia de haber conseguido un acuerdo de paz, tras los 18 d\u00edas de paralizaciones en junio de 2022. El sacerdote destac\u00f3 el esp\u00edritu respetuoso que se mantiene en los di\u00e1logos e invit\u00f3 a m\u00e1s actores sociales a plantear soluciones a los puntos en los que no se han llegado a consensos.&nbsp; Los representantes del Gobierno Nacional finalizaron su intervenci\u00f3n con una necesidad de continuar con el proceso de di\u00e1logo en democracia y fortalecer los acuerdos que ser\u00e1n en beneficio de los ecuatorianos.\u00a0 Fuente: El Tel\u00e9grafo<\/p>\n","protected":false},"author":1,"featured_media":5775,"comment_status":"open","ping_status":"open","sticky":false,"template":"","format":"standard","meta":{"footnotes":""},"categories":[268],"tags":[],"class_list":["post-5774","post","type-post","status-publish","format-standard","has-post-thumbnail","hentry","category-nacionales"],"_links":{"self":[{"href":"https:\/\/www.elamazonico.com\/portal\/wp-json\/wp\/v2\/posts\/5774","targetHints":{"allow":["GET"]}}],"collection":[{"href":"https:\/\/www.elamazonico.com\/portal\/wp-json\/wp\/v2\/posts"}],"about":[{"href":"https:\/\/www.elamazonico.com\/portal\/wp-json\/wp\/v2\/types\/post"}],"author":[{"embeddable":true,"href":"https:\/\/www.elamazonico.com\/portal\/wp-json\/wp\/v2\/users\/1"}],"replies":[{"embeddable":true,"href":"https:\/\/www.elamazonico.com\/portal\/wp-json\/wp\/v2\/comments?post=5774"}],"version-history":[{"count":1,"href":"https:\/\/www.elamazonico.com\/portal\/wp-json\/wp\/v2\/posts\/5774\/revisions"}],"predecessor-version":[{"id":5776,"href":"https:\/\/www.elamazonico.com\/portal\/wp-json\/wp\/v2\/posts\/5774\/revisions\/5776"}],"wp:featuredmedia":[{"embeddable":true,"href":"https:\/\/www.elamazonico.com\/portal\/wp-json\/wp\/v2\/media\/5775"}],"wp:attachment":[{"href":"https:\/\/www.elamazonico.com\/portal\/wp-json\/wp\/v2\/media?parent=5774"}],"wp:term":[{"taxonomy":"category","embeddable":true,"href":"https:\/\/www.elamazonico.com\/portal\/wp-json\/wp\/v2\/categories?post=5774"},{"taxonomy":"post_tag","embeddable":true,"href":"https:\/\/www.elamazonico.com\/portal\/wp-json\/wp\/v2\/tags?post=5774"}],"curies":[{"name":"wp","href":"https:\/\/api.w.org\/{rel}","templated":true}]}}