{"id":5732,"date":"2022-09-06T15:43:37","date_gmt":"2022-09-06T20:43:37","guid":{"rendered":"https:\/\/www.elamazonico.com\/portal\/?p=5732"},"modified":"2022-09-06T15:44:05","modified_gmt":"2022-09-06T20:44:05","slug":"conaie-realizara-seguimientos-a-reportes-de-las-mesas-del-dialogo-con-el-gobierno","status":"publish","type":"post","link":"https:\/\/www.elamazonico.com\/portal\/conaie-realizara-seguimientos-a-reportes-de-las-mesas-del-dialogo-con-el-gobierno\/","title":{"rendered":"Conaie realizar\u00e1 seguimientos a reportes de las mesas del di\u00e1logo con el Gobierno"},"content":{"rendered":"\n<p>El titular de la Confederaci\u00f3n de Nacionalidades Ind\u00edgenas del Ecuador (Conaie), Leonidas Iza, lleg\u00f3 este martes 6 de septiembre de 2022 a la Conferencia Episcopal Ecuatoriana (CEE), norte de Quito, para sumarse a las mesas de di\u00e1logo.<\/p>\n\n\n\n<p>El dirigente indic\u00f3 que la tarde del pr\u00f3ximo viernes 9 de septiembre se conocer\u00e1 punto por punto c\u00f3mo quedan cada una de las mesas abiertas.<\/p>\n\n\n\n<p>El presidente de la Conaie indic\u00f3 que, para cumplir los acuerdos, cada mes debe elaborarse un reporte y el Gobierno se comprometi\u00f3 a presentar una metodolog\u00eda de ese seguimiento. Hasta el pr\u00f3ximo viernes se sabr\u00e1 en qu\u00e9 mesas hay resultados de los di\u00e1logos.<\/p>\n\n\n\n<p>\u201cHay preocupaci\u00f3n porque no hay resultados en las mesas, por no tener resultados. La mesa de coordinaci\u00f3n dir\u00e1 con honestidad en qu\u00e9 mesas hay resultados y en cu\u00e1les no\u201d, manifest\u00f3 Iza.<\/p>\n\n\n\n<p>Seg\u00fan el dirigente, desde el lunes se volver\u00e1n a instalar con una planificaci\u00f3n las mesas restantes: de Derechos colectivos, Justicia y Reparaci\u00f3n integral. Otros temas que tendr\u00e1n un cronograma diferente son las de Salud, Educaci\u00f3n superior y Derecho de los trabajadores. De esta forma, culminar\u00e1 el tiempo de 90 d\u00edas, que es el plazo para llegar a acuerdos.<\/p>\n\n\n\n<p><strong>Planteamientos de las organizaciones ind\u00edgenas<\/strong><\/p>\n\n\n\n<p>Iza considera que, a pesar de haber pasado m\u00e1s de 50 d\u00edas, y a\u00fan no hay respuestas claras. Por ejemplo, se\u00f1ala que para el control de precios los representantes piden priorizar a 44 productos, para lo cual no se requerir\u00eda un decreto, sino solo una tabla.<\/p>\n\n\n\n<p>\u201cPara esto se necesita una tabla acordada con los 44 productos para que la ciudadan\u00eda tambi\u00e9n pueda ayudar a controlar precios y no se especulen\u201d, sostiene Iza.<\/p>\n\n\n\n<p>El titular de la Conaie dijo que la dirigencia ind\u00edgena dar\u00e1 a conocer al Ecuador una decisi\u00f3n colectiva, luego de identificar c\u00f3mo terminan las mesas de di\u00e1logo. Cada mes deber\u00eda haber un reporte mensual para conocer en qu\u00e9 sectores se da seguimiento, dijo. El Comercio<\/p>\n","protected":false},"excerpt":{"rendered":"<p>El titular de la Confederaci\u00f3n de Nacionalidades Ind\u00edgenas del Ecuador (Conaie), Leonidas Iza, lleg\u00f3 este martes 6 de septiembre de 2022 a la Conferencia Episcopal Ecuatoriana (CEE), norte de Quito, para sumarse a las mesas de di\u00e1logo. El dirigente indic\u00f3 que la tarde del pr\u00f3ximo viernes 9 de septiembre se conocer\u00e1 punto por punto c\u00f3mo quedan cada una de las mesas abiertas. El presidente de la Conaie indic\u00f3 que, para cumplir los acuerdos, cada mes debe elaborarse un reporte y el Gobierno se comprometi\u00f3 a presentar una metodolog\u00eda de ese seguimiento. Hasta el pr\u00f3ximo viernes se sabr\u00e1 en qu\u00e9 mesas hay resultados de los di\u00e1logos. \u201cHay preocupaci\u00f3n porque no hay resultados en las mesas, por no tener resultados. La mesa de coordinaci\u00f3n dir\u00e1 con honestidad en qu\u00e9 mesas hay resultados y en cu\u00e1les no\u201d, manifest\u00f3 Iza. Seg\u00fan el dirigente, desde el lunes se volver\u00e1n a instalar con una planificaci\u00f3n las mesas restantes: de Derechos colectivos, Justicia y Reparaci\u00f3n integral. Otros temas que tendr\u00e1n un cronograma diferente son las de Salud, Educaci\u00f3n superior y Derecho de los trabajadores. De esta forma, culminar\u00e1 el tiempo de 90 d\u00edas, que es el plazo para llegar a acuerdos. Planteamientos de las organizaciones ind\u00edgenas Iza considera que, a pesar de haber pasado m\u00e1s de 50 d\u00edas, y a\u00fan no hay respuestas claras. Por ejemplo, se\u00f1ala que para el control de precios los representantes piden priorizar a 44 productos, para lo cual no se requerir\u00eda un decreto, sino solo una tabla. \u201cPara esto se necesita una tabla acordada con los 44 productos para que la ciudadan\u00eda tambi\u00e9n pueda ayudar a controlar precios y no se especulen\u201d, sostiene Iza. El titular de la Conaie dijo que la dirigencia ind\u00edgena dar\u00e1 a conocer al Ecuador una decisi\u00f3n colectiva, luego de identificar c\u00f3mo terminan las mesas de di\u00e1logo. Cada mes deber\u00eda haber un reporte mensual para conocer en qu\u00e9 sectores se da seguimiento, dijo. El Comercio<\/p>\n","protected":false},"author":1,"featured_media":5733,"comment_status":"open","ping_status":"open","sticky":false,"template":"","format":"standard","meta":{"footnotes":""},"categories":[268],"tags":[],"class_list":["post-5732","post","type-post","status-publish","format-standard","has-post-thumbnail","hentry","category-nacionales"],"_links":{"self":[{"href":"https:\/\/www.elamazonico.com\/portal\/wp-json\/wp\/v2\/posts\/5732","targetHints":{"allow":["GET"]}}],"collection":[{"href":"https:\/\/www.elamazonico.com\/portal\/wp-json\/wp\/v2\/posts"}],"about":[{"href":"https:\/\/www.elamazonico.com\/portal\/wp-json\/wp\/v2\/types\/post"}],"author":[{"embeddable":true,"href":"https:\/\/www.elamazonico.com\/portal\/wp-json\/wp\/v2\/users\/1"}],"replies":[{"embeddable":true,"href":"https:\/\/www.elamazonico.com\/portal\/wp-json\/wp\/v2\/comments?post=5732"}],"version-history":[{"count":1,"href":"https:\/\/www.elamazonico.com\/portal\/wp-json\/wp\/v2\/posts\/5732\/revisions"}],"predecessor-version":[{"id":5734,"href":"https:\/\/www.elamazonico.com\/portal\/wp-json\/wp\/v2\/posts\/5732\/revisions\/5734"}],"wp:featuredmedia":[{"embeddable":true,"href":"https:\/\/www.elamazonico.com\/portal\/wp-json\/wp\/v2\/media\/5733"}],"wp:attachment":[{"href":"https:\/\/www.elamazonico.com\/portal\/wp-json\/wp\/v2\/media?parent=5732"}],"wp:term":[{"taxonomy":"category","embeddable":true,"href":"https:\/\/www.elamazonico.com\/portal\/wp-json\/wp\/v2\/categories?post=5732"},{"taxonomy":"post_tag","embeddable":true,"href":"https:\/\/www.elamazonico.com\/portal\/wp-json\/wp\/v2\/tags?post=5732"}],"curies":[{"name":"wp","href":"https:\/\/api.w.org\/{rel}","templated":true}]}}