{"id":5729,"date":"2022-09-06T15:24:55","date_gmt":"2022-09-06T20:24:55","guid":{"rendered":"https:\/\/www.elamazonico.com\/portal\/?p=5729"},"modified":"2022-09-06T15:25:20","modified_gmt":"2022-09-06T20:25:20","slug":"unes-y-psc-votan-a-favor-de-reforma-que-permitiria-a-correa-y-glas-recuperar-pension-vitalicia","status":"publish","type":"post","link":"https:\/\/www.elamazonico.com\/portal\/unes-y-psc-votan-a-favor-de-reforma-que-permitiria-a-correa-y-glas-recuperar-pension-vitalicia\/","title":{"rendered":"UNES y PSC votan a favor de reforma que permitir\u00eda a Correa y Glas recuperar pensi\u00f3n vitalicia"},"content":{"rendered":"\n<p>Los\u00a0<strong>exmandatarios<\/strong>\u00a0que est\u00e9n sentenciados judicialmente no pueden cobrar su pensi\u00f3n vitalicia, dice la ley ecuatoriana actual, pero la Asamblea Nacional alista una\u00a0<strong>reforma legislativa<\/strong>\u00a0para cambiar eso.<\/p>\n\n\n\n<p>La reforma, que tiene el apoyo de los correistas del movimiento\u00a0<strong>UNES<\/strong>\u00a0y del Partido Social Cristiano (<strong>PSC<\/strong>), permitir\u00eda que mandatarios que tienen sentencia judicial puedan recibir de todas maneras su pensi\u00f3n vitalicia.<\/p>\n\n\n\n<p>Pierina Correa, asamble\u00edsta de Unes, defiende proyecto de ley para restituir pensi\u00f3n vitalicia a Rafael Correa. Aduce que los cargos en contra del expresidente por concusi\u00f3n se formularon despu\u00e9s de que dej\u00f3 el poder.<\/p>\n\n\n\n<p>Mientras que Ana Bel\u00e9n Cordero,&nbsp;<strong>asamble\u00edsta de Creo<\/strong>, rechaza proyecto de reforma a pensiones vitalicias a expresidentes y exvicepresidentes de la Rep\u00fablica. \u00abNo se puede devolver estos pagos a pr\u00f3fugos de la justicia\u00bb, se\u00f1ala<\/p>\n\n\n\n<h2 class=\"wp-block-heading\" id=\"h-reforma\">Reforma<\/h2>\n\n\n\n<p>Con esta reforma se beneficiar\u00eda a quienes perdieron ese beneficio como el expresidente&nbsp;<strong>Rafael Correa,<\/strong>&nbsp;pr\u00f3fugo de la justicia, y su exvicepresidente&nbsp;<strong>Jorge Glas<\/strong>, quien tienen tres sentencias en su contra por casos de corrupci\u00f3n y est\u00e1 en la c\u00e1rcel.<\/p>\n\n\n\n<p>Todo ha comenzado en la\u00a0<strong>Comisi\u00f3n de Derecho\u00a0<\/strong>al Trabajo de la Asamblea Nacional, donde se aprob\u00f3 el informe para segundo debate sobre las pensiones vitalicias.<\/p>\n\n\n\n<p>En esa comisi\u00f3n,\u00a0con los votos de tres integrantes del corre\u00edsmo\u00a0(UNES),\u00a0el del socialcristiano Luis Almeida y el de Eckenner Recalde, quien se desafili\u00f3 de la Izquierda Democr\u00e1tica (tras las denuncias de diezmos en su contra), se aprob\u00f3 el informe que beneficiar\u00eda a los exmandatarios sentenciados.<\/p>\n\n\n\n<h2 class=\"wp-block-heading\" id=\"h-analisis-y-rechazo\">An\u00e1lisis y rechazo<\/h2>\n\n\n\n<p>Varios analistas y asamble\u00edstas indicaron que la propuesta inicial era eliminar el beneficio de pensiones vitalicias para expresidentes y exvicepresidentes, pero en la Comisi\u00f3n de Derecho al Trabajo de la Asamblea los integrantes lo ampliaron y&nbsp;eliminaron un p\u00e1rrafo de la Ley que except\u00faa de la pensi\u00f3n a los mandatarios que \u201chayan sido sentenciados por delitos de peculado, cohecho, concusi\u00f3n, enriquecimiento il\u00edcito\u2026\u201d<\/p>\n\n\n\n<p>Adem\u00e1s la reforma propuesta se\u00f1ala que en el caso de los herederos de los exmandatarios, deber\u00e1n recibir una pensi\u00f3n aunque el mandatario haya cumplido m\u00e1s dos veces el cargo.<\/p>\n\n\n\n<p>Salvador Quishpe, asamble\u00edsta de Pachakutik, no estuvo de acuerdo con esa decisi\u00f3n. \u201cSe revive eso hoy con el prop\u00f3sito de beneficiar a los \u00faltimos expresidente y exvicepresidente\u201d.<\/p>\n\n\n\n<p>Correa y Glas perdieron la pensi\u00f3n vitalicia en 2020&nbsp;cuando fueron sentenciados por el delito de cohecho en el \u2018caso sobornos\u2019.<\/p>\n\n\n\n<p>La oficialista Rina Campain, presidenta de la Comisi\u00f3n de Derecho al Trabajo, dice que los corre\u00edstas \u201cquieren eliminar esta prohibici\u00f3n de la Ley para que ellos (Correa y Glas) tengan acceso nuevamente a estas pensiones vitalicias\u201d.<\/p>\n\n\n\n<p>Desde el corre\u00edsmo responden: \u201cnosotros\u00a0no estamos legislando en funci\u00f3n de una preferencia pol\u00edtica\u2026 muchas veces los mandatarios salen de sus funciones perseguidos pol\u00edticamente y no pueden acceder a otra actividad laboral\u201d,\u00a0asegur\u00f3 Johanna Ortiz. Fuente: El Tel\u00e9grafo<\/p>\n","protected":false},"excerpt":{"rendered":"<p>Los\u00a0exmandatarios\u00a0que est\u00e9n sentenciados judicialmente no pueden cobrar su pensi\u00f3n vitalicia, dice la ley ecuatoriana actual, pero la Asamblea Nacional alista una\u00a0reforma legislativa\u00a0para cambiar eso. La reforma, que tiene el apoyo de los correistas del movimiento\u00a0UNES\u00a0y del Partido Social Cristiano (PSC), permitir\u00eda que mandatarios que tienen sentencia judicial puedan recibir de todas maneras su pensi\u00f3n vitalicia. Pierina Correa, asamble\u00edsta de Unes, defiende proyecto de ley para restituir pensi\u00f3n vitalicia a Rafael Correa. Aduce que los cargos en contra del expresidente por concusi\u00f3n se formularon despu\u00e9s de que dej\u00f3 el poder. Mientras que Ana Bel\u00e9n Cordero,&nbsp;asamble\u00edsta de Creo, rechaza proyecto de reforma a pensiones vitalicias a expresidentes y exvicepresidentes de la Rep\u00fablica. \u00abNo se puede devolver estos pagos a pr\u00f3fugos de la justicia\u00bb, se\u00f1ala Reforma Con esta reforma se beneficiar\u00eda a quienes perdieron ese beneficio como el expresidente&nbsp;Rafael Correa,&nbsp;pr\u00f3fugo de la justicia, y su exvicepresidente&nbsp;Jorge Glas, quien tienen tres sentencias en su contra por casos de corrupci\u00f3n y est\u00e1 en la c\u00e1rcel. Todo ha comenzado en la\u00a0Comisi\u00f3n de Derecho\u00a0al Trabajo de la Asamblea Nacional, donde se aprob\u00f3 el informe para segundo debate sobre las pensiones vitalicias. En esa comisi\u00f3n,\u00a0con los votos de tres integrantes del corre\u00edsmo\u00a0(UNES),\u00a0el del socialcristiano Luis Almeida y el de Eckenner Recalde, quien se desafili\u00f3 de la Izquierda Democr\u00e1tica (tras las denuncias de diezmos en su contra), se aprob\u00f3 el informe que beneficiar\u00eda a los exmandatarios sentenciados. An\u00e1lisis y rechazo Varios analistas y asamble\u00edstas indicaron que la propuesta inicial era eliminar el beneficio de pensiones vitalicias para expresidentes y exvicepresidentes, pero en la Comisi\u00f3n de Derecho al Trabajo de la Asamblea los integrantes lo ampliaron y&nbsp;eliminaron un p\u00e1rrafo de la Ley que except\u00faa de la pensi\u00f3n a los mandatarios que \u201chayan sido sentenciados por delitos de peculado, cohecho, concusi\u00f3n, enriquecimiento il\u00edcito\u2026\u201d Adem\u00e1s la reforma propuesta se\u00f1ala que en el caso de los herederos de los exmandatarios, deber\u00e1n recibir una pensi\u00f3n aunque el mandatario haya cumplido m\u00e1s dos veces el cargo. Salvador Quishpe, asamble\u00edsta de Pachakutik, no estuvo de acuerdo con esa decisi\u00f3n. \u201cSe revive eso hoy con el prop\u00f3sito de beneficiar a los \u00faltimos expresidente y exvicepresidente\u201d. Correa y Glas perdieron la pensi\u00f3n vitalicia en 2020&nbsp;cuando fueron sentenciados por el delito de cohecho en el \u2018caso sobornos\u2019. La oficialista Rina Campain, presidenta de la Comisi\u00f3n de Derecho al Trabajo, dice que los corre\u00edstas \u201cquieren eliminar esta prohibici\u00f3n de la Ley para que ellos (Correa y Glas) tengan acceso nuevamente a estas pensiones vitalicias\u201d. Desde el corre\u00edsmo responden: \u201cnosotros\u00a0no estamos legislando en funci\u00f3n de una preferencia pol\u00edtica\u2026 muchas veces los mandatarios salen de sus funciones perseguidos pol\u00edticamente y no pueden acceder a otra actividad laboral\u201d,\u00a0asegur\u00f3 Johanna Ortiz. Fuente: El Tel\u00e9grafo<\/p>\n","protected":false},"author":1,"featured_media":5730,"comment_status":"open","ping_status":"open","sticky":false,"template":"","format":"standard","meta":{"footnotes":""},"categories":[268],"tags":[],"class_list":["post-5729","post","type-post","status-publish","format-standard","has-post-thumbnail","hentry","category-nacionales"],"_links":{"self":[{"href":"https:\/\/www.elamazonico.com\/portal\/wp-json\/wp\/v2\/posts\/5729","targetHints":{"allow":["GET"]}}],"collection":[{"href":"https:\/\/www.elamazonico.com\/portal\/wp-json\/wp\/v2\/posts"}],"about":[{"href":"https:\/\/www.elamazonico.com\/portal\/wp-json\/wp\/v2\/types\/post"}],"author":[{"embeddable":true,"href":"https:\/\/www.elamazonico.com\/portal\/wp-json\/wp\/v2\/users\/1"}],"replies":[{"embeddable":true,"href":"https:\/\/www.elamazonico.com\/portal\/wp-json\/wp\/v2\/comments?post=5729"}],"version-history":[{"count":1,"href":"https:\/\/www.elamazonico.com\/portal\/wp-json\/wp\/v2\/posts\/5729\/revisions"}],"predecessor-version":[{"id":5731,"href":"https:\/\/www.elamazonico.com\/portal\/wp-json\/wp\/v2\/posts\/5729\/revisions\/5731"}],"wp:featuredmedia":[{"embeddable":true,"href":"https:\/\/www.elamazonico.com\/portal\/wp-json\/wp\/v2\/media\/5730"}],"wp:attachment":[{"href":"https:\/\/www.elamazonico.com\/portal\/wp-json\/wp\/v2\/media?parent=5729"}],"wp:term":[{"taxonomy":"category","embeddable":true,"href":"https:\/\/www.elamazonico.com\/portal\/wp-json\/wp\/v2\/categories?post=5729"},{"taxonomy":"post_tag","embeddable":true,"href":"https:\/\/www.elamazonico.com\/portal\/wp-json\/wp\/v2\/tags?post=5729"}],"curies":[{"name":"wp","href":"https:\/\/api.w.org\/{rel}","templated":true}]}}