{"id":5726,"date":"2022-09-06T10:15:32","date_gmt":"2022-09-06T15:15:32","guid":{"rendered":"https:\/\/www.elamazonico.com\/portal\/?p=5726"},"modified":"2022-09-06T10:16:32","modified_gmt":"2022-09-06T15:16:32","slug":"estoy-aprendiendo-a-disparar-no-me-cogeran-desprevenido","status":"publish","type":"post","link":"https:\/\/www.elamazonico.com\/portal\/estoy-aprendiendo-a-disparar-no-me-cogeran-desprevenido\/","title":{"rendered":"&#8216;Estoy aprendiendo a disparar, no me coger\u00e1n desprevenido&#8217;"},"content":{"rendered":"\n<p>Fernando Villavicencio, asamble\u00edsta independiente, a prop\u00f3sito del atentado criminal sufrido el fin de semana \u00faltimo en su domicilio, relat\u00f3 que seg\u00fan el parte policial se\u00f1ala que pasadas las 22:00 se escucharon detonaciones en la calle Jos\u00e9 Carbo, a una cuadra y media de un UPC, los mismos que fueron escuchados por la polic\u00eda y mi esposa, que en ese momento manten\u00eda una reuni\u00f3n familiar.<\/p>\n\n\n\n<p>Se hallaron cuatro casquillos de bala. Fueron disparos al aire, no hay impacto en las paredes. Previo a los disparos se observan en las c\u00e1maras del sector tres veh\u00edculos: uno blanco, luego aparece una motocicleta y posteriormente una camioneta 4&#215;4.<\/p>\n\n\n\n<p>Dijo que su familia est\u00e1 muy golpeada, y record\u00f3 que este no es el primer atentado.<\/p>\n\n\n\n<p>\u201cYo no tengo otros enemigos que los que aparecen en mis investigaciones\u201d, sentenci\u00f3.<\/p>\n\n\n\n<p>Consultado por qu\u00e9 se\u00f1ala al corre\u00edsmo, dijo que un d\u00eda antes de este cobarde ataque la bancada de Unes, en el Pleno de la Asamblea Nacional durante el juicio pol\u00edtico, tuvo acciones violentas, en particular el asamble\u00edsta Ronny Aleaga. Son m\u00e1s de 5 o 6 ataques en el Pleno. Dijo que hay evidencia directas y circunstanciales.<\/p>\n\n\n\n<p>El legislador atribuye los ataques a la publicaci\u00f3n de la foto de la piscina en Miami, en donde se lo ve a Ronny Aleaga y Xavier Jodr\u00e1n.<\/p>\n\n\n\n<p>Villavicencio dijo que el Gobierno ha redoblado su seguridad personal, y que est\u00e1 aprendiendo a disparar, porque a \u00e9l no lo volver\u00e1n a coger desprevenido. Sonorama\/jtr POR: Ecuador en vivo<\/p>\n","protected":false},"excerpt":{"rendered":"<p>Fernando Villavicencio, asamble\u00edsta independiente, a prop\u00f3sito del atentado criminal sufrido el fin de semana \u00faltimo en su domicilio, relat\u00f3 que seg\u00fan el parte policial se\u00f1ala que pasadas las 22:00 se escucharon detonaciones en la calle Jos\u00e9 Carbo, a una cuadra y media de un UPC, los mismos que fueron escuchados por la polic\u00eda y mi esposa, que en ese momento manten\u00eda una reuni\u00f3n familiar. Se hallaron cuatro casquillos de bala. Fueron disparos al aire, no hay impacto en las paredes. Previo a los disparos se observan en las c\u00e1maras del sector tres veh\u00edculos: uno blanco, luego aparece una motocicleta y posteriormente una camioneta 4&#215;4. Dijo que su familia est\u00e1 muy golpeada, y record\u00f3 que este no es el primer atentado. \u201cYo no tengo otros enemigos que los que aparecen en mis investigaciones\u201d, sentenci\u00f3. Consultado por qu\u00e9 se\u00f1ala al corre\u00edsmo, dijo que un d\u00eda antes de este cobarde ataque la bancada de Unes, en el Pleno de la Asamblea Nacional durante el juicio pol\u00edtico, tuvo acciones violentas, en particular el asamble\u00edsta Ronny Aleaga. Son m\u00e1s de 5 o 6 ataques en el Pleno. Dijo que hay evidencia directas y circunstanciales. El legislador atribuye los ataques a la publicaci\u00f3n de la foto de la piscina en Miami, en donde se lo ve a Ronny Aleaga y Xavier Jodr\u00e1n. Villavicencio dijo que el Gobierno ha redoblado su seguridad personal, y que est\u00e1 aprendiendo a disparar, porque a \u00e9l no lo volver\u00e1n a coger desprevenido. Sonorama\/jtr POR: Ecuador en vivo<\/p>\n","protected":false},"author":1,"featured_media":5727,"comment_status":"open","ping_status":"open","sticky":false,"template":"","format":"standard","meta":{"footnotes":""},"categories":[268],"tags":[],"class_list":["post-5726","post","type-post","status-publish","format-standard","has-post-thumbnail","hentry","category-nacionales"],"_links":{"self":[{"href":"https:\/\/www.elamazonico.com\/portal\/wp-json\/wp\/v2\/posts\/5726","targetHints":{"allow":["GET"]}}],"collection":[{"href":"https:\/\/www.elamazonico.com\/portal\/wp-json\/wp\/v2\/posts"}],"about":[{"href":"https:\/\/www.elamazonico.com\/portal\/wp-json\/wp\/v2\/types\/post"}],"author":[{"embeddable":true,"href":"https:\/\/www.elamazonico.com\/portal\/wp-json\/wp\/v2\/users\/1"}],"replies":[{"embeddable":true,"href":"https:\/\/www.elamazonico.com\/portal\/wp-json\/wp\/v2\/comments?post=5726"}],"version-history":[{"count":1,"href":"https:\/\/www.elamazonico.com\/portal\/wp-json\/wp\/v2\/posts\/5726\/revisions"}],"predecessor-version":[{"id":5728,"href":"https:\/\/www.elamazonico.com\/portal\/wp-json\/wp\/v2\/posts\/5726\/revisions\/5728"}],"wp:featuredmedia":[{"embeddable":true,"href":"https:\/\/www.elamazonico.com\/portal\/wp-json\/wp\/v2\/media\/5727"}],"wp:attachment":[{"href":"https:\/\/www.elamazonico.com\/portal\/wp-json\/wp\/v2\/media?parent=5726"}],"wp:term":[{"taxonomy":"category","embeddable":true,"href":"https:\/\/www.elamazonico.com\/portal\/wp-json\/wp\/v2\/categories?post=5726"},{"taxonomy":"post_tag","embeddable":true,"href":"https:\/\/www.elamazonico.com\/portal\/wp-json\/wp\/v2\/tags?post=5726"}],"curies":[{"name":"wp","href":"https:\/\/api.w.org\/{rel}","templated":true}]}}