{"id":5720,"date":"2022-09-06T06:06:02","date_gmt":"2022-09-06T11:06:02","guid":{"rendered":"https:\/\/www.elamazonico.com\/portal\/?p=5720"},"modified":"2022-09-06T06:06:36","modified_gmt":"2022-09-06T11:06:36","slug":"se-desarrollo-con-exito-la-tercera-edicion-tedxutpl-tendencias-2022","status":"publish","type":"post","link":"https:\/\/www.elamazonico.com\/portal\/se-desarrollo-con-exito-la-tercera-edicion-tedxutpl-tendencias-2022\/","title":{"rendered":"Se desarroll\u00f3 con \u00e9xito la tercera edici\u00f3n TEDxUTPL \u201cTendencias 2022\u201d"},"content":{"rendered":"\n<p>Nueve speakers compartieron sus inspiradoras historias a la comunidad lojana, con temas alineados con las Ciencias Sociales, Humanidades, Tecnolog\u00eda, entre otros.<\/p>\n\n\n\n<p>En las instalaciones del Teatro Nacional Benjam\u00edn Carri\u00f3n Mora, y ante la masiva presencia de asistentes, la Universidad T\u00e9cnica Particular de Loja (UTPL) llev\u00f3 a cabo la tercera edici\u00f3n del evento TEDx (Tecnolog\u00eda, Entretenimiento y Dise\u00f1o), un espacio que promueve la transferencia de conocimientos y saberes a trav\u00e9s de breves charlas inspiradoras, educativas, entretenidas y gratuitas, que permiten darle voz a todas las personas que tienen grandes ideas, proyectos, emprendimientos, testimonios y otras experiencias de vida que valen la pena ser contadas.<\/p>\n\n\n\n<p>Con el prop\u00f3sito de que la ciudadan\u00eda lojana conozca esta revolucionaria forma de dictar charlas, en 2018, la UTPL obtuvo la licencia internacional para organizar la primera edici\u00f3n de TEDxUTPL con la intervenci\u00f3n de expositores relevantes a nivel local, nacional e internacional. La segunda edici\u00f3n lleg\u00f3 en el 2019; sin embargo, por condiciones de pandemia, el evento acad\u00e9mico no se desarroll\u00f3 en los dos a\u00f1os posteriores. Es as\u00ed que, la universidad, desde su visi\u00f3n human\u00edstica e innovadora, retom\u00f3 este 2022 las conferencias bajo el lema \u2018Decide Ser M\u00e1s &#8211; Tendencias 2022\u2019, con el fin de seguir inspirando y contagiando a la poblaci\u00f3n con un esp\u00edritu positivo alineado a la trascendencia humana ante el mundo.<\/p>\n\n\n\n<p>Jorge Luis Jaramillo, director de la Unidad T\u00e9cnica Tecnol\u00f3gica (UTPL-TEC), indic\u00f3 que como universidad es importante ayudar a los estudiantes a descubrirse como seres humanos, por lo que el TEDxUTPL se convierte en una plataforma para compartir experiencias y conocer las historias de otras personas \u201cLo fundamental es dar la oportunidad a estudiantes y ciudadan\u00eda en general para que puedan describirse en esta narrativa, y, con base a sus vivencias, ayudar a construir una sociedad diferente\u201d, destac\u00f3.<\/p>\n\n\n\n<p>En esta renovada edici\u00f3n TEDxUTPL se abordaron nueve charlas pensadas desde las \u00e1reas de: Ciencias sociales, Humanidades, Tecnolog\u00eda, Econom\u00eda, Marketing, Sostenibilidad, y Arte y Entretenimiento. Dichas tendencias estuvieron en las manos de los speakers invitados: Mar\u00eda Bel\u00e9n Ruales, Diego Apolo, David Granda, Mar\u00eda Paula Coronel, Leticia Tinoco, Bruno Valarezo, Carla Barboto, Cristina D\u00edaz y Erick Fernando Quituizaca.<\/p>\n\n\n\n<p>A nivel nacional, TEDx se ha desarrollado en varias ciudades como Quito, Guayaquil y Cuenca. En Loja, la UTPL es la \u00fanica universidad que cuenta con la licencia para llevar a cabo esta actividad, lo que ha permitido que la instituci\u00f3n realice una contribuci\u00f3n sustancial a la misi\u00f3n de \u201cdifundir ideas a lo largo del mundo\u201d.<\/p>\n\n\n\n<p>Leticia Tinoco, docente universitaria y locutora profesional, manifest\u00f3 que TEDxUTPL le abri\u00f3 la posibilidad de contar su historia para alentar a quienes se sienten desmotivados. Enfatiz\u00f3 que luego de vivir dos a\u00f1os de pandemia, este tipo de eventos se convierten en un motivo para socializar y despertar emociones tan importantes como la sensibilizaci\u00f3n y empat\u00eda. Adem\u00e1s, invit\u00f3 a la ciudadan\u00eda a que se sume a estas actividades y a no desistir de los sue\u00f1os.<\/p>\n\n\n\n<p>Para Erick Fernando Quituizaca, fot\u00f3grafo profesional, participar como speaker le deja una experiencia incre\u00edble que, adem\u00e1s, le permiti\u00f3 vencer sus miedos. \u201cEsto marca un antes y un despu\u00e9s en mi carrera profesional y como persona, ya que fue gratificante el haber compartido mis vivencias. Me siento muy contento porque muchas personas me han felicitado y se han motivado con mis experiencias\u201d, finaliz\u00f3.<\/p>\n\n\n\n<p>De esta manera, la UTPL ratifica su inter\u00e9s por motivar los espacios de transferencia de conocimientos, para as\u00ed aportar a la consolidaci\u00f3n de sociedades m\u00e1s comprometidas, emprendedoras e inspiradoras.<\/p>\n\n\n\n<p><strong>DATO<\/strong><\/p>\n\n\n\n<p>M\u00e1s de 100 estudiantes UTPL participaron en la organizaci\u00f3n del TEDx.<\/p>\n","protected":false},"excerpt":{"rendered":"<p>Nueve speakers compartieron sus inspiradoras historias a la comunidad lojana, con temas alineados con las Ciencias Sociales, Humanidades, Tecnolog\u00eda, entre otros. En las instalaciones del Teatro Nacional Benjam\u00edn Carri\u00f3n Mora, y ante la masiva presencia de asistentes, la Universidad T\u00e9cnica Particular de Loja (UTPL) llev\u00f3 a cabo la tercera edici\u00f3n del evento TEDx (Tecnolog\u00eda, Entretenimiento y Dise\u00f1o), un espacio que promueve la transferencia de conocimientos y saberes a trav\u00e9s de breves charlas inspiradoras, educativas, entretenidas y gratuitas, que permiten darle voz a todas las personas que tienen grandes ideas, proyectos, emprendimientos, testimonios y otras experiencias de vida que valen la pena ser contadas. Con el prop\u00f3sito de que la ciudadan\u00eda lojana conozca esta revolucionaria forma de dictar charlas, en 2018, la UTPL obtuvo la licencia internacional para organizar la primera edici\u00f3n de TEDxUTPL con la intervenci\u00f3n de expositores relevantes a nivel local, nacional e internacional. La segunda edici\u00f3n lleg\u00f3 en el 2019; sin embargo, por condiciones de pandemia, el evento acad\u00e9mico no se desarroll\u00f3 en los dos a\u00f1os posteriores. Es as\u00ed que, la universidad, desde su visi\u00f3n human\u00edstica e innovadora, retom\u00f3 este 2022 las conferencias bajo el lema \u2018Decide Ser M\u00e1s &#8211; Tendencias 2022\u2019, con el fin de seguir inspirando y contagiando a la poblaci\u00f3n con un esp\u00edritu positivo alineado a la trascendencia humana ante el mundo. Jorge Luis Jaramillo, director de la Unidad T\u00e9cnica Tecnol\u00f3gica (UTPL-TEC), indic\u00f3 que como universidad es importante ayudar a los estudiantes a descubrirse como seres humanos, por lo que el TEDxUTPL se convierte en una plataforma para compartir experiencias y conocer las historias de otras personas \u201cLo fundamental es dar la oportunidad a estudiantes y ciudadan\u00eda en general para que puedan describirse en esta narrativa, y, con base a sus vivencias, ayudar a construir una sociedad diferente\u201d, destac\u00f3. En esta renovada edici\u00f3n TEDxUTPL se abordaron nueve charlas pensadas desde las \u00e1reas de: Ciencias sociales, Humanidades, Tecnolog\u00eda, Econom\u00eda, Marketing, Sostenibilidad, y Arte y Entretenimiento. Dichas tendencias estuvieron en las manos de los speakers invitados: Mar\u00eda Bel\u00e9n Ruales, Diego Apolo, David Granda, Mar\u00eda Paula Coronel, Leticia Tinoco, Bruno Valarezo, Carla Barboto, Cristina D\u00edaz y Erick Fernando Quituizaca. A nivel nacional, TEDx se ha desarrollado en varias ciudades como Quito, Guayaquil y Cuenca. En Loja, la UTPL es la \u00fanica universidad que cuenta con la licencia para llevar a cabo esta actividad, lo que ha permitido que la instituci\u00f3n realice una contribuci\u00f3n sustancial a la misi\u00f3n de \u201cdifundir ideas a lo largo del mundo\u201d. Leticia Tinoco, docente universitaria y locutora profesional, manifest\u00f3 que TEDxUTPL le abri\u00f3 la posibilidad de contar su historia para alentar a quienes se sienten desmotivados. Enfatiz\u00f3 que luego de vivir dos a\u00f1os de pandemia, este tipo de eventos se convierten en un motivo para socializar y despertar emociones tan importantes como la sensibilizaci\u00f3n y empat\u00eda. Adem\u00e1s, invit\u00f3 a la ciudadan\u00eda a que se sume a estas actividades y a no desistir de los sue\u00f1os. Para Erick Fernando Quituizaca, fot\u00f3grafo profesional, participar como speaker le deja una experiencia incre\u00edble que, adem\u00e1s, le permiti\u00f3 vencer sus miedos. \u201cEsto marca un antes y un despu\u00e9s en mi carrera profesional y como persona, ya que fue gratificante el haber compartido mis vivencias. Me siento muy contento porque muchas personas me han felicitado y se han motivado con mis experiencias\u201d, finaliz\u00f3. De esta manera, la UTPL ratifica su inter\u00e9s por motivar los espacios de transferencia de conocimientos, para as\u00ed aportar a la consolidaci\u00f3n de sociedades m\u00e1s comprometidas, emprendedoras e inspiradoras. DATO M\u00e1s de 100 estudiantes UTPL participaron en la organizaci\u00f3n del TEDx.<\/p>\n","protected":false},"author":1,"featured_media":5721,"comment_status":"open","ping_status":"open","sticky":false,"template":"","format":"standard","meta":{"footnotes":""},"categories":[268],"tags":[],"class_list":["post-5720","post","type-post","status-publish","format-standard","has-post-thumbnail","hentry","category-nacionales"],"_links":{"self":[{"href":"https:\/\/www.elamazonico.com\/portal\/wp-json\/wp\/v2\/posts\/5720","targetHints":{"allow":["GET"]}}],"collection":[{"href":"https:\/\/www.elamazonico.com\/portal\/wp-json\/wp\/v2\/posts"}],"about":[{"href":"https:\/\/www.elamazonico.com\/portal\/wp-json\/wp\/v2\/types\/post"}],"author":[{"embeddable":true,"href":"https:\/\/www.elamazonico.com\/portal\/wp-json\/wp\/v2\/users\/1"}],"replies":[{"embeddable":true,"href":"https:\/\/www.elamazonico.com\/portal\/wp-json\/wp\/v2\/comments?post=5720"}],"version-history":[{"count":1,"href":"https:\/\/www.elamazonico.com\/portal\/wp-json\/wp\/v2\/posts\/5720\/revisions"}],"predecessor-version":[{"id":5722,"href":"https:\/\/www.elamazonico.com\/portal\/wp-json\/wp\/v2\/posts\/5720\/revisions\/5722"}],"wp:featuredmedia":[{"embeddable":true,"href":"https:\/\/www.elamazonico.com\/portal\/wp-json\/wp\/v2\/media\/5721"}],"wp:attachment":[{"href":"https:\/\/www.elamazonico.com\/portal\/wp-json\/wp\/v2\/media?parent=5720"}],"wp:term":[{"taxonomy":"category","embeddable":true,"href":"https:\/\/www.elamazonico.com\/portal\/wp-json\/wp\/v2\/categories?post=5720"},{"taxonomy":"post_tag","embeddable":true,"href":"https:\/\/www.elamazonico.com\/portal\/wp-json\/wp\/v2\/tags?post=5720"}],"curies":[{"name":"wp","href":"https:\/\/api.w.org\/{rel}","templated":true}]}}