{"id":5711,"date":"2022-09-06T05:56:22","date_gmt":"2022-09-06T10:56:22","guid":{"rendered":"https:\/\/www.elamazonico.com\/portal\/?p=5711"},"modified":"2022-09-06T05:56:43","modified_gmt":"2022-09-06T10:56:43","slug":"este-jueves-se-podria-reconsiderar-la-votacion-de-juicio-politico-a-la-judicatura","status":"publish","type":"post","link":"https:\/\/www.elamazonico.com\/portal\/este-jueves-se-podria-reconsiderar-la-votacion-de-juicio-politico-a-la-judicatura\/","title":{"rendered":"Este jueves, se podr\u00eda reconsiderar la votaci\u00f3n de juicio pol\u00edtico a la Judicatura\u00a0"},"content":{"rendered":"\n<p>El jueves 8 de septiembre, se instalar\u00e1 la sesi\u00f3n del Pleno de la Asamblea Nacional, con un pendiente: la reconsideraci\u00f3n de la votaci\u00f3n sobre el juicio pol\u00edtico contra los vocales del Consejo de la Judicatura.<\/p>\n\n\n\n<p>El presidente del Legislativo, Virgilio Saquicela, confirm\u00f3 que esta semana cumplir\u00e1 con las dos sesiones previstas. La una prevista para este jueves 8 de septiembre y la otra para el domingo 11 por el D\u00eda de la Rep\u00fablica, en Riobamba. \u201cCon ello, hay dos sesiones y vamos a cumplir con lo que se ten\u00eda planificado\u201d, afirm\u00f3.<\/p>\n\n\n\n<p>Sobre la reconsideraci\u00f3n a la votaci\u00f3n del juicio pol\u00edtico, Saquicela dijo que \u201cno existe una camisa de fuerza\u201d y cualquier legislador podr\u00e1 solicitarlo.<\/p>\n\n\n\n<p>La oficialista bancada por el Acuerdo Nacional (BAN) reclam\u00f3 en un comunicado por no convocar a una sesi\u00f3n para este martes, alegando que se buscan los votos para la censura y destituci\u00f3n.<\/p>\n\n\n\n<p>\u201cEstamos en el juego democr\u00e1tico y parlar en el marco legal es leg\u00edtimo. El Pleno ya tuvo un resultado y, en caso de que exista una reconsideraci\u00f3n, el Pleno deber\u00e1 pronunciarse\u201d, afirm\u00f3 Saquicela.<\/p>\n","protected":false},"excerpt":{"rendered":"<p>El jueves 8 de septiembre, se instalar\u00e1 la sesi\u00f3n del Pleno de la Asamblea Nacional, con un pendiente: la reconsideraci\u00f3n de la votaci\u00f3n sobre el juicio pol\u00edtico contra los vocales del Consejo de la Judicatura. El presidente del Legislativo, Virgilio Saquicela, confirm\u00f3 que esta semana cumplir\u00e1 con las dos sesiones previstas. La una prevista para este jueves 8 de septiembre y la otra para el domingo 11 por el D\u00eda de la Rep\u00fablica, en Riobamba. \u201cCon ello, hay dos sesiones y vamos a cumplir con lo que se ten\u00eda planificado\u201d, afirm\u00f3. Sobre la reconsideraci\u00f3n a la votaci\u00f3n del juicio pol\u00edtico, Saquicela dijo que \u201cno existe una camisa de fuerza\u201d y cualquier legislador podr\u00e1 solicitarlo. La oficialista bancada por el Acuerdo Nacional (BAN) reclam\u00f3 en un comunicado por no convocar a una sesi\u00f3n para este martes, alegando que se buscan los votos para la censura y destituci\u00f3n. \u201cEstamos en el juego democr\u00e1tico y parlar en el marco legal es leg\u00edtimo. El Pleno ya tuvo un resultado y, en caso de que exista una reconsideraci\u00f3n, el Pleno deber\u00e1 pronunciarse\u201d, afirm\u00f3 Saquicela.<\/p>\n","protected":false},"author":1,"featured_media":5712,"comment_status":"open","ping_status":"open","sticky":false,"template":"","format":"standard","meta":{"footnotes":""},"categories":[268],"tags":[],"class_list":["post-5711","post","type-post","status-publish","format-standard","has-post-thumbnail","hentry","category-nacionales"],"_links":{"self":[{"href":"https:\/\/www.elamazonico.com\/portal\/wp-json\/wp\/v2\/posts\/5711","targetHints":{"allow":["GET"]}}],"collection":[{"href":"https:\/\/www.elamazonico.com\/portal\/wp-json\/wp\/v2\/posts"}],"about":[{"href":"https:\/\/www.elamazonico.com\/portal\/wp-json\/wp\/v2\/types\/post"}],"author":[{"embeddable":true,"href":"https:\/\/www.elamazonico.com\/portal\/wp-json\/wp\/v2\/users\/1"}],"replies":[{"embeddable":true,"href":"https:\/\/www.elamazonico.com\/portal\/wp-json\/wp\/v2\/comments?post=5711"}],"version-history":[{"count":1,"href":"https:\/\/www.elamazonico.com\/portal\/wp-json\/wp\/v2\/posts\/5711\/revisions"}],"predecessor-version":[{"id":5713,"href":"https:\/\/www.elamazonico.com\/portal\/wp-json\/wp\/v2\/posts\/5711\/revisions\/5713"}],"wp:featuredmedia":[{"embeddable":true,"href":"https:\/\/www.elamazonico.com\/portal\/wp-json\/wp\/v2\/media\/5712"}],"wp:attachment":[{"href":"https:\/\/www.elamazonico.com\/portal\/wp-json\/wp\/v2\/media?parent=5711"}],"wp:term":[{"taxonomy":"category","embeddable":true,"href":"https:\/\/www.elamazonico.com\/portal\/wp-json\/wp\/v2\/categories?post=5711"},{"taxonomy":"post_tag","embeddable":true,"href":"https:\/\/www.elamazonico.com\/portal\/wp-json\/wp\/v2\/tags?post=5711"}],"curies":[{"name":"wp","href":"https:\/\/api.w.org\/{rel}","templated":true}]}}